{"id":15484,"date":"2019-11-13T01:08:42","date_gmt":"2019-11-13T01:08:42","guid":{"rendered":"https:\/\/www.lifescienceart.com\/?p=15484"},"modified":"2019-11-13T01:08:42","modified_gmt":"2019-11-13T01:08:42","slug":"permafrost-melting-climate-change-consequences","status":"publish","type":"post","link":"https:\/\/www.lifescienceart.com\/hu\/science\/climate-science\/permafrost-melting-climate-change-consequences\/","title":{"rendered":"Az \u00f6r\u00f6k fagy olvad\u00e1sa: vesz\u00e9lyben a fagyott alap"},"content":{"rendered":"<h2 class=\"wp-block-heading\">Permafroszt: Vesz\u00e9lyeztetett fagyott alap<\/h2>\n\n<h2 class=\"wp-block-heading\">A permafroszt meg\u00e9rt\u00e9se<\/h2>\n\n<p>A permafroszt, a tart\u00f3san fagyott talajr\u00e9teg, az \u00e9szaki-sarki, a szubarktikus \u00e9s m\u00e9g a hegyvid\u00e9ki ter\u00fcletek elszigetelt zsebeiben is megtal\u00e1lhat\u00f3 a vil\u00e1g minden t\u00e1j\u00e1n. Egyedi \u00f6kosziszt\u00e9m\u00e1kat, \u00edgy erd\u0151ket, tundr\u00e1kat \u00e9s vizes \u00e9l\u0151helyeket tart fenn. A permafrosztnak a glob\u00e1lis sz\u00e9nk\u00f6rforg\u00e1sban is fontos szerepe van.<\/p>\n\n<h2 class=\"wp-block-heading\">Olvad\u00f3 permafroszt: A kl\u00edmav\u00e1ltoz\u00e1s jele<\/h2>\n\n<p>Az \u00e9ghajlatv\u00e1ltoz\u00e1s miatt emelked\u0151 h\u0151m\u00e9rs\u00e9kletek a permafroszt olvad\u00e1s\u00e1hoz vezetnek. Ez az olvad\u00e1s k\u00fcl\u00f6n\u00f6sen Alaszk\u00e1ban szembet\u0171n\u0151, ahol a tud\u00f3sok a permafroszt szezon\u00e1lisan olvad\u00f3 fels\u0151 r\u00e9sz\u00e9nek, az akt\u00edv r\u00e9tegnek a jelent\u0151s felmeleged\u00e9s\u00e9t tapasztalt\u00e1k.<\/p>\n\n<h2 class=\"wp-block-heading\">A permafroszt olvad\u00e1s\u00e1nak k\u00f6vetkezm\u00e9nyei<\/h2>\n\n<p>A permafroszt olvad\u00e1s\u00e1nak messzehat\u00f3 k\u00f6vetkezm\u00e9nyei vannak mind a k\u00f6rnyezetre, mind az emberi infrastrukt\u00far\u00e1ra.<\/p>\n\n<ul class=\"wp-block-list\">\n<li><strong>T\u00e1jk\u00e9p \u00e1talakul\u00e1s:<\/strong> A permafroszt olvad\u00e1sa termokarst kialakul\u00e1s\u00e1hoz vezethet, egy olyan t\u00e1jk\u00e9phez, amelyet g\u00f6dr\u00f6k, tavak \u00e9s bes\u00fcppedt talaj jellemez. Ez az \u00e1talakul\u00e1s megzavarja az \u00f6kosziszt\u00e9m\u00e1kat, \u00e9s k\u00e1ros\u00edthatja az utakat \u00e9s az \u00e9p\u00fcleteket.<\/li>\n<li><strong>Sz\u00e9n-kibocs\u00e1t\u00e1s:<\/strong> A permafroszt hatalmas mennyis\u00e9g\u0171 szerves anyagot tartalmaz, amely CO2 \u00e9s met\u00e1n form\u00e1j\u00e1ban szabadul fel, amikor a talaj felolvad. Ez a kibocs\u00e1t\u00e1s s\u00falyosb\u00edtja a kl\u00edmav\u00e1ltoz\u00e1st, \u00e9s hozz\u00e1j\u00e1rul a l\u00e9gk\u00f6ri meleged\u00e9shez.<\/li>\n<li><strong>Infrastrukt\u00fara k\u00e1rosod\u00e1sa:<\/strong> A permafroszt olvad\u00e1sa destabiliz\u00e1lhatja a talajt, ami \u00e9p\u00fcletek, utak \u00e9s egy\u00e9b infrastrukt\u00fara els\u00fcllyed\u00e9s\u00e9hez vagy \u00f6sszeoml\u00e1s\u00e1hoz vezethet. Ezen k\u00e1rok helyre\u00e1ll\u00edt\u00e1sa k\u00f6lts\u00e9ges lehet, \u00e9s megzavarhatja a k\u00f6z\u00f6ss\u00e9geket.<\/li>\n<\/ul>\n\n<h2 class=\"wp-block-heading\">Permafroszt szakaszos ter\u00fcleteken<\/h2>\n\n<p>A szakaszos permafroszt\u00fa ter\u00fcleteken, ahol a talaj csak r\u00e9szben fagyott, a permafroszt olvad\u00e1sa az erd\u0151k \u00f6sszeoml\u00e1s\u00e1hoz \u00e9s vizes \u00e9l\u0151helyek megjelen\u00e9s\u00e9hez vezethet. B\u00e1r a vizes \u00e9l\u0151helyek is k\u00e9pesek sz\u00e9n megk\u00f6t\u00e9s\u00e9re, a sz\u00e9nm\u00e9rlegre gyakorolt \u00e1ltal\u00e1nos hat\u00e1s bizonytalan.<\/p>\n\n<h2 class=\"wp-block-heading\">A t\u0151zeg \u00e9s a moha szerepe<\/h2>\n\n<p>A t\u0151zeg \u00e9s a moha l\u00e9tfontoss\u00e1g\u00fa szerepet j\u00e1tszik a permafroszt elszigetel\u00e9s\u00e9ben a nap h\u0151j\u00e9t\u0151l. Ugyanakkor amikor ezeket a szigetel\u0151 r\u00e9tegeket megzavarj\u00e1k vagy elt\u00e1vol\u00edtj\u00e1k, a talaj sebezhet\u0151bb\u00e9 v\u00e1lik az olvad\u00e1ssal szemben.<\/p>\n\n<h2 class=\"wp-block-heading\">Az \u00e9szaki erd\u0151k hat\u00e1sai<\/h2>\n\n<p>A permafroszt olvad\u00e1s\u00e1val a fahat\u00e1r \u00e9szak fel\u00e9 tol\u00f3dhat, ami az erd\u0151k terjeszked\u00e9s\u00e9hez vezet. Az erd\u0151k terjeszked\u00e9se azonban nem ellens\u00falyozhatja teljesen a permafroszt olvad\u00e1s\u00e1b\u00f3l felszabadul\u00f3 sz\u00e9n-dioxidot. Ezenk\u00edv\u00fcl az \u00e9ghajlatv\u00e1ltoz\u00e1s n\u00f6veli az \u00e9szaki erd\u0151t\u00fczek gyakoris\u00e1g\u00e1t \u00e9s s\u00falyoss\u00e1g\u00e1t, ami tov\u00e1bbi CO2-t bocs\u00e1t ki a l\u00e9gk\u00f6rbe.<\/p>\n\n<h2 class=\"wp-block-heading\">K\u00f6vetkezm\u00e9nyek a j\u00f6v\u0151re n\u00e9zve<\/h2>\n\n<p>A permafroszt olvad\u00e1sa egy aggaszt\u00f3 tendencia, amely jelent\u0151s hat\u00e1ssal van a k\u00f6rnyezetre, az \u00e9ghajlatra \u00e9s az emberi t\u00e1rsadalmakra. Az \u00e9rintett folyamatok meg\u00e9rt\u00e9se \u00e9s a permafroszt olvad\u00e1s\u00e1nak hat\u00e1sainak cs\u00f6kkent\u00e9s\u00e9re ir\u00e1nyul\u00f3 strat\u00e9gi\u00e1k kidolgoz\u00e1sa kulcsfontoss\u00e1g\u00fa a v\u00e1ltoz\u00f3 \u00e9ghajlathoz val\u00f3 alkalmazkod\u00e1shoz.<\/p>\n\n<h2 class=\"wp-block-heading\">Tov\u00e1bbi hossz\u00fa kulcsszavak:<\/h2>\n\n<ul class=\"wp-block-list\">\n<li>A permafroszt degrad\u00e1ci\u00f3ja K\u00edn\u00e1ban<\/li>\n<li>Az \u00e9szaki erd\u0151k sz\u00e9n dinamik\u00e1ja<\/li>\n<li>Az \u00e9ghajlatv\u00e1ltoz\u00e1shoz val\u00f3 alkalmazkod\u00e1s a permafroszt r\u00e9gi\u00f3kban<\/li>\n<li>Permafroszt \u00e9ghajlati indik\u00e1tor<\/li>\n<li>Termokarst \u00e9s az \u00f6kosziszt\u00e9ma rugalmass\u00e1ga<\/li>\n<li>Permafroszt olvad\u00e1s \u00e9s met\u00e1n kibocs\u00e1t\u00e1s<\/li>\n<li>Fenntarthat\u00f3 fejl\u0151d\u00e9s a permafroszt r\u00e9gi\u00f3kban<\/li>\n<li>Korai figyelmeztet\u0151 rendszerek a permafroszt olvad\u00e1s\u00e1hoz<\/li>\n<li>T\u0151zegl\u00e1pok helyre\u00e1ll\u00edt\u00e1sa a permafroszt v\u00e9delme \u00e9rdek\u00e9ben<\/li>\n<\/ul>","protected":false},"excerpt":{"rendered":"<p>Permafroszt: Vesz\u00e9lyeztetett fagyott alap A permafroszt meg\u00e9rt\u00e9se A permafroszt, a tart\u00f3san fagyott talajr\u00e9teg, az \u00e9szaki-sarki, a szubarktikus \u00e9s m\u00e9g a hegyvid\u00e9ki ter\u00fcletek elszigetelt zsebeiben is megtal\u00e1lhat\u00f3 a vil\u00e1g minden t\u00e1j\u00e1n.&hellip;<\/p>\n","protected":false},"author":6,"featured_media":0,"comment_status":"closed","ping_status":"closed","sticky":false,"template":"","format":"standard","meta":{"footnotes":""},"categories":[284],"tags":[1354,34,283,219,4739],"class_list":["post-15484","post","type-post","status-publish","format-standard","hentry","category-climate-science","tag-arctic","tag-climate-change","tag-environment","tag-ecology","tag-permafrost"],"_links":{"self":[{"href":"https:\/\/www.lifescienceart.com\/hu\/wp-json\/wp\/v2\/posts\/15484","targetHints":{"allow":["GET"]}}],"collection":[{"href":"https:\/\/www.lifescienceart.com\/hu\/wp-json\/wp\/v2\/posts"}],"about":[{"href":"https:\/\/www.lifescienceart.com\/hu\/wp-json\/wp\/v2\/types\/post"}],"author":[{"embeddable":true,"href":"https:\/\/www.lifescienceart.com\/hu\/wp-json\/wp\/v2\/users\/6"}],"replies":[{"embeddable":true,"href":"https:\/\/www.lifescienceart.com\/hu\/wp-json\/wp\/v2\/comments?post=15484"}],"version-history":[{"count":1,"href":"https:\/\/www.lifescienceart.com\/hu\/wp-json\/wp\/v2\/posts\/15484\/revisions"}],"predecessor-version":[{"id":15485,"href":"https:\/\/www.lifescienceart.com\/hu\/wp-json\/wp\/v2\/posts\/15484\/revisions\/15485"}],"wp:attachment":[{"href":"https:\/\/www.lifescienceart.com\/hu\/wp-json\/wp\/v2\/media?parent=15484"}],"wp:term":[{"taxonomy":"category","embeddable":true,"href":"https:\/\/www.lifescienceart.com\/hu\/wp-json\/wp\/v2\/categories?post=15484"},{"taxonomy":"post_tag","embeddable":true,"href":"https:\/\/www.lifescienceart.com\/hu\/wp-json\/wp\/v2\/tags?post=15484"}],"curies":[{"name":"wp","href":"https:\/\/api.w.org\/{rel}","templated":true}]}}