{"id":15498,"date":"2024-06-22T16:21:38","date_gmt":"2024-06-22T16:21:38","guid":{"rendered":"https:\/\/www.lifescienceart.com\/?p=15498"},"modified":"2024-06-22T16:21:38","modified_gmt":"2024-06-22T16:21:38","slug":"the-civil-war-a-complex-mosaic-of-causes","status":"publish","type":"post","link":"https:\/\/www.lifescienceart.com\/hu\/uncategorized\/the-civil-war-a-complex-mosaic-of-causes\/","title":{"rendered":"Az amerikai polg\u00e1rh\u00e1bor\u00fa: okok \u00f6sszetett mozaikja"},"content":{"rendered":"<h2 class=\"wp-block-heading\">A polg\u00e1rh\u00e1bor\u00fa: Az okok egy \u00f6sszetett mozaikja<\/h2>\n\n<h2 class=\"wp-block-heading\">T\u00f6rt\u00e9nelmi h\u00e1tt\u00e9r<\/h2>\n\n<p>Az amerikai t\u00f6rt\u00e9nelem egyik legfontosabb konfliktusa, a polg\u00e1rh\u00e1bor\u00fa 1861-ben t\u00f6rt ki. B\u00e1r a rabszolgas\u00e1g k\u00e9ts\u00e9gtelen\u00fcl az els\u0151dleges kataliz\u00e1tor volt, sz\u00e1mos m\u00f6g\u00f6ttes t\u00e9nyez\u0151 is hozz\u00e1j\u00e1rult a kit\u00f6r\u00e9s\u00e9hez.<\/p>\n\n<h2 class=\"wp-block-heading\">Gazdas\u00e1gi k\u00fcl\u00f6nbs\u00e9gek<\/h2>\n\n<p>A mez\u0151gazdas\u00e1gi D\u00e9l, amely er\u0151sen t\u00e1maszkodott a rabszolgamunk\u00e1ra, f\u00e9ny\u0171z\u0151 \u00e9letm\u00f3dj\u00e1nak meg\u0151rz\u00e9s\u00e9re t\u00f6rekedett. Az \u00c9szak ezzel szemben \u00e1tvette az iparos\u00edt\u00e1st \u00e9s a moderniz\u00e1ci\u00f3t, ami jelent\u0151s gazdas\u00e1gi szakad\u00e9kot teremtett. Ez a k\u00fcl\u00f6nbs\u00e9g fesz\u00fclts\u00e9geket sz\u00edtott, \u00e9s er\u0151s\u00edtette a d\u00e9li \u00e1llamok elszakad\u00e1si v\u00e1gy\u00e1t.<\/p>\n\n<h2 class=\"wp-block-heading\">T\u00e1rsadalmi \u00e9s kultur\u00e1lis k\u00fcl\u00f6nbs\u00e9gek<\/h2>\n\n<p>A gazdas\u00e1gi t\u00e9nyez\u0151k\u00f6n t\u00fal a t\u00e1rsadalmi \u00e9s kultur\u00e1lis k\u00fcl\u00f6nbs\u00e9gek tov\u00e1bb s\u00falyosb\u00edtott\u00e1k a szakad\u00e9kot. A d\u00e9liek a rabszolgas\u00e1got sz\u00fcks\u00e9ges int\u00e9zm\u00e9nyk\u00e9nt v\u00e9dt\u00e9k, m\u00edg az \u00e9szakiak erk\u00f6lcstelennek \u00edt\u00e9lt\u00e9k. Ezenk\u00edv\u00fcl az \u00c9szak n\u00f6vekv\u0151 abolicionista mozgalma f\u00e9lelmeket keltett a d\u00e9liekben, hogy \u00e9letm\u00f3djuk vesz\u00e9lyben van.<\/p>\n\n<h2 class=\"wp-block-heading\">Politikai patthelyzet<\/h2>\n\n<p>A Kongresszuson bel\u00fcli politikai patthelyzet megakad\u00e1lyozta a kompromisszum \u00e1ltali megold\u00e1st. Abraham Lincoln 1860-as megv\u00e1laszt\u00e1sa, egy elsz\u00e1nt abolicionista, volt a fordul\u00f3pont, amely a d\u00e9li \u00e1llamok elszakad\u00e1s\u00e1hoz vezetett.<\/p>\n\n<h2 class=\"wp-block-heading\">Rabszolgas\u00e1g \u00e9s elt\u00f6rl\u00e9se<\/h2>\n\n<p>A rabszolgas\u00e1g k\u00f6zponti szerepet j\u00e1tszott a h\u00e1bor\u00fa kit\u00f6r\u00e9s\u00e9ben. Megsz\u00fcntet\u00e9se az \u00e9szaki abolicionist\u00e1k \u00e9s szabadf\u00f6ldiek r\u00e9g\u00f3ta d\u00e9delgetett c\u00e9lja volt. A d\u00e9li \u00e1llamok azonban hevesen ellen\u00e1lltak minden olyan k\u00eds\u00e9rletnek, amely a rabszolgas\u00e1got felsz\u00e1molta, mivel azt gazdas\u00e1guk \u00e9s t\u00e1rsadalmi rendj\u00fck alapvet\u0151 elem\u00e9nek tekintett\u00e9k.<\/p>\n\n<h2 class=\"wp-block-heading\">Az abolicionista mozgalom<\/h2>\n\n<p>Az abolicionista mozgalom, amely az \u00c9szakon lend\u00fcletet kapott, d\u00f6nt\u0151 szerepet j\u00e1tszott a k\u00f6zv\u00e9lem\u00e9ny alak\u00edt\u00e1s\u00e1ban a rabszolgas\u00e1g ellen. Befoly\u00e1sos szem\u00e9lyis\u00e9gek, mint Frederick Douglass \u00e9s Harriet Beecher Stowe, er\u0151teljes retorik\u00e1t \u00e9s \u00e9l\u00e9nk besz\u00e1mol\u00f3kat haszn\u00e1ltak, hogy leleplezz\u00e9k az int\u00e9zm\u00e9ny borzalmait.<\/p>\n\n<h2 class=\"wp-block-heading\">A sz\u00f6k\u00f6tt rabszolg\u00e1kr\u00f3l sz\u00f3l\u00f3 t\u00f6rv\u00e9ny<\/h2>\n\n<p>Az 1850-es sz\u00f6k\u00f6tt rabszolg\u00e1kr\u00f3l sz\u00f3l\u00f3 t\u00f6rv\u00e9ny, amely megk\u00f6vetelte az \u00e9szakiakt\u00f3l, hogy seg\u00edtsenek a sz\u00f6k\u00f6tt rabszolg\u00e1k elfog\u00e1s\u00e1ban \u00e9s visszaszolg\u00e1ltat\u00e1s\u00e1ban, tov\u00e1bb sz\u00edtotta a fesz\u00fclts\u00e9geket a k\u00e9t r\u00e9gi\u00f3 k\u00f6z\u00f6tt. A D\u00e9l rabszolgaszerkezet\u00e9nek minden\u00e1ron val\u00f3 fenntart\u00e1sa mellett val\u00f3 elk\u00f6telezetts\u00e9g\u00e9nek szimb\u00f3lum\u00e1v\u00e1 v\u00e1lt.<\/p>\n\n<h2 class=\"wp-block-heading\">Dred Scott kontra Sandford<\/h2>\n\n<p>A Legfels\u0151bb B\u00edr\u00f3s\u00e1g h\u00edrhedt Dred Scott kontra Sandford d\u00f6nt\u00e9se 1857-ben kimondta, hogy a rabszolg\u00e1k nem \u00e1llampolg\u00e1rok, \u00e9s nincs jogi k\u00e9pviselet\u00fck a b\u00edr\u00f3s\u00e1gon. Ez a d\u00f6nt\u00e9s tov\u00e1bb szil\u00e1rd\u00edtotta az \u00c9szak \u00e9s D\u00e9l k\u00f6z\u00f6tti szakad\u00e9kot, mivel az \u00e9szakiak sz\u00e9gyenletesnek tartott\u00e1k az alapvet\u0151 emberi jogok ny\u00edlt tagad\u00e1s\u00e1t.<\/p>\n\n<h2 class=\"wp-block-heading\">Abraham Lincoln megv\u00e1laszt\u00e1sa<\/h2>\n\n<p>Abraham Lincoln 1860-as megv\u00e1laszt\u00e1sa, egy elsz\u00e1nt abolicionista, sok d\u00e9li sz\u00e1m\u00e1ra jelentette a kegyelemd\u00f6f\u00e9st. Lincoln gy\u0151zelme jelezte rabszolgas\u00e1g fenntart\u00e1s\u00e1ra \u00e9s \u00e9letm\u00f3djuk meg\u0151rz\u00e9s\u00e9re ir\u00e1nyul\u00f3 rem\u00e9nyeik v\u00e9g\u00e9t.<\/p>\n\n<h2 class=\"wp-block-heading\">Elszakad\u00e1s \u00e9s a h\u00e1bor\u00fa kit\u00f6r\u00e9se<\/h2>\n\n<p>Lincoln megv\u00e1laszt\u00e1s\u00e1nak nyom\u00e1n a d\u00e9li \u00e1llamok elkezdtek kiv\u00e1lni az Uni\u00f3b\u00f3l. 1861 febru\u00e1rj\u00e1ra h\u00e9t \u00e1llam egyes\u00fclt az Amerikai Konf\u00f6der\u00e1lt \u00c1llamokba. A Sumter-er\u0151d elleni t\u00e1mad\u00e1s 1861 \u00e1prilis\u00e1ban jelentette a polg\u00e1rh\u00e1bor\u00fa kezdet\u00e9t.<\/p>\n\n<h2 class=\"wp-block-heading\">A technol\u00f3gia szerepe a h\u00e1bor\u00faban<\/h2>\n\n<p>A polg\u00e1rh\u00e1bor\u00fa idej\u00e9n \u00faj technol\u00f3gi\u00e1k jelentek meg, amelyek m\u00e9lyrehat\u00f3 hat\u00e1ssal voltak a h\u00e1bor\u00fa menet\u00e9re. A g\u0151zg\u00e9pek gyors sz\u00e1ll\u00edt\u00e1st biztos\u00edtottak a csapatok \u00e9s ut\u00e1np\u00f3tl\u00e1s sz\u00e1m\u00e1ra, m\u00edg a t\u00e1v\u00edr\u00f3 lehet\u0151v\u00e9 tette a kommunik\u00e1ci\u00f3t \u00f3ri\u00e1si t\u00e1vols\u00e1gok k\u00f6z\u00f6tt. A p\u00e1nc\u00e9lozott haj\u00f3k \u00e9s a huzagolt pusk\u00e1k haszn\u00e1lata forradalmas\u00edtotta a haditenger\u00e9szeti \u00e9s sz\u00e1razf\u00f6ldi hadvisel\u00e9st.<\/p>\n\n<h2 class=\"wp-block-heading\">A felszabad\u00edt\u00e1si nyilatkozat<\/h2>\n\n<p>1863-ban Lincoln eln\u00f6k kiadta a Felszabad\u00edt\u00e1si nyilatkozatot, amely felszabad\u00edtotta a Konf\u00f6der\u00e1ci\u00f3 \u00e1ltal birtokolt ter\u00fcleteken \u00e9l\u0151 rabszolg\u00e1kat. Ez a vakmer\u0151 l\u00e9p\u00e9s eltolta a h\u00e1bor\u00fa f\u00f3kusz\u00e1t az Uni\u00f3 meg\u0151rz\u00e9s\u00e9r\u0151l a rabszolgas\u00e1g felsz\u00e1mol\u00e1s\u00e1ra.<\/p>\n\n<h2 class=\"wp-block-heading\">A rabszolgas\u00e1g v\u00e9ge<\/h2>\n\n<p>A h\u00e1bor\u00fa 1865-ben a Konf\u00f6der\u00e1ci\u00f3 veres\u00e9g\u00e9vel \u00e9rt v\u00e9get. A Tizenharmadik m\u00f3dos\u00edt\u00e1s 1865-\u00f6s ratifik\u00e1l\u00e1sa elt\u00f6r\u00f6lte a rabszolgas\u00e1got az Egyes\u00fclt \u00c1llamokban, ami \u00e1t<\/p>","protected":false},"excerpt":{"rendered":"<p>A polg\u00e1rh\u00e1bor\u00fa: Az okok egy \u00f6sszetett mozaikja T\u00f6rt\u00e9nelmi h\u00e1tt\u00e9r Az amerikai t\u00f6rt\u00e9nelem egyik legfontosabb konfliktusa, a polg\u00e1rh\u00e1bor\u00fa 1861-ben t\u00f6rt ki. B\u00e1r a rabszolgas\u00e1g k\u00e9ts\u00e9gtelen\u00fcl az els\u0151dleges kataliz\u00e1tor volt, sz\u00e1mos m\u00f6g\u00f6ttes&hellip;<\/p>\n","protected":false},"author":1,"featured_media":23720,"comment_status":"closed","ping_status":"closed","sticky":false,"template":"","format":"standard","meta":{"footnotes":""},"categories":[1],"tags":[1531,1001,765,2098,27,1565],"class_list":["post-15498","post","type-post","status-publish","format-standard","has-post-thumbnail","hentry","category-uncategorized","tag-united-states","tag-civil-war","tag-slavery","tag-society","tag-history","tag-reconstruction"],"_links":{"self":[{"href":"https:\/\/www.lifescienceart.com\/hu\/wp-json\/wp\/v2\/posts\/15498","targetHints":{"allow":["GET"]}}],"collection":[{"href":"https:\/\/www.lifescienceart.com\/hu\/wp-json\/wp\/v2\/posts"}],"about":[{"href":"https:\/\/www.lifescienceart.com\/hu\/wp-json\/wp\/v2\/types\/post"}],"author":[{"embeddable":true,"href":"https:\/\/www.lifescienceart.com\/hu\/wp-json\/wp\/v2\/users\/1"}],"replies":[{"embeddable":true,"href":"https:\/\/www.lifescienceart.com\/hu\/wp-json\/wp\/v2\/comments?post=15498"}],"version-history":[{"count":1,"href":"https:\/\/www.lifescienceart.com\/hu\/wp-json\/wp\/v2\/posts\/15498\/revisions"}],"predecessor-version":[{"id":15499,"href":"https:\/\/www.lifescienceart.com\/hu\/wp-json\/wp\/v2\/posts\/15498\/revisions\/15499"}],"wp:featuredmedia":[{"embeddable":true,"href":"https:\/\/www.lifescienceart.com\/hu\/wp-json\/wp\/v2\/media\/23720"}],"wp:attachment":[{"href":"https:\/\/www.lifescienceart.com\/hu\/wp-json\/wp\/v2\/media?parent=15498"}],"wp:term":[{"taxonomy":"category","embeddable":true,"href":"https:\/\/www.lifescienceart.com\/hu\/wp-json\/wp\/v2\/categories?post=15498"},{"taxonomy":"post_tag","embeddable":true,"href":"https:\/\/www.lifescienceart.com\/hu\/wp-json\/wp\/v2\/tags?post=15498"}],"curies":[{"name":"wp","href":"https:\/\/api.w.org\/{rel}","templated":true}]}}