{"id":1585,"date":"2024-06-18T21:12:58","date_gmt":"2024-06-18T21:12:58","guid":{"rendered":"https:\/\/www.lifescienceart.com\/?p=1585"},"modified":"2024-06-18T21:12:58","modified_gmt":"2024-06-18T21:12:58","slug":"brazilian-mine-disaster-leaves-dozens-dead-hundreds-missing","status":"publish","type":"post","link":"https:\/\/www.lifescienceart.com\/hu\/science\/earth-sciences\/brazilian-mine-disaster-leaves-dozens-dead-hundreds-missing\/","title":{"rendered":"Brazil b\u00e1ny\u00e1szkatasztr\u00f3fa: T\u00f6bb tucatnyi halott, t\u00f6bb sz\u00e1z elt\u0171nt"},"content":{"rendered":"<h2 class=\"wp-block-heading\">Brazil b\u00e1ny\u00e1szkatasztr\u00f3fa: T\u00f6bb tucatnyi halott, t\u00f6bb sz\u00e1z elt\u0171nt<\/h2>\n\n<h2 class=\"wp-block-heading\">Trag\u00e9dia Minas Gerais \u00e1llamban<\/h2>\n\n<p>P\u00e9nteken egy g\u00e1t, amely egy vask\u0151b\u00e1ny\u00e1hoz tartozott, Braz\u00edlia Minas Gerais \u00e1llam\u00e1ban \u00e1tszakadt, \u00e9s hatalmas mennyis\u00e9g\u0171 vizet \u00e9s b\u00e1ny\u00e1szati hullad\u00e9kot engedett a Paraopeba foly\u00f3ba. A katasztr\u00f3fa legal\u00e1bb 58 ember hal\u00e1l\u00e1t okozta, \u00e9s m\u00e9g mindig t\u00f6bb sz\u00e1zan elt\u0171ntek.<\/p>\n\n<p>A g\u00e1t, amely egy 1976-ban \u00e9p\u00edtett komplexum r\u00e9sze, \u00e9ppen bez\u00e1r\u00e1s alatt \u00e1llt, \u00e9s az ellen\u0151rz\u00e9sek sor\u00e1n biztons\u00e1gosnak \u00edt\u00e9lt\u00e9k. Azonban aggodalmak mer\u00fcltek fel a biztons\u00e1g\u00e1val kapcsolatban, \u00e9s a Nemzeti Civil T\u00e1rsadalmi F\u00f3rum a hidrogr\u00e1fiai medenc\u00e9k\u00e9rt arra sz\u00f3l\u00edtotta fel a korm\u00e1nyt, hogy f\u00fcggessze fel a b\u00e1nya enged\u00e9ly\u00e9t.<\/p>\n\n<h2 class=\"wp-block-heading\">K\u00f6rnyezeti katasztr\u00f3fa bontakozik ki<\/h2>\n\n<p>A g\u00e1tszakad\u00e1s hatalmas hull\u00e1mk\u00e9nt sodort vask\u0151vel szennyezett vizet \u00e9s iszapot a Paraopeba foly\u00f3ba, \u00e9s a v\u00edzi\u00fat egy hatalmas szakasz\u00e1t szennyezte be. A k\u00f6rnyezetv\u00e9d\u0151k agg\u00f3dnak a hossz\u00fa t\u00e1v\u00fa hat\u00e1sok miatt az \u00f6kosziszt\u00e9m\u00e1ra, mivel a vask\u0151maradv\u00e1nyok minden alkalommal felkavarodnak, amikor esik az es\u0151.<\/p>\n\n<p>A katasztr\u00f3fa egy hasonl\u00f3 esem\u00e9nyre eml\u00e9keztet, amely 2015-ben t\u00f6rt\u00e9nt egy m\u00e1sik, a Vale \u00e1ltal \u00fczemeltetett g\u00e1tn\u00e1l, amely a Brumadinho g\u00e1t tulajdonosa. A g\u00e1tszakad\u00e1s 19 ember hal\u00e1l\u00e1t okozta, t\u00f6bb sz\u00e1zat el\u0171z\u00f6tt otthon\u00e1b\u00f3l \u00e9s sz\u00e9les k\u00f6r\u0171 k\u00f6rnyezeti k\u00e1rokat okozott.<\/p>\n\n<h2 class=\"wp-block-heading\">Korm\u00e1nyzati vizsg\u00e1latok \u00e9s nyomoz\u00e1sok<\/h2>\n\n<p>A katasztr\u00f3fa alapos vizsg\u00e1lat al\u00e1 helyezte Braz\u00edlia b\u00e1ny\u00e1szati ipar\u00e1g\u00e1t. A 2015-\u00f6s g\u00e1tszakad\u00e1s ut\u00e1ni \u00edg\u00e9retek ellen\u00e9re keveset tettek az hasonl\u00f3 g\u00e1tak szab\u00e1lyoz\u00e1si rendszer\u00e9nek jav\u00edt\u00e1s\u00e1\u00e9rt. Braz\u00edlia f\u0151\u00fcgy\u00e9sze meg\u00edg\u00e9rte, hogy kivizsg\u00e1lja az esetet, \u00e9s a Vale-t 66 milli\u00f3 doll\u00e1r b\u00edrs\u00e1ggal s\u00fajtott\u00e1k a katasztr\u00f3fa miatt.<\/p>\n\n<h2 class=\"wp-block-heading\">Politikai k\u00f6vetkezm\u00e9nyek<\/h2>\n\n<p>Braz\u00edlia \u00fajonnan megv\u00e1lasztott eln\u00f6ke, Jair Bolsonaro, \u00edg\u00e9retet tett arra, hogy megakad\u00e1lyozza a tov\u00e1bbi trag\u00e9di\u00e1kat. A kritikusok azonban k\u00e9telkednek abban, hogy betartja-e \u00edg\u00e9reteit, tekintve a kamp\u00e1nyplatformj\u00e1t, amely a szab\u00e1lyoz\u00e1s visszaszor\u00edt\u00e1s\u00e1t, t\u00f6bbek k\u00f6z\u00f6tt az Amazonas v\u00e9dett ter\u00fcleteinek a mez\u0151gazdas\u00e1g \u00e9s a b\u00e1ny\u00e1szat sz\u00e1m\u00e1ra val\u00f3 megnyit\u00e1s\u00e1t is mag\u00e1ban foglalja.<\/p>\n\n<h2 class=\"wp-block-heading\">Folyamatban l\u00e9v\u0151 keres\u00e9si \u00e9s ment\u00e9si er\u0151fesz\u00edt\u00e9sek<\/h2>\n\n<p>A keres\u00e9si \u00e9s ment\u00e9si akci\u00f3k folyamatban vannak, de az er\u0151fesz\u00edt\u00e9seket megnehez\u00edtette a heves es\u0151z\u00e9s. A hat\u00f3s\u00e1gok 3000 embert tan\u00e1csoltak evaku\u00e1lni a k\u00f6zelben l\u00e9v\u0151 m\u00e1sik b\u00e1ny\u00e1szati g\u00e1t stabilit\u00e1sa miatt. Azonban azt a g\u00e1tat az\u00f3ta biztons\u00e1gosnak \u00edt\u00e9lt\u00e9k, \u00e9s a ment\u00e9si munk\u00e1latok \u00fajraindultak.<\/p>\n\n<h2 class=\"wp-block-heading\">Glob\u00e1lis aggodalmak<\/h2>\n\n<p>A brazil b\u00e1ny\u00e1szati katasztr\u00f3fa aggodalmat keltett a b\u00e1ny\u00e1szati m\u0171veletek biztons\u00e1g\u00e1val kapcsolatban vil\u00e1gszerte. Csak Minas Gerais \u00e1llamban t\u00f6bb sz\u00e1z m\u00e1sik b\u00e1ny\u00e1t azonos\u00edtottak, amelyekn\u00e9l fenn\u00e1ll a g\u00e1tszakad\u00e1s vesz\u00e9lye. A katasztr\u00f3fa kiemeli a szigor\u00fa szab\u00e1lyoz\u00e1s \u00e9s a b\u00e1ny\u00e1szati ipar\u00e1g hat\u00e9kony fel\u00fcgyelet\u00e9nek sz\u00fcks\u00e9gess\u00e9g\u00e9t, hogy a j\u00f6v\u0151ben megakad\u00e1lyozz\u00e1k az ehhez hasonl\u00f3 trag\u00e9di\u00e1kat.<\/p>","protected":false},"excerpt":{"rendered":"<p>Brazil b\u00e1ny\u00e1szkatasztr\u00f3fa: T\u00f6bb tucatnyi halott, t\u00f6bb sz\u00e1z elt\u0171nt Trag\u00e9dia Minas Gerais \u00e1llamban P\u00e9nteken egy g\u00e1t, amely egy vask\u0151b\u00e1ny\u00e1hoz tartozott, Braz\u00edlia Minas Gerais \u00e1llam\u00e1ban \u00e1tszakadt, \u00e9s hatalmas mennyis\u00e9g\u0171 vizet \u00e9s b\u00e1ny\u00e1szati&hellip;<\/p>\n","protected":false},"author":1,"featured_media":23689,"comment_status":"closed","ping_status":"closed","sticky":false,"template":"","format":"standard","meta":{"footnotes":""},"categories":[728],"tags":[18657,6799,18658,180],"class_list":["post-1585","post","type-post","status-publish","format-standard","has-post-thumbnail","hentry","category-earth-sciences","tag-mining-disaster","tag-brazil","tag-dam-collapse","tag-environmental-crisis"],"_links":{"self":[{"href":"https:\/\/www.lifescienceart.com\/hu\/wp-json\/wp\/v2\/posts\/1585","targetHints":{"allow":["GET"]}}],"collection":[{"href":"https:\/\/www.lifescienceart.com\/hu\/wp-json\/wp\/v2\/posts"}],"about":[{"href":"https:\/\/www.lifescienceart.com\/hu\/wp-json\/wp\/v2\/types\/post"}],"author":[{"embeddable":true,"href":"https:\/\/www.lifescienceart.com\/hu\/wp-json\/wp\/v2\/users\/1"}],"replies":[{"embeddable":true,"href":"https:\/\/www.lifescienceart.com\/hu\/wp-json\/wp\/v2\/comments?post=1585"}],"version-history":[{"count":1,"href":"https:\/\/www.lifescienceart.com\/hu\/wp-json\/wp\/v2\/posts\/1585\/revisions"}],"predecessor-version":[{"id":13869,"href":"https:\/\/www.lifescienceart.com\/hu\/wp-json\/wp\/v2\/posts\/1585\/revisions\/13869"}],"wp:featuredmedia":[{"embeddable":true,"href":"https:\/\/www.lifescienceart.com\/hu\/wp-json\/wp\/v2\/media\/23689"}],"wp:attachment":[{"href":"https:\/\/www.lifescienceart.com\/hu\/wp-json\/wp\/v2\/media?parent=1585"}],"wp:term":[{"taxonomy":"category","embeddable":true,"href":"https:\/\/www.lifescienceart.com\/hu\/wp-json\/wp\/v2\/categories?post=1585"},{"taxonomy":"post_tag","embeddable":true,"href":"https:\/\/www.lifescienceart.com\/hu\/wp-json\/wp\/v2\/tags?post=1585"}],"curies":[{"name":"wp","href":"https:\/\/api.w.org\/{rel}","templated":true}]}}