{"id":15865,"date":"2020-09-19T19:16:12","date_gmt":"2020-09-19T19:16:12","guid":{"rendered":"https:\/\/www.lifescienceart.com\/?p=15865"},"modified":"2020-09-19T19:16:12","modified_gmt":"2020-09-19T19:16:12","slug":"wildfires-human-problem-devastating-consequences","status":"publish","type":"post","link":"https:\/\/www.lifescienceart.com\/hu\/science\/ecology\/wildfires-human-problem-devastating-consequences\/","title":{"rendered":"Vadt\u00fczek: Ember okozta probl\u00e9ma, puszt\u00edt\u00f3 k\u00f6vetkezm\u00e9nyekkel"},"content":{"rendered":"<h2 class=\"wp-block-heading\">Vadt\u00fczek: Ember okozta probl\u00e9ma puszt\u00edt\u00f3 k\u00f6vetkezm\u00e9nyekkel<\/h2>\n\n<h2 class=\"wp-block-heading\">A vadt\u00fczek alapjai<\/h2>\n\n<p>A vadt\u00fczek ellen\u0151rizetlen t\u00fczek, amelyek term\u00e9szetes ter\u00fcleteken, p\u00e9ld\u00e1ul erd\u0151kben, f\u00fcves puszt\u00e1kon \u00e9s boz\u00f3tosokban \u00e9gnek. Vill\u00e1mcsap\u00e1sok vagy emberi tev\u00e9kenys\u00e9gek, p\u00e9ld\u00e1ul fel\u00fcgyelet n\u00e9lk\u00fcl hagyott t\u00e1boroz\u00f3t\u00fczek vagy gy\u00fajtogat\u00e1s okozhatja \u0151ket. A vadt\u00fczek gyorsan terjedhetnek, k\u00fcl\u00f6n\u00f6sen sz\u00e1raz \u00e9s szeles k\u00f6r\u00fclm\u00e9nyek k\u00f6z\u00f6tt, \u00e9s jelent\u0151s k\u00e1rokat okozhatnak a tulajdonban \u00e9s az infrastrukt\u00far\u00e1ban.<\/p>\n\n<h2 class=\"wp-block-heading\">Az emberi t\u00e9nyez\u0151<\/h2>\n\n<p>B\u00e1r a vadt\u00fczek term\u00e9szetesen is el\u0151fordulhatnak, az Egyes\u00fclt \u00c1llamokban a vadt\u00fczek t\u00falnyom\u00f3 t\u00f6bbs\u00e9ge ember okozta. Az emberi tev\u00e9kenys\u00e9gek, p\u00e9ld\u00e1ul a t\u00e1boroz\u00f3t\u00fczek, a t\u00f6rmel\u00e9k\u00e9get\u00e9s \u00e9s a sz\u00e1nd\u00e9kos gy\u00fajtogat\u00e1s a vadt\u00fczek t\u00f6bb mint 90%-\u00e1\u00e9rt felel\u0151s.<\/p>\n\n<h2 class=\"wp-block-heading\">Az 1988-as Yellowstone Nemzeti Park-i vadt\u00fczek<\/h2>\n\n<p>Az ut\u00f3bbi id\u0151k egyik legpuszt\u00edt\u00f3bb vadt\u00fcze 1988-ban a Yellowstone Nemzeti Parkban t\u00f6rt\u00e9nt. A t\u00fczek t\u00f6bb mint 1,2 milli\u00f3 hekt\u00e1rt \u00e9gettek el, t\u00f6bb mint 1000 h\u00e1zat puszt\u00edtottak el \u00e9s tucatnyi embert meg\u00f6ltek. A t\u00fczeket nagyr\u00e9szt emberi tev\u00e9kenys\u00e9gek, k\u00f6zt\u00fck fel\u00fcgyelet n\u00e9lk\u00fcl hagyott t\u00e1boroz\u00f3t\u00fczek \u00e9s gy\u00fajtogat\u00e1s okozta.<\/p>\n\n<p>Az 1988-as Yellowstone-i t\u00fczek r\u00e1vil\u00e1g\u00edtottak a vadt\u00fczek kezel\u00e9s\u00e9nek kih\u00edv\u00e1saira a nemzeti parkokban. A park tisztvisel\u0151i hossz\u00fa ideig elnyomtak minden t\u00fczet, \u00fagy v\u00e9lve, hogy azok k\u00e1rosak az \u00f6kosziszt\u00e9m\u00e1ra. Az 1988-as t\u00fczek azonban megmutatt\u00e1k, hogy a kis, ellen\u0151rz\u00f6tt t\u00fczek val\u00f3j\u00e1ban hasznosak lehetnek az \u00f6kosziszt\u00e9m\u00e1nak az\u00e1ltal, hogy elt\u00e1vol\u00edtj\u00e1k az elhalt n\u00f6v\u00e9nyzetet \u00e9s el\u0151seg\u00edtik az \u00faj n\u00f6veked\u00e9st.<\/p>\n\n<h2 class=\"wp-block-heading\">A t\u0171zolt\u00f3 \u00e9s az \u00f6kol\u00f3giai ig\u00e9nyek egyens\u00falya<\/h2>\n\n<p>Az 1988-as t\u00fczek \u00f3ta a park tisztvisel\u0151i kiegyens\u00falyozottabb megk\u00f6zel\u00edt\u00e9st alkalmaznak a vadt\u0171z-gazd\u00e1lkod\u00e1sban. Most m\u00e1r enged\u00e9lyezik, hogy kis, ellen\u0151rz\u00f6tt t\u00fczek \u00e9gjenek az \u00f6kosziszt\u00e9ma eg\u00e9szs\u00e9g\u00e9nek fenntart\u00e1sa \u00e9rdek\u00e9ben. Azonban l\u00e9p\u00e9seket tesznek a nagyobb, puszt\u00edt\u00f3bb t\u00fczek elfojt\u00e1s\u00e1ra is, amelyek vesz\u00e9lyeztethetik az emberi \u00e9letet \u00e9s a tulajdont.<\/p>\n\n<h2 class=\"wp-block-heading\">A vadt\u00fczek \u00f6kol\u00f3giai hat\u00e1sai<\/h2>\n\n<p>A vadt\u00fczek jelent\u0151s hat\u00e1st gyakorolhatnak a k\u00f6rnyezetre. Elpuszt\u00edthatj\u00e1k a n\u00f6v\u00e9nyzetet, meg\u00f6lhetik az \u00e1llatokat \u00e9s k\u00e1ros\u00edthatj\u00e1k a talajt \u00e9s a v\u00edzmin\u0151s\u00e9get. A vadt\u00fczeknek azonban lehetnek pozit\u00edv \u00f6kol\u00f3giai hat\u00e1sai is. Elt\u00e1vol\u00edthatj\u00e1k az elhalt n\u00f6v\u00e9nyzetet, el\u0151seg\u00edthetik \u00faj n\u00f6v\u00e9nyek n\u00f6veked\u00e9s\u00e9t \u00e9s \u00e9l\u0151helyet teremthetnek bizonyos fajok sz\u00e1m\u00e1ra.<\/p>\n\n<h2 class=\"wp-block-heading\">A t\u0171z ut\u00e1ni helyre\u00e1ll\u00edt\u00e1s<\/h2>\n\n<p>Vadt\u0171z ut\u00e1n fontos a helyre\u00e1ll\u00edt\u00e1si folyamatot a lehet\u0151 leghamarabb megkezdeni. Ez mag\u00e1ban foglalja a s\u00e9r\u00fclt infrastrukt\u00fara helyre\u00e1ll\u00edt\u00e1s\u00e1t, a n\u00f6v\u00e9nyzet \u00fajratelep\u00edt\u00e9s\u00e9t \u00e9s a v\u00edzmin\u0151s\u00e9g v\u00e9delm\u00e9t. A t\u0171z ut\u00e1ni helyre\u00e1ll\u00edt\u00e1s hossz\u00fa \u00e9s kih\u00edv\u00e1sokkal teli folyamat lehet, de elengedhetetlen az \u00f6kosziszt\u00e9ma helyre\u00e1ll\u00edt\u00e1s\u00e1hoz \u00e9s a j\u00f6v\u0151beni vadt\u00fczek megel\u0151z\u00e9s\u00e9hez.<\/p>\n\n<h2 class=\"wp-block-heading\">Az ember okozta vadt\u00fczek megel\u0151z\u00e9se \u00e9s enyh\u00edt\u00e9se<\/h2>\n\n<p>A vadt\u00fczek megel\u0151z\u00e9s\u00e9nek legjobb m\u00f3dja az ember okozta gyullad\u00e1sok cs\u00f6kkent\u00e9se. Ez a k\u00f6vetkez\u0151 l\u00e9p\u00e9sekkel tehet\u0151 meg:<\/p>\n\n<ul class=\"wp-block-list\">\n<li>Soha ne hagyjon t\u00e1boroz\u00f3t\u00fczet fel\u00fcgyelet n\u00e9lk\u00fcl.<\/li>\n<li>Legyen \u00f3vatos a cigarett\u00e1kkal \u00e9s m\u00e1s doh\u00e1nyz\u00e1si kell\u00e9kekkel.<\/li>\n<li>Jelentsen minden gyan\u00fas tev\u00e9kenys\u00e9get a hat\u00f3s\u00e1goknak.<\/li>\n<\/ul>\n\n<h2 class=\"wp-block-heading\">K\u00f6vetkeztet\u00e9s<\/h2>\n\n<p>A vadt\u00fczek sok \u00f6kosziszt\u00e9ma term\u00e9szetes r\u00e9sz\u00e9t k\u00e9pezik, de az emberi tev\u00e9kenys\u00e9gek n\u00f6velt\u00e9k a gyakoris\u00e1gukat \u00e9s intenzit\u00e1sukat. A vadt\u00fczek okait \u00e9s k\u00f6vetkezm\u00e9nyeit meg\u00e9rtve, valamint az ember okozta gyullad\u00e1sok megel\u0151z\u00e9s\u00e9re ir\u00e1nyul\u00f3 int\u00e9zked\u00e9seket t\u00e9ve hozz\u00e1j\u00e1rulhatunk k\u00f6z\u00f6ss\u00e9geink \u00e9s k\u00f6rnyezet\u00fcnk v\u00e9delm\u00e9hez a vadt\u00fczek puszt\u00edt\u00f3 hat\u00e1sait\u00f3l.<\/p>","protected":false},"excerpt":{"rendered":"<p>Vadt\u00fczek: Ember okozta probl\u00e9ma puszt\u00edt\u00f3 k\u00f6vetkezm\u00e9nyekkel A vadt\u00fczek alapjai A vadt\u00fczek ellen\u0151rizetlen t\u00fczek, amelyek term\u00e9szetes ter\u00fcleteken, p\u00e9ld\u00e1ul erd\u0151kben, f\u00fcves puszt\u00e1kon \u00e9s boz\u00f3tosokban \u00e9gnek. Vill\u00e1mcsap\u00e1sok vagy emberi tev\u00e9kenys\u00e9gek, p\u00e9ld\u00e1ul fel\u00fcgyelet n\u00e9lk\u00fcl&hellip;<\/p>\n","protected":false},"author":6,"featured_media":0,"comment_status":"closed","ping_status":"","sticky":false,"template":"","format":"standard","meta":{"footnotes":""},"categories":[590],"tags":[847,640,3931,21086,21087],"class_list":["post-15865","post","type-post","status-publish","format-standard","hentry","category-ecology","tag-ecosystem-restoration","tag-human-impact","tag-wildfires","tag-environmental-consequences","tag-fire-management"],"_links":{"self":[{"href":"https:\/\/www.lifescienceart.com\/hu\/wp-json\/wp\/v2\/posts\/15865","targetHints":{"allow":["GET"]}}],"collection":[{"href":"https:\/\/www.lifescienceart.com\/hu\/wp-json\/wp\/v2\/posts"}],"about":[{"href":"https:\/\/www.lifescienceart.com\/hu\/wp-json\/wp\/v2\/types\/post"}],"author":[{"embeddable":true,"href":"https:\/\/www.lifescienceart.com\/hu\/wp-json\/wp\/v2\/users\/6"}],"replies":[{"embeddable":true,"href":"https:\/\/www.lifescienceart.com\/hu\/wp-json\/wp\/v2\/comments?post=15865"}],"version-history":[{"count":1,"href":"https:\/\/www.lifescienceart.com\/hu\/wp-json\/wp\/v2\/posts\/15865\/revisions"}],"predecessor-version":[{"id":15866,"href":"https:\/\/www.lifescienceart.com\/hu\/wp-json\/wp\/v2\/posts\/15865\/revisions\/15866"}],"wp:attachment":[{"href":"https:\/\/www.lifescienceart.com\/hu\/wp-json\/wp\/v2\/media?parent=15865"}],"wp:term":[{"taxonomy":"category","embeddable":true,"href":"https:\/\/www.lifescienceart.com\/hu\/wp-json\/wp\/v2\/categories?post=15865"},{"taxonomy":"post_tag","embeddable":true,"href":"https:\/\/www.lifescienceart.com\/hu\/wp-json\/wp\/v2\/tags?post=15865"}],"curies":[{"name":"wp","href":"https:\/\/api.w.org\/{rel}","templated":true}]}}