{"id":1641,"date":"2022-10-23T12:34:12","date_gmt":"2022-10-23T12:34:12","guid":{"rendered":"https:\/\/www.lifescienceart.com\/?p=1641"},"modified":"2022-10-23T12:34:12","modified_gmt":"2022-10-23T12:34:12","slug":"ulysses-s-grants-complex-relationship-with-slavery","status":"publish","type":"post","link":"https:\/\/www.lifescienceart.com\/hu\/uncategorized\/ulysses-s-grants-complex-relationship-with-slavery\/","title":{"rendered":"Ulysses S. Grant \u00e9s a rabszolgas\u00e1g \u00f6sszetett kapcsolata"},"content":{"rendered":"<h2 class=\"wp-block-heading\">Ulysses S. Grant \u00f6sszetett viszonya a rabszolgas\u00e1ggal<\/h2>\n\n<h2 class=\"wp-block-heading\">Korai \u00e9lete \u00e9s meggy\u0151z\u0151d\u00e9sei<\/h2>\n\n<p>Ulysses S. Grant, a polg\u00e1rh\u00e1bor\u00fa alatt az Uni\u00f3 t\u00e1bornoka, rabszolgas\u00e1gellenes h\u00e1ztart\u00e1sban n\u0151tt fel. Azonban amikor 1848-ban feles\u00e9g\u00fcl vette Julia Dent Grantet, olyan csal\u00e1dba ker\u00fclt, ahol rabszolg\u00e1k voltak. Kezdetben Grant nyilv\u00e1nosan nem kritiz\u00e1lta a rabszolgas\u00e1got, \u00e9s anyagilag is profit\u00e1lt bel\u0151le.<\/p>\n\n<h2 class=\"wp-block-heading\">White Haven \u00e9s a rabszolgamunka<\/h2>\n\n<p>1854 \u00e9s 1858 k\u00f6z\u00f6tt Grant f\u00f6ldm\u0171vesk\u00e9nt dolgozott White Havenben, ap\u00f3s\u00e1nak birtok\u00e1n Missouriban. A rabszolgamunk\u00e1sok kulcsfontoss\u00e1g\u00fa szerepet j\u00e1tszottak mindennapi \u00e9let\u00e9ben, gondozt\u00e1k a f\u00f6ldeket, f\u00e1t v\u00e1gtak \u00e9s \u00e9p\u00edtett\u00e9k a h\u00e1z\u00e1t. Mary Robinsont, egy rabszolga szak\u00e1csn\u0151t k\u00fcl\u00f6n\u00f6sen \u00e9rt\u00e9keltek kulin\u00e1ris k\u00e9pess\u00e9gei miatt.<\/p>\n\n<h2 class=\"wp-block-heading\">A polg\u00e1rh\u00e1bor\u00fa \u00e9s a n\u00e9zetek alakul\u00e1sa<\/h2>\n\n<p>A polg\u00e1rh\u00e1bor\u00fa kit\u00f6r\u00e9sekor Grant nem volt elt\u00f6rl\u00e9s p\u00e1rti. Azonban ahogyan els\u0151 k\u00e9zb\u0151l l\u00e1tta a rabszolgas\u00e1g borzalmait, a n\u00e9zetei elkezdtek megv\u00e1ltozni. 1863 augusztus\u00e1ra kijelentette, hogy a rabszolgas\u00e1g &#8220;m\u00e1r meghalt, \u00e9s nem lehet felt\u00e1masztani&#8221;. A fekete katon\u00e1k toborz\u00e1s\u00e1nak is er\u0151s sz\u00f3sz\u00f3l\u00f3ja lett, felismerve a potenci\u00e1ljukat, hogy gyeng\u00edts\u00e9k a Konf\u00f6der\u00e1ci\u00f3t \u00e9s er\u0151s\u00edts\u00e9k az Uni\u00f3t.<\/p>\n\n<h2 class=\"wp-block-heading\">Julia Dent Grant \u00e9s a rabszolgasorban \u00e9l\u0151 egy\u00e9nek<\/h2>\n\n<p>Julia Dent Grantnek n\u00e9gy rabszolgasorban \u00e9l\u0151 egyede volt, k\u00f6zt\u00fck Jule, aki t\u00f6bb mint h\u00e1rom \u00e9vtizeden \u00e1t volt a dajk\u00e1ja \u00e9s szobal\u00e1nya. Jule v\u00e9gigutazta a h\u00e1bor\u00fat Juli\u00e1val, \u00e9s ismer\u0151s jelenl\u00e9t volt az Uni\u00f3 t\u00e1borokban. Jule \u00e9s a Grant csal\u00e1d szoros kapcsolata ellen\u00e9re 1864-ben megragadta az alkalmat, hogy megsz\u00f6kj\u00f6n a szabads\u00e1gba.<\/p>\n\n<h2 class=\"wp-block-heading\">Felszabad\u00edt\u00e1s \u00e9s felszabad\u00edt\u00e1s<\/h2>\n\n<p>Az 1863-as Emancip\u00e1ci\u00f3s ki\u00e1ltv\u00e1ny nem szabad\u00edtotta fel azonnal az \u00f6sszes rabszolgasorban \u00e9l\u0151 embert Missouriban, mivel az \u00e1llam nem volt a Konf\u00f6der\u00e1ci\u00f3 r\u00e9sze. Julia Dent Grant \u00fagy gondolta, hogy a rabszolgasorban \u00e9l\u0151 egyedeit felszabad\u00edtotta a ki\u00e1ltv\u00e1ny, de ez pontatlan volt. 1859-ben Grant felszabad\u00edtott egy William Jones nev\u0171 rabszolgamunk\u00e1st, de ennek az aktusnak az okai nem tiszt\u00e1zottak.<\/p>\n\n<h2 class=\"wp-block-heading\">A rabszolgas\u00e1g t\u00e1rsadalmi \u00e9s jogi kontextusa Missouriban<\/h2>\n\n<p>A rabszolgas\u00e1g Missouriban rendk\u00edv\u00fcl brut\u00e1lis \u00e9s elnyom\u00f3 volt. A rabszolgasorban \u00e9l\u0151k m\u00e9g kisebb kih\u00e1g\u00e1sok\u00e9rt is kem\u00e9ny b\u00fcntet\u00e9sekkel szembes\u00fcltek, \u00e9s megtagadt\u00e1k t\u0151l\u00fck az alapvet\u0151 jogokat. A szabad fekete emberek st\u00e1tusza csak margin\u00e1lisan volt magasabb a rabszolgasorban \u00e9l\u0151k\u00e9n\u00e9l, \u00e9s diszkrimin\u00e1ci\u00f3val \u00e9s jogi korl\u00e1toz\u00e1sokkal szembes\u00fcltek.<\/p>\n\n<h2 class=\"wp-block-heading\">A Dred Scott-\u00fcgy \u00e9s annak hat\u00e1sa<\/h2>\n\n<p>Az 1857-es h\u00edrhedt Dred Scott kontra Sandford d\u00f6nt\u00e9s tov\u00e1bb al\u00e1\u00e1sta a szabad fekete emberek jogait Missouriban. Roger B. Taney f\u0151b\u00edr\u00f3 azzal \u00e9rvelt, hogy a fekete emberek, ak\u00e1r szabadok, ak\u00e1r rabszolgasorban \u00e9lnek, nem lehetnek \u00e1llampolg\u00e1rok az alkotm\u00e1ny \u00e9rtelm\u00e9ben. Ez a d\u00f6nt\u00e9s fokozta a fesz\u00fclts\u00e9get, \u00e9s hozz\u00e1j\u00e1rult az \u00e9szak \u00e9s a d\u00e9l k\u00f6z\u00f6tti n\u00f6vekv\u0151 szakad\u00e9khoz.<\/p>\n\n<h2 class=\"wp-block-heading\">Grant \u00e1talakul\u00e1sa \u00e9s \u00f6r\u00f6ks\u00e9ge<\/h2>\n\n<p>Kor\u00e1bbi rabszolgas\u00e1ggal kapcsolatos r\u00e9szv\u00e9tele ellen\u00e9re Ulysses S. Grant az int\u00e9zm\u00e9ny elleni k\u00fczdelem egyik vezet\u0151 alakj\u00e1v\u00e1 v\u00e1lt. \u00dagy gondolta, hogy a fekete katon\u00e1k besoroz\u00e1sa meger\u0151s\u00edten\u00e9 az Uni\u00f3t, \u00e9s gyeng\u00edten\u00e9 a Konf\u00f6der\u00e1ci\u00f3t. Grant \u00e1talakul\u00e1sa rabszolgatart\u00f3b\u00f3l elt\u00f6rl\u00e9s p\u00e1rtiv\u00e1 t\u00fckr\u00f6zi az amerikai t\u00e1rsadalom \u00f6sszetett \u00e9s folyamatosan v\u00e1ltoz\u00f3 term\u00e9szet\u00e9t a polg\u00e1rh\u00e1bor\u00fas korszakban.<\/p>","protected":false},"excerpt":{"rendered":"<p>Ulysses S. Grant \u00f6sszetett viszonya a rabszolgas\u00e1ggal Korai \u00e9lete \u00e9s meggy\u0151z\u0151d\u00e9sei Ulysses S. Grant, a polg\u00e1rh\u00e1bor\u00fa alatt az Uni\u00f3 t\u00e1bornoka, rabszolgas\u00e1gellenes h\u00e1ztart\u00e1sban n\u0151tt fel. Azonban amikor 1848-ban feles\u00e9g\u00fcl vette Julia&hellip;<\/p>\n","protected":false},"author":1,"featured_media":0,"comment_status":"closed","ping_status":"closed","sticky":false,"template":"","format":"standard","meta":{"footnotes":""},"categories":[1],"tags":[353,1001,765,27,3566],"class_list":["post-1641","post","type-post","status-publish","format-standard","hentry","category-uncategorized","tag-abolitionism","tag-civil-war","tag-slavery","tag-history","tag-ulysses-s-grant"],"_links":{"self":[{"href":"https:\/\/www.lifescienceart.com\/hu\/wp-json\/wp\/v2\/posts\/1641","targetHints":{"allow":["GET"]}}],"collection":[{"href":"https:\/\/www.lifescienceart.com\/hu\/wp-json\/wp\/v2\/posts"}],"about":[{"href":"https:\/\/www.lifescienceart.com\/hu\/wp-json\/wp\/v2\/types\/post"}],"author":[{"embeddable":true,"href":"https:\/\/www.lifescienceart.com\/hu\/wp-json\/wp\/v2\/users\/1"}],"replies":[{"embeddable":true,"href":"https:\/\/www.lifescienceart.com\/hu\/wp-json\/wp\/v2\/comments?post=1641"}],"version-history":[{"count":1,"href":"https:\/\/www.lifescienceart.com\/hu\/wp-json\/wp\/v2\/posts\/1641\/revisions"}],"predecessor-version":[{"id":1642,"href":"https:\/\/www.lifescienceart.com\/hu\/wp-json\/wp\/v2\/posts\/1641\/revisions\/1642"}],"wp:attachment":[{"href":"https:\/\/www.lifescienceart.com\/hu\/wp-json\/wp\/v2\/media?parent=1641"}],"wp:term":[{"taxonomy":"category","embeddable":true,"href":"https:\/\/www.lifescienceart.com\/hu\/wp-json\/wp\/v2\/categories?post=1641"},{"taxonomy":"post_tag","embeddable":true,"href":"https:\/\/www.lifescienceart.com\/hu\/wp-json\/wp\/v2\/tags?post=1641"}],"curies":[{"name":"wp","href":"https:\/\/api.w.org\/{rel}","templated":true}]}}