{"id":16468,"date":"2023-07-24T04:48:51","date_gmt":"2023-07-24T04:48:51","guid":{"rendered":"https:\/\/www.lifescienceart.com\/?p=16468"},"modified":"2023-07-24T04:48:51","modified_gmt":"2023-07-24T04:48:51","slug":"autism-a-scholars-and-fathers-perspective-on-neurodiversity","status":"publish","type":"post","link":"https:\/\/www.lifescienceart.com\/hu\/science\/neuroscience\/autism-a-scholars-and-fathers-perspective-on-neurodiversity\/","title":{"rendered":"Unstrange Minds: Rethinking Autism Through Cultural Lenses and Scientific Evidence"},"content":{"rendered":"<h2 class=\"wp-block-heading\">Autizmus: Egy tud\u00f3s \u00e9s egy apa szemsz\u00f6g\u00e9b\u0151l<\/h2>\n\n<h2 class=\"wp-block-heading\">Roy Richard Grinker \u00faj k\u00f6nyve f\u00e9nyt der\u00edt az autizmusra<\/h2>\n\n<p>Roy Richard Grinker, antropol\u00f3gus \u00e9s autizmussal \u00e9l\u0151 l\u00e1ny \u00e9desapja, \u00faj k\u00f6nyv\u00e9ben, az &#8220;Unstrange Minds&#8221;-ben egyedi n\u00e9z\u0151pontot k\u00edn\u00e1l az \u00e1llapotr\u00f3l. Grinker szem\u00e9lyes tapasztalataira \u00e9s kutat\u00e1saira t\u00e1maszkodva kih\u00edv\u00e1st int\u00e9z az autizmussal kapcsolatos \u00e1ltal\u00e1nos t\u00e9vhitekkel szemben, \u00e9s felt\u00e1rja, hogy a k\u00fcl\u00f6nb\u00f6z\u0151 kult\u00far\u00e1k hogyan \u00e9rz\u00e9kelik \u00e9s t\u00e1mogatj\u00e1k az autista egy\u00e9neket.<\/p>\n\n<h2 class=\"wp-block-heading\">Kultur\u00e1lis n\u00e9z\u0151pontok az autizmusr\u00f3l<\/h2>\n\n<p>Grinker kiemeli az autizmus meg\u00edt\u00e9l\u00e9s\u00e9ben \u00e9s kezel\u00e9s\u00e9ben tapasztalhat\u00f3 szembet\u0171n\u0151 k\u00fcl\u00f6nbs\u00e9geket a k\u00fcl\u00f6nb\u00f6z\u0151 kult\u00far\u00e1k k\u00f6z\u00f6tt. A Kong\u00f3i Demokratikus K\u00f6zt\u00e1rsas\u00e1gban az autizmussal \u00e9l\u0151 embereket gyakran elismerik kiemelked\u0151 k\u00e9pess\u00e9geik\u00e9rt, \u00e9s \u00fagy v\u00e9lik, hogy kapcsolatban \u00e1llnak a szellemvil\u00e1ggal. Hasonl\u00f3k\u00e9ppen, a navah\u00f3k az autizmust az \u00f6r\u00f6k gyermekkor egy form\u00e1j\u00e1nak tekintik, m\u00edg Szeneg\u00e1lban az autista egy\u00e9neket &#8220;csod\u00e1latos gyerekeknek&#8221; nevezik.<\/p>\n\n<h2 class=\"wp-block-heading\">Az autizmus &#8220;j\u00e1rv\u00e1ny&#8221;: Egy t\u00f6k\u00e9letes vihar<\/h2>\n\n<p>Grinker azzal \u00e9rvel, hogy az autizmus el\u0151fordul\u00e1s\u00e1nak \u00e9szlelt n\u00f6veked\u00e9se az Egyes\u00fclt \u00c1llamokban nem a rendelleness\u00e9g t\u00e9nyleges n\u00f6veked\u00e9s\u00e9nek k\u00f6sz\u00f6nhet\u0151, hanem ink\u00e1bb olyan t\u00e9nyez\u0151k &#8220;t\u00f6k\u00e9letes vihar\u00e1nak&#8221;, mint p\u00e9ld\u00e1ul:<\/p>\n\n<ul class=\"wp-block-list\">\n<li>A tudatoss\u00e1g n\u00f6veked\u00e9se \u00e9s a megb\u00e9lyegz\u00e9s cs\u00f6kken\u00e9se<\/li>\n<li>A diagnosztikai m\u00f3dszerek fejl\u0151d\u00e9se<\/li>\n<li>Az autizmus defin\u00edci\u00f3j\u00e1nak v\u00e1ltoz\u00e1sa<\/li>\n<li>A korai felismer\u00e9s<\/li>\n<\/ul>\n\n<h2 class=\"wp-block-heading\">Kult\u00fara \u00e9s tudom\u00e1ny: Dinamikus kapcsolat<\/h2>\n\n<p>Grinker hangs\u00falyozza a kult\u00fara tudom\u00e1nyra gyakorolt m\u00e9ly hat\u00e1s\u00e1t. Megfigyeli, hogy a t\u00e1rsadalmi attit\u0171d\u00f6k \u00e9s felfog\u00e1sok v\u00e1ltoz\u00e1sai hajtott\u00e1k az autizmus meg\u00e9rt\u00e9s\u00e9ben \u00e9s diagnosztiz\u00e1l\u00e1s\u00e1ban el\u00e9rt tudom\u00e1nyos el\u0151rel\u00e9p\u00e9seket. Ez a dinamikus kapcsolat a kult\u00fara \u00e9s a tudom\u00e1ny k\u00f6z\u00f6tt nyilv\u00e1nval\u00f3 a neurodiverzit\u00e1s egyre n\u00f6vekv\u0151 elismer\u00e9s\u00e9ben \u00e9s az autista egy\u00e9nek t\u00e1rsadalom \u00e9rt\u00e9kes tagjaik\u00e9nt val\u00f3 elfogad\u00e1s\u00e1ban.<\/p>\n\n<h2 class=\"wp-block-heading\">A vakcin\u00e1k szerepe: Egy m\u00edtosz lerombol\u00e1sa<\/h2>\n\n<p>Grinker hat\u00e1rozottan c\u00e1folja azt az alaptalan \u00e1ll\u00edt\u00e1st, hogy a vakcin\u00e1k szerepet j\u00e1tszanak az autizmus kialakul\u00e1s\u00e1ban. A tudom\u00e1nyos bizony\u00edt\u00e9kok d\u00f6nt\u0151 t\u00f6bbs\u00e9g\u00e9re hivatkozik, miszerint a vakcin\u00e1k biztons\u00e1gosak, \u00e9s semmi k\u00f6z\u00fck az autizmushoz vagy annak el\u0151fordul\u00e1s\u00e1hoz.<\/p>\n\n<h2 class=\"wp-block-heading\">Az autizmus, mint \u00f6sszetett rendelleness\u00e9g<\/h2>\n\n<p>Grinker hangs\u00falyozza, hogy az autizmus egy rendk\u00edv\u00fcl v\u00e1ltoz\u00e9kony rendelleness\u00e9g, amelynek sz\u00e1mos genetikai oka van. K\u00e9rd\u0151re vonja az egyetlen, univerz\u00e1lis ok fogalm\u00e1t, \u00e9s kiemeli a diagn\u00f3zis \u00e9s a kezel\u00e9s individualiz\u00e1lt megk\u00f6zel\u00edt\u00e9seinek fontoss\u00e1g\u00e1t.<\/p>\n\n<h2 class=\"wp-block-heading\">A korai felismer\u00e9s \u00e9s beavatkoz\u00e1s fontoss\u00e1ga<\/h2>\n\n<p>Grinker hangs\u00falyozza a korai felismer\u00e9s \u00e9s beavatkoz\u00e1s kritikus fontoss\u00e1g\u00e1t az autista gyermekek sz\u00e1m\u00e1ra. Hangs\u00falyozza, hogy a korai t\u00e1mogat\u00e1s jelent\u0151sen jav\u00edthatja a kimeneteleket, \u00e9s seg\u00edthet az autista egy\u00e9neknek abban, hogy kiakn\u00e1zhass\u00e1k teljes potenci\u00e1ljukat.<\/p>\n\n<h2 class=\"wp-block-heading\">K\u00f6z\u00f6ss\u00e9gi t\u00e1mogat\u00e1s: Egy l\u00e9tfontoss\u00e1g\u00fa alap<\/h2>\n\n<p>Grinker kiemeli azt a l\u00e9nyeges szerepet, amelyet a k\u00f6z\u00f6ss\u00e9gek j\u00e1tszanak az autista egy\u00e9nek \u00e9s csal\u00e1djaik t\u00e1mogat\u00e1s\u00e1ban. Hangs\u00falyozza az inkluz\u00edv k\u00f6rnyezet, a hozz\u00e1f\u00e9rhet\u0151 er\u0151forr\u00e1sok \u00e9s az elfogad\u00e1s kult\u00far\u00e1j\u00e1nak sz\u00fcks\u00e9gess\u00e9g\u00e9t, amely lehet\u0151v\u00e9 teszi az autista emberek sz\u00e1m\u00e1ra a fejl\u0151d\u00e9st.<\/p>\n\n<h2 class=\"wp-block-heading\">K\u00f6vetkeztet\u00e9s<\/h2>\n\n<p>Roy Richard Grinker &#8220;Unstrange Minds&#8221; c\u00edm\u0171 k\u00f6nyve egy gondolat\u00e9breszt\u0151 \u00e9s \u00e1rnyalt betekint\u00e9st ny\u00fajt az autizmusba, mind tudom\u00e1nyos, mind szem\u00e9lyes szempontb\u00f3l. Az el\u0151\u00edt\u00e9letek kih\u00edv\u00e1s\u00e1val, a kultur\u00e1lis sokf\u00e9les\u00e9g kiemel\u00e9s\u00e9vel \u00e9s az bizony\u00edt\u00e9kokon alapul\u00f3 megk\u00f6zel\u00edt\u00e9sek fontoss\u00e1g\u00e1nak hangs\u00falyoz\u00e1s\u00e1val Grinker \u00faj f\u00e9nyt vet erre az \u00f6sszetett \u00e1llapotra, \u00e9s ki\u00e1ll egy befogad\u00f3bb \u00e9s t\u00e1mogat\u00f3bb t\u00e1rsadalom mellett az autista egy\u00e9nek sz\u00e1m\u00e1ra.<\/p>","protected":false},"excerpt":{"rendered":"<p>Autizmus: Egy tud\u00f3s \u00e9s egy apa szemsz\u00f6g\u00e9b\u0151l Roy Richard Grinker \u00faj k\u00f6nyve f\u00e9nyt der\u00edt az autizmusra Roy Richard Grinker, antropol\u00f3gus \u00e9s autizmussal \u00e9l\u0151 l\u00e1ny \u00e9desapja, \u00faj k\u00f6nyv\u00e9ben, az &#8220;Unstrange Minds&#8221;-ben&hellip;<\/p>\n","protected":false},"author":6,"featured_media":0,"comment_status":"closed","ping_status":"","sticky":false,"template":"","format":"standard","meta":{"footnotes":""},"categories":[411],"tags":[6873,21796,7795,15282,21797],"class_list":["post-16468","post","type-post","status-publish","format-standard","hentry","category-neuroscience","tag-autism","tag-cultural-perspectives","tag-neurodiversity","tag-scientific-evidence","tag-unstrange-minds"],"_links":{"self":[{"href":"https:\/\/www.lifescienceart.com\/hu\/wp-json\/wp\/v2\/posts\/16468","targetHints":{"allow":["GET"]}}],"collection":[{"href":"https:\/\/www.lifescienceart.com\/hu\/wp-json\/wp\/v2\/posts"}],"about":[{"href":"https:\/\/www.lifescienceart.com\/hu\/wp-json\/wp\/v2\/types\/post"}],"author":[{"embeddable":true,"href":"https:\/\/www.lifescienceart.com\/hu\/wp-json\/wp\/v2\/users\/6"}],"replies":[{"embeddable":true,"href":"https:\/\/www.lifescienceart.com\/hu\/wp-json\/wp\/v2\/comments?post=16468"}],"version-history":[{"count":1,"href":"https:\/\/www.lifescienceart.com\/hu\/wp-json\/wp\/v2\/posts\/16468\/revisions"}],"predecessor-version":[{"id":16469,"href":"https:\/\/www.lifescienceart.com\/hu\/wp-json\/wp\/v2\/posts\/16468\/revisions\/16469"}],"wp:attachment":[{"href":"https:\/\/www.lifescienceart.com\/hu\/wp-json\/wp\/v2\/media?parent=16468"}],"wp:term":[{"taxonomy":"category","embeddable":true,"href":"https:\/\/www.lifescienceart.com\/hu\/wp-json\/wp\/v2\/categories?post=16468"},{"taxonomy":"post_tag","embeddable":true,"href":"https:\/\/www.lifescienceart.com\/hu\/wp-json\/wp\/v2\/tags?post=16468"}],"curies":[{"name":"wp","href":"https:\/\/api.w.org\/{rel}","templated":true}]}}