{"id":16622,"date":"2019-05-03T07:06:23","date_gmt":"2019-05-03T07:06:23","guid":{"rendered":"https:\/\/www.lifescienceart.com\/?p=16622"},"modified":"2019-05-03T07:06:23","modified_gmt":"2019-05-03T07:06:23","slug":"bacterial-paint-the-future-of-color","status":"publish","type":"post","link":"https:\/\/www.lifescienceart.com\/hu\/science\/biotechnology\/bacterial-paint-the-future-of-color\/","title":{"rendered":"Bakteri\u00e1lis fest\u00e9k: forradalom a sz\u00ednk\u00e9sz\u00edt\u00e9sben"},"content":{"rendered":"<h2 class=\"wp-block-heading\">Bakteri\u00e1lis fest\u00e9k: forradalmi m\u00f3dja a sz\u00ednek l\u00e9trehoz\u00e1s\u00e1nak<\/h2>\n\n<p>K\u00e9pzelj el egy olyan vil\u00e1got, ahol a fest\u00e9ket nem gy\u00e1rtj\u00e1k, hanem termesztik. Ez sci-finek t\u0171nhet, de val\u00f3s\u00e1gg\u00e1 v\u00e1lik a term\u00e9szetes sz\u00ednek reproduk\u00e1lhat\u00f3 genetikai k\u00f3dj\u00e1nak felfedez\u00e9s\u00e9nek k\u00f6sz\u00f6nhet\u0151en.<\/p>\n\n<h3 class=\"wp-block-heading\">A bakteri\u00e1lis fest\u00e9k m\u00f6g\u00f6tt \u00e1ll\u00f3 tudom\u00e1ny<\/h3>\n\n<p>A bakteri\u00e1lis fest\u00e9k kulcsa a Flavobacterium nev\u0171 bakt\u00e9riumt\u00edpusban rejlik. Ezek a bakt\u00e9riumok egyedi bels\u0151 nanoszerkezet\u00fcknek k\u00f6sz\u00f6nhet\u0151en term\u00e9szetes m\u00f3don f\u00e9mes z\u00f6ld sz\u00ednt t\u00fckr\u00f6znek. A tud\u00f3sok felfedezt\u00e9k, hogy ezen nanoszerkezetek\u00e9rt felel\u0151s g\u00e9nek manipul\u00e1l\u00e1s\u00e1val a teljes spektrumon \u00e1t\u00edvel\u0151 sz\u00ednsk\u00e1l\u00e1t, s\u0151t a term\u00e9szetben nem el\u0151fordul\u00f3 \u00e1rnyalatokat, p\u00e9ld\u00e1ul feh\u00e9ret \u00e9s barn\u00e1t is l\u00e9tre tudnak hozni.<\/p>\n\n<h3 class=\"wp-block-heading\">A bakteri\u00e1lis fest\u00e9k el\u0151nyei<\/h3>\n\n<p>A bakteri\u00e1lis fest\u00e9k sz\u00e1mos el\u0151nyt k\u00edn\u00e1l a hagyom\u00e1nyos fest\u00e9kekkel szemben:<\/p>\n\n<ul class=\"wp-block-list\">\n<li><strong>Leboml\u00f3:<\/strong> A bakteri\u00e1lis fest\u00e9k \u00e9l\u0151 szervezetekb\u0151l k\u00e9sz\u00fcl, \u00edgy term\u00e9szetesen leboml\u00f3 \u00e9s k\u00f6rnyezetbar\u00e1t.<\/li>\n<li><strong>Nem m\u00e9rgez\u0151:<\/strong> A gyakran k\u00e1ros vegyszereket tartalmaz\u00f3 hagyom\u00e1nyos fest\u00e9kekkel ellent\u00e9tben a bakteri\u00e1lis fest\u00e9k nem m\u00e9rgez\u0151, \u00e9s biztons\u00e1gos mind az emberek, mind a k\u00f6rnyezet sz\u00e1m\u00e1ra.<\/li>\n<li><strong>Tart\u00f3s:<\/strong> A bakteri\u00e1lis fest\u00e9k rendk\u00edv\u00fcl tart\u00f3s, ellen\u00e1ll a fakul\u00e1snak \u00e9s a lev\u00e1l\u00e1snak.<\/li>\n<li><strong>Sokoldal\u00fa:<\/strong> A bakteri\u00e1lis fest\u00e9k k\u00fcl\u00f6nf\u00e9le fel\u00fcleteken haszn\u00e1lhat\u00f3, bele\u00e9rtve a falakat, aut\u00f3kat, s\u0151t ruh\u00e1zatot is.<\/li>\n<li><strong>K\u00f6lts\u00e9ghat\u00e9kony:<\/strong> A bakteri\u00e1lis fest\u00e9knek sokkal k\u00f6lts\u00e9ghat\u00e9konyabbnak kell lennie, mint a hagyom\u00e1nyos fest\u00e9keknek, mivel viszonylag olcs\u00f3 anyagok felhaszn\u00e1l\u00e1s\u00e1val nagy mennyis\u00e9gben termeszthet\u0151.<\/li>\n<\/ul>\n\n<h3 class=\"wp-block-heading\">A bakteri\u00e1lis fest\u00e9k alkalmaz\u00e1sai<\/h3>\n\n<p>A bakteri\u00e1lis fest\u00e9knek sz\u00e9les k\u00f6r\u0171 lehets\u00e9ges alkalmaz\u00e1sa van k\u00fcl\u00f6nb\u00f6z\u0151 ipar\u00e1gakban:<\/p>\n\n<ul class=\"wp-block-list\">\n<li><strong>Aut\u00f3ipar:<\/strong> A bakteri\u00e1lis fest\u00e9k felhaszn\u00e1lhat\u00f3 aut\u00f3k \u00e9s m\u00e1s j\u00e1rm\u0171vek tart\u00f3s, nem m\u00e9rgez\u0151 bevonat\u00e1nak l\u00e9trehoz\u00e1s\u00e1ra.<\/li>\n<li><strong>\u00c9p\u00edt\u0151ipar:<\/strong> A bakteri\u00e1lis fest\u00e9k felhaszn\u00e1lhat\u00f3 \u00e9p\u00fcletek \u00e9s m\u00e1s szerkezetek leboml\u00f3 \u00e9s k\u00f6rnyezetbar\u00e1t fest\u00e9k\u00e9nek l\u00e9trehoz\u00e1s\u00e1ra.<\/li>\n<li><strong>Divat:<\/strong> A bakteri\u00e1lis fest\u00e9k felhaszn\u00e1lhat\u00f3 sz\u00ednes \u00e9s egyedi sz\u00f6vetek l\u00e9trehoz\u00e1s\u00e1ra ruh\u00e1zathoz \u00e9s m\u00e1s textili\u00e1khoz.<\/li>\n<li><strong>M\u0171v\u00e9szet:<\/strong> A bakteri\u00e1lis fest\u00e9k felhaszn\u00e1lhat\u00f3 \u00e9l\u00e9nk \u00e9s sziv\u00e1rv\u00e1nyos sz\u00edn\u0171 m\u0171alkot\u00e1sok l\u00e9trehoz\u00e1s\u00e1ra.<\/li>\n<li><strong>Orvostudom\u00e1ny:<\/strong> A bakteri\u00e1lis fest\u00e9k felhaszn\u00e1lhat\u00f3 orvosi eszk\u00f6z\u00f6k \u00e9s implant\u00e1tumok biokompatibilis bevonat\u00e1nak l\u00e9trehoz\u00e1s\u00e1ra.<\/li>\n<\/ul>\n\n<h3 class=\"wp-block-heading\">A bakteri\u00e1lis fest\u00e9kgy\u00e1rt\u00e1s kih\u00edv\u00e1sai<\/h3>\n\n<p>B\u00e1r a bakteri\u00e1lis fest\u00e9k sz\u00e1mos lehets\u00e9ges el\u0151nyt k\u00edn\u00e1l, a gy\u00e1rt\u00e1s\u00e1val is vannak \u00f6sszef\u00fcgg\u0151 kih\u00edv\u00e1sok:<\/p>\n\n<ul class=\"wp-block-list\">\n<li><strong>Felszkal\u00e1z\u00e1s:<\/strong> A bakteri\u00e1lis fest\u00e9kgy\u00e1rt\u00e1s kereskedelmi ig\u00e9nyek kiel\u00e9g\u00edt\u00e9s\u00e9re t\u00f6rt\u00e9n\u0151 n\u00f6vel\u00e9se kih\u00edv\u00e1st jelenthet, mivel speci\u00e1lis berendez\u00e9seket \u00e9s szak\u00e9rtelmet ig\u00e9nyel.<\/li>\n<li><strong>Sz\u00ednvez\u00e9rl\u00e9s:<\/strong> A bakteri\u00e1lis fest\u00e9k pontos sz\u00edn\u00e9nek szab\u00e1lyoz\u00e1sa neh\u00e9z lehet, mivel azt sz\u00e1mos t\u00e9nyez\u0151 befoly\u00e1solja, t\u00f6bbek k\u00f6z\u00f6tt a bakt\u00e9riumok genetikai \u00f6sszet\u00e9tele \u00e9s a n\u00f6veked\u00e9si k\u00f6r\u00fclm\u00e9nyek.<\/li>\n<li><strong>Stabilit\u00e1s:<\/strong> A bakteri\u00e1lis fest\u00e9k stabilit\u00e1s\u00e1nak \u00e9s hossz\u00fa \u00e9lettartam\u00e1nak biztos\u00edt\u00e1sa elengedhetetlen kereskedelmi \u00e9letk\u00e9pess\u00e9g\u00e9hez.<\/li>\n<\/ul>\n\n<h3 class=\"wp-block-heading\">A bakteri\u00e1lis fest\u00e9k j\u00f6v\u0151je<\/h3>\n\n<p>A kih\u00edv\u00e1sok ellen\u00e9re a bakteri\u00e1lis fest\u00e9k j\u00f6v\u0151je \u00edg\u00e9retesnek t\u0171nik. A kutat\u00f3k azon dolgoznak, hogy lek\u00fczdj\u00e9k a termel\u00e9si \u00e9s stabilit\u00e1si probl\u00e9m\u00e1kat, \u00e9s egyre nagyobb az \u00e9rdekl\u0151d\u00e9s azokban az ipar\u00e1gakban, amelyek profit\u00e1lhatnak ebb\u0151l a forradalmi \u00faj technol\u00f3gi\u00e1b\u00f3l.<\/p>\n\n<p>Ahogy a bakteri\u00e1lis fest\u00e9k egyre sz\u00e9lesebb k\u00f6rben el\u00e9rhet\u0151v\u00e9 v\u00e1lik, megvan a lehet\u0151s\u00e9ge arra, hogy megv\u00e1ltoztassa a sz\u00ednek l\u00e9trehoz\u00e1s\u00e1nak m\u00f3dj\u00e1t, \u00e9s forradalmas\u00edtsa az aut\u00f3ipart\u00f3l a m\u0171v\u00e9szetig terjed\u0151 ipar\u00e1gakat.<\/p>","protected":false},"excerpt":{"rendered":"<p>Bakteri\u00e1lis fest\u00e9k: forradalmi m\u00f3dja a sz\u00ednek l\u00e9trehoz\u00e1s\u00e1nak K\u00e9pzelj el egy olyan vil\u00e1got, ahol a fest\u00e9ket nem gy\u00e1rtj\u00e1k, hanem termesztik. Ez sci-finek t\u0171nhet, de val\u00f3s\u00e1gg\u00e1 v\u00e1lik a term\u00e9szetes sz\u00ednek reproduk\u00e1lhat\u00f3 genetikai&hellip;<\/p>\n","protected":false},"author":6,"featured_media":0,"comment_status":"closed","ping_status":"closed","sticky":false,"template":"","format":"standard","meta":{"footnotes":""},"categories":[1763],"tags":[21995,21996,21997,21998,14671],"class_list":["post-16622","post","type-post","status-publish","format-standard","hentry","category-biotechnology","tag-bacterial-paint","tag-biodegradable-paint","tag-non-toxic-paint","tag-structural-color","tag-natural-colors"],"_links":{"self":[{"href":"https:\/\/www.lifescienceart.com\/hu\/wp-json\/wp\/v2\/posts\/16622","targetHints":{"allow":["GET"]}}],"collection":[{"href":"https:\/\/www.lifescienceart.com\/hu\/wp-json\/wp\/v2\/posts"}],"about":[{"href":"https:\/\/www.lifescienceart.com\/hu\/wp-json\/wp\/v2\/types\/post"}],"author":[{"embeddable":true,"href":"https:\/\/www.lifescienceart.com\/hu\/wp-json\/wp\/v2\/users\/6"}],"replies":[{"embeddable":true,"href":"https:\/\/www.lifescienceart.com\/hu\/wp-json\/wp\/v2\/comments?post=16622"}],"version-history":[{"count":1,"href":"https:\/\/www.lifescienceart.com\/hu\/wp-json\/wp\/v2\/posts\/16622\/revisions"}],"predecessor-version":[{"id":16623,"href":"https:\/\/www.lifescienceart.com\/hu\/wp-json\/wp\/v2\/posts\/16622\/revisions\/16623"}],"wp:attachment":[{"href":"https:\/\/www.lifescienceart.com\/hu\/wp-json\/wp\/v2\/media?parent=16622"}],"wp:term":[{"taxonomy":"category","embeddable":true,"href":"https:\/\/www.lifescienceart.com\/hu\/wp-json\/wp\/v2\/categories?post=16622"},{"taxonomy":"post_tag","embeddable":true,"href":"https:\/\/www.lifescienceart.com\/hu\/wp-json\/wp\/v2\/tags?post=16622"}],"curies":[{"name":"wp","href":"https:\/\/api.w.org\/{rel}","templated":true}]}}