{"id":16772,"date":"2026-05-01T03:17:10","date_gmt":"2026-05-01T03:17:10","guid":{"rendered":"https:\/\/www.lifescienceart.com\/?p=16772"},"modified":"2026-05-01T03:17:10","modified_gmt":"2026-05-01T03:17:10","slug":"the-first-year-of-life-sculpture-and-the-changing-face-of-pregnancy","status":"publish","type":"post","link":"https:\/\/www.lifescienceart.com\/hu\/science\/medical-history\/the-first-year-of-life-sculpture-and-the-changing-face-of-pregnancy\/","title":{"rendered":"Az els\u0151 \u00e9let\u00e9v: Szobrok \u00e9s a terhess\u00e9g \u00e1talakul\u00f3 k\u00e9pe \u2013 Dickinson forradalmas\u00edt\u00f3 sz\u00fclet\u00e9s-sorozata"},"content":{"rendered":"<h2 class=\"wp-block-heading\">Az \u00e9let els\u0151 \u00e9ve: Szobrok \u00e9s a terhess\u00e9g v\u00e1ltoz\u00f3 arca<\/h2>\n\n<h2 class=\"wp-block-heading\">Orvosi \u00e1tt\u00f6r\u00e9s: A magzat felfed\u00e9se<\/h2>\n\n<p>1939-ben, a New York-i Vil\u00e1gki\u00e1ll\u00edt\u00e1son egy \u00fatt\u00f6r\u0151 bemutat\u00f3 ragadta meg a l\u00e1togat\u00f3kat: \u201eAz \u00e9let els\u0151 \u00e9ve\u201d, egy 24 szoborb\u00f3l \u00e1ll\u00f3 sorozat, amely a magzat fejl\u0151d\u00e9s\u00e9t \u00e1br\u00e1zolta a megterm\u00e9keny\u00edt\u00e9st\u0151l a sz\u00fclet\u00e9sig. Az orvostani\u2011sz\u00fcl\u00e9sz\u2011ginekol\u00f3gus \u00e9s m\u0171v\u00e9sz, Robert Latou Dickinson k\u00e9sz\u00edtette ezeket a szobrokat, amelyek m\u00e9rf\u00f6ldk\u0151nek sz\u00e1m\u00edtottak az orvosi oktat\u00e1sban \u00e9s a terhess\u00e9g nyilv\u00e1nos meg\u00e9rt\u00e9s\u00e9ben.<\/p>\n\n<p>Dickinson a t\u00f6rt\u00e9nelmi anat\u00f3miai modellekb\u0151l \u00e9s r\u00f6ntgenk\u00e9pekb\u0151l mer\u00edtett ihletet, de szoborai egyediek voltak \u00e9letnagys\u00e1g\u00fa r\u00e9szletess\u00e9g\u00fckkel \u00e9s a fejl\u0151d\u0151 magzat nyugodt \u00e1br\u00e1zol\u00e1s\u00e1val. Kih\u00edvt\u00e1k a korabeli n\u00e9zetet, miszerint a magzatok csup\u00e1n orvosi kuri\u00f3zumok, \u00e9s helyette sz\u00e9ps\u00e9gk\u00e9nt \u00e9s \u00e1mulatba ejt\u0151k\u00e9nt mutatt\u00e1k be \u0151ket.<\/p>\n\n<h2 class=\"wp-block-heading\">A k\u00e9p ereje: A k\u00f6zv\u00e9lem\u00e9ny form\u00e1l\u00e1sa<\/h2>\n\n<p>A Sz\u00fclet\u00e9s Sorozat m\u00e9ly hat\u00e1st gyakorolt a t\u00e1rsadalomra. Sz\u00e9les k\u00f6rben \u00fajra felhaszn\u00e1lt\u00e1k oktat\u00e1si anyagokban, megv\u00e1ltoztatva a di\u00e1kok \u00e9s a nagyk\u00f6z\u00f6ns\u00e9g terhess\u00e9gr\u0151l sz\u00f3l\u00f3 tanul\u00e1s\u00e1t. Dickinson szoborai a abortusz vit\u00e1j\u00e1t is befoly\u00e1solt\u00e1k, egyszerre v\u00e1ltak az \u00e9let szents\u00e9g\u00e9nek szimb\u00f3lum\u00e1v\u00e1 \u00e9s az anti\u2011abortista aktivist\u00e1k eszk\u00f6z\u00e9v\u00e9.<\/p>\n\n<p>Az azt k\u00f6vet\u0151 \u00e9vtizedekben m\u00e1s magzati k\u00e9pek jelentek meg, k\u00f6zt\u00fck Lennart Nilsson h\u00edres k\u00f6zelk\u00e9pei. Ezek a k\u00e9pek szorosan \u00f6sszefon\u00f3dtak a politikai \u00e9s etikai abortusz vit\u00e1kkal.<\/p>\n\n<h2 class=\"wp-block-heading\">Dickinson bonyolult \u00f6r\u00f6ks\u00e9ge: Orvostudom\u00e1ny, eugenika \u00e9s reprodukt\u00edv jogok<\/h2>\n\n<p>Dickinson \u00f6sszetett szem\u00e9lyis\u00e9g volt, aki egyszerre fejlesztette a reprodukt\u00edv eg\u00e9szs\u00e9get \u00e9s olyan n\u00e9zeteket vallott, amelyek ma aggodalomra adnak okot. A fogamz\u00e1sg\u00e1tl\u00e1s \u00e9s az abortusz sz\u00f3sz\u00f3l\u00f3ja volt, azt \u00e1ll\u00edtva, hogy a n\u0151knek joga van saj\u00e1t test\u00fck felett d\u00f6nteni. Ugyanakkor t\u00e1mogatta az eugenikus steriliz\u00e1ci\u00f3t, amely a kisebbs\u00e9gi csoportokat c\u00e9lozta.<\/p>\n\n<p>Szoborai t\u00fckr\u00f6zt\u00e9k kor\u00e1nak rasszista el\u0151\u00edt\u00e9leteit, eur\u00f3pai von\u00e1sokkal \u00e1br\u00e1zolva a magzatokat. Modellk\u00e9nt szolg\u00e1ltak nagyobb szobrokhoz, amelyek az \u201eide\u00e1lis\u201d amerikai f\u00e9rfit \u00e9s n\u0151t \u00e1br\u00e1zolt\u00e1k.<\/p>\n\n<h2 class=\"wp-block-heading\">Tart\u00f3s hat\u00e1s: Magzatok, jelent\u00e9s \u00e9s \u00e9rtelmez\u00e9s<\/h2>\n\n<p>Ma Dickinson Sz\u00fclet\u00e9s Sorozata tov\u00e1bbra is kih\u00edv\u00e1st jelent a magzati k\u00e9pekkel kapcsolatos felt\u00e9telez\u00e9seinkre. Eml\u00e9keztet arra, hogy az ilyen \u00e1br\u00e1zol\u00e1sok nem \u00f6nmagukban pro\u2011life vagy anti\u2011abortusz \u00fczenetek, hanem ink\u00e1bb egy Rorschach\u2011teszthez hasonl\u00f3an sz\u00e9les jelent\u00e9startom\u00e1nyt hordoznak.<\/p>\n\n<p>A sorozat fontos k\u00e9rd\u00e9seket vet fel az orvosi k\u00e9pek szerep\u00e9r\u0151l a k\u00f6zv\u00e9lem\u00e9ny alak\u00edt\u00e1s\u00e1ban, a reprodukt\u00edv jogok etikai \u00e9s jogi vonatkoz\u00e1sair\u00f3l, valamint azoknak a szem\u00e9lyeknek a bonyolult \u00f6r\u00f6ks\u00e9g\u00e9r\u0151l, akik orvosi el\u0151rel\u00e9p\u00e9seket \u00e9rtek el, mik\u00f6zben probl\u00e9m\u00e1s n\u00e9zeteket vallottak.<\/p>\n\n<h2 class=\"wp-block-heading\">Hossz\u00fa farok kulcsszavak:<\/h2>\n\n<ul class=\"wp-block-list\">\n<li>A magzati k\u00e9pek t\u00f6rt\u00e9nete az orvostudom\u00e1nyban<\/li>\n<li>A m\u0171v\u00e9szet szerepe az orvosi oktat\u00e1sban<\/li>\n<li>A magzati k\u00e9pek hat\u00e1sa az abortusz vit\u00e1kra<\/li>\n<li>Az eugenika etikai vonatkoz\u00e1sai<\/li>\n<li>A terhess\u00e9g \u00e9s a sz\u00fcl\u00e9s v\u00e1ltoz\u00f3 n\u00e9zetei<\/li>\n<li>Robert Latou Dickinson \u00f6r\u00f6ks\u00e9ge<\/li>\n<\/ul>","protected":false},"excerpt":{"rendered":"<p>Az \u00e9let els\u0151 \u00e9ve: Szobrok \u00e9s a terhess\u00e9g v\u00e1ltoz\u00f3 arca Orvosi \u00e1tt\u00f6r\u00e9s: A magzat felfed\u00e9se 1939-ben, a New York-i Vil\u00e1gki\u00e1ll\u00edt\u00e1son egy \u00fatt\u00f6r\u0151 bemutat\u00f3 ragadta meg a l\u00e1togat\u00f3kat: \u201eAz \u00e9let els\u0151&hellip;<\/p>\n","protected":false},"author":2,"featured_media":25415,"comment_status":"closed","ping_status":"closed","sticky":false,"template":"","format":"standard","meta":{"footnotes":""},"categories":[7010],"tags":[99,4585,22188,451,705,22189],"class_list":["post-16772","post","type-post","status-publish","format-standard","has-post-thumbnail","hentry","category-medical-history","tag-lifescienceart","tag-eugenics","tag-fetal-development","tag-art-and-science","tag-medical-history","tag-reproductive-rights"],"_links":{"self":[{"href":"https:\/\/www.lifescienceart.com\/hu\/wp-json\/wp\/v2\/posts\/16772","targetHints":{"allow":["GET"]}}],"collection":[{"href":"https:\/\/www.lifescienceart.com\/hu\/wp-json\/wp\/v2\/posts"}],"about":[{"href":"https:\/\/www.lifescienceart.com\/hu\/wp-json\/wp\/v2\/types\/post"}],"author":[{"embeddable":true,"href":"https:\/\/www.lifescienceart.com\/hu\/wp-json\/wp\/v2\/users\/2"}],"replies":[{"embeddable":true,"href":"https:\/\/www.lifescienceart.com\/hu\/wp-json\/wp\/v2\/comments?post=16772"}],"version-history":[{"count":2,"href":"https:\/\/www.lifescienceart.com\/hu\/wp-json\/wp\/v2\/posts\/16772\/revisions"}],"predecessor-version":[{"id":25416,"href":"https:\/\/www.lifescienceart.com\/hu\/wp-json\/wp\/v2\/posts\/16772\/revisions\/25416"}],"wp:featuredmedia":[{"embeddable":true,"href":"https:\/\/www.lifescienceart.com\/hu\/wp-json\/wp\/v2\/media\/25415"}],"wp:attachment":[{"href":"https:\/\/www.lifescienceart.com\/hu\/wp-json\/wp\/v2\/media?parent=16772"}],"wp:term":[{"taxonomy":"category","embeddable":true,"href":"https:\/\/www.lifescienceart.com\/hu\/wp-json\/wp\/v2\/categories?post=16772"},{"taxonomy":"post_tag","embeddable":true,"href":"https:\/\/www.lifescienceart.com\/hu\/wp-json\/wp\/v2\/tags?post=16772"}],"curies":[{"name":"wp","href":"https:\/\/api.w.org\/{rel}","templated":true}]}}