{"id":16790,"date":"2024-08-08T13:35:34","date_gmt":"2024-08-08T13:35:34","guid":{"rendered":"https:\/\/www.lifescienceart.com\/?p=16790"},"modified":"2024-08-08T13:35:34","modified_gmt":"2024-08-08T13:35:34","slug":"abraham-lincolns-voice-a-historical-enigma","status":"publish","type":"post","link":"https:\/\/www.lifescienceart.com\/hu\/uncategorized\/abraham-lincolns-voice-a-historical-enigma\/","title":{"rendered":"Abraham Lincoln hangja: egy t\u00f6rt\u00e9nelmi rejt\u00e9ly"},"content":{"rendered":"<h2 class=\"wp-block-heading\">Abraham Lincoln hangja: egy t\u00f6rt\u00e9nelmi rejt\u00e9ly<\/h2>\n\n<h2 class=\"wp-block-heading\">Lincoln hangj\u00e1nak titka<\/h2>\n\n<p>Abraham Lincoln hangja mindig is leny\u0171g\u00f6zte a t\u00f6rt\u00e9n\u00e9szeket \u00e9s a k\u00f6zv\u00e9lem\u00e9nyt egyar\u00e1nt. Amerikai t\u00f6rt\u00e9nelemre gyakorolt m\u00e9ly hat\u00e1sa ellen\u00e9re nincsenek hangfelv\u00e9telek a hangj\u00e1r\u00f3l. Ennek hi\u00e1nya miatt csak szemtan\u00fai besz\u00e1mol\u00f3kra \u00e9s \u00edr\u00e1sos le\u00edr\u00e1sokra hagyatkozhatunk, hogy \u00f6sszerakjuk a vok\u00e1lis jellemz\u0151it.<\/p>\n\n<h2 class=\"wp-block-heading\">A tenor<\/h2>\n\n<p>Lincoln hangj\u00e1nak egyik legfelt\u0171n\u0151bb von\u00e1sa a tenorsz\u00f6vege volt. Harold Holzer, egy vezet\u0151 Lincoln-kutat\u00f3 \u00fagy \u00edrja le, hogy &#8220;egy kicsit \u00e9lesebb, egy kicsit magasabb&#8221;, mint sokan gondoln\u00e1k. Holzer azonban hangs\u00falyozza, hogy Lincoln hangja nem volt vis\u00edt\u00f3, hanem sz\u00e9pen sz\u00f3lt a t\u00f6megbe.<\/p>\n\n<h2 class=\"wp-block-heading\">A t\u00edzperces hat\u00e1r<\/h2>\n\n<p>Holzer \u00e9rdekes mint\u00e1t jegyzett meg Lincoln besz\u00e9deinek besz\u00e1mol\u00f3iban. Kezdetben a hallgat\u00f3k gyakran megd\u00f6bbentek szokatlan hangj\u00e1n \u00e9s megjelen\u00e9s\u00e9n. K\u00f6r\u00fclbel\u00fcl t\u00edz perc eltelt\u00e9vel azonban elb\u0171v\u00f6lt\u00e9k az \u00f6tletei \u00e9s az el\u0151ad\u00e1sa. Holzer ezt &#8220;var\u00e1zslatos pillanatnak&#8221; nevezi, amikor Lincoln hangja &#8220;sebess\u00e9gbe kapcsol&#8221;.<\/p>\n\n<h2 class=\"wp-block-heading\">Sz\u00edn\u00e9szek \u00e9rtelmez\u00e9sei<\/h2>\n\n<p>Azok a sz\u00edn\u00e9szek, akik Lincolnt alak\u00edtott\u00e1k a filmv\u00e1sznon, szembes\u00fcltek azzal a kih\u00edv\u00e1ssal, hogy \u00fajraalkots\u00e1k enigmatikus hangj\u00e1t. Sam Waterston, aki Lincolnt j\u00e1tszotta Ken Burns &#8220;The Civil War&#8221; c\u00edm\u0171 filmj\u00e9ben, szorgalmasan dolgozott azon, hogy megragadja Lincoln orrhangj\u00e1t \u00e9s magas hangfekv\u00e9s\u00e9t. Gregory Peck az 1980-as \u00e9vekben k\u00e9sz\u00fclt &#8220;The Blue and the Gray&#8221; c\u00edm\u0171 minisorozatban egy m\u00e9ly \u00e9s zeng\u0151 hangot mutatott be, elt\u00e9rve a t\u00f6rt\u00e9nelmi le\u00edr\u00e1sokt\u00f3l.<\/p>\n\n<h2 class=\"wp-block-heading\">A hang m\u00f6g\u00f6tt az ember<\/h2>\n\n<p>Lincoln hangja nem csup\u00e1n egy fizikai tulajdons\u00e1g volt. Olyan eszk\u00f6z volt, amellyel kapcsolatba l\u00e9pett a k\u00f6z\u00f6ns\u00e9ggel, \u00e9s k\u00f6zvet\u00edtette gondolatait. Az sz\u00f3noklat mestere volt, akit \u00e9kessz\u00f3l\u00f3 besz\u00e9deir\u0151l \u00e9s er\u0151teljes el\u0151ad\u00e1sm\u00f3dj\u00e1r\u00f3l ismertek. Szokatlan hangja ellen\u00e9re Lincoln szavai el\u78e8\u706d\u4e0d\u6389\u7684 nyomot hagytak az amerikai t\u00f6rt\u00e9nelemben.<\/p>\n\n<h2 class=\"wp-block-heading\">Egy \u00e1llamf\u00e9rfi hangja<\/h2>\n\n<p>Lincoln hangja karakter\u00e9nek t\u00fckre volt. Egy olyan ember volt, aki szer\u00e9ny k\u00f6r\u00fclm\u00e9nyek k\u00f6z\u00fcl emelkedett fel, hogy az amerikai t\u00f6rt\u00e9nelem egyik legbefoly\u00e1sosabb alakj\u00e1v\u00e1 v\u00e1ljon. Hangja, mint vezet\u00e9se, egyszerre volt szokatlan \u00e9s hat\u00e9kony. Megtestes\u00edtette elsz\u00e1nts\u00e1g\u00e1t, intelligenci\u00e1j\u00e1t \u00e9s rend\u00edthetetlen hit\u00e9t a szavak erej\u00e9ben.<\/p>\n\n<h2 class=\"wp-block-heading\">Egy hang \u00f6r\u00f6ks\u00e9ge<\/h2>\n\n<p>B\u00e1r lehet, hogy soha nem halljuk Lincoln hangj\u00e1t eredeti form\u00e1j\u00e1ban, \u00f6r\u00f6ks\u00e9ge tov\u00e1bb \u00e9l. Besz\u00e9dei ma is inspir\u00e1lj\u00e1k \u00e9s meg\u00e9rintik a k\u00f6z\u00f6ns\u00e9get. Azoknak a besz\u00e1mol\u00f3inak k\u00f6sz\u00f6nhet\u0151en, akik hallott\u00e1k \u0151t besz\u00e9lni, betekint\u00e9st nyerhet\u00fcnk egy olyan ember enigmatikus hangj\u00e1ba, aki seg\u00edtett alak\u00edtani az amerikai t\u00f6rt\u00e9nelem menet\u00e9t.<\/p>\n\n<h2 class=\"wp-block-heading\">Lincoln akcentusa \u00e9s besz\u00e9dst\u00edlusa<\/h2>\n\n<p>Lincoln akcentusa Indiana \u00e9s Kentucky kever\u00e9ke volt. Hajlamos volt olyan szavakat kiejteni, mint az &#8220;inaugral&#8221; &#8220;inaugerel&#8221;-k\u00e9nt. William Herndon, Lincoln \u00fcgyv\u00e9dt\u00e1rsa &#8220;nagyon visszafogottnak&#8221; \u00edrta le besz\u00e9dst\u00edlus\u00e1t. Lincoln ritk\u00e1n gesztikul\u00e1lt vagy barangolt a sz\u00ednpadon, ehelyett hangj\u00e1ra \u00e9s szavaira t\u00e1maszkodott, hogy leny\u0171g\u00f6zze k\u00f6z\u00f6ns\u00e9g\u00e9t.<\/p>\n\n<h2 class=\"wp-block-heading\">Lincoln hangj\u00e1nak jelent\u0151s\u00e9ge<\/h2>\n\n<p>Lincoln hangja d\u00f6nt\u0151 szerepet j\u00e1tszott siker\u00e9ben, mint sz\u00f3nokban \u00e9s vezet\u0151ben. Lehet\u0151v\u00e9 tette sz\u00e1m\u00e1ra, hogy szem\u00e9lyes szinten l\u00e9pjen kapcsolatba a k\u00f6z\u00f6ns\u00e9ggel, \u00e9s vil\u00e1gosan \u00e9s er\u0151teljesen k\u00f6zvet\u00edtse \u00f6tleteit. Szokatlan hangja egyedi karakter\u00e9r\u0151l \u00e9s arra val\u00f3 k\u00e9pess\u00e9g\u00e9r\u0151l tan\u00faskodott, hogy t\u00fall\u00e9pjen kora elv\u00e1r\u00e1sain.<\/p>\n\n<h2 class=\"wp-block-heading\">K\u00f6vetkeztet\u00e9s<\/h2>\n\n<p>Abraham Lincoln hangja tov\u00e1bbra is rejt\u00e9ly, de hi\u00e1nya csak fokozta elb\u0171v\u00f6l\u00e9s\u00fcnket ez ir\u00e1nt a rendk\u00edv\u00fcli alak ir\u00e1nt. Kort\u00e1rsai besz\u00e1mol\u00f3i \u00e9s a sz\u00edn\u00e9szek \u00e9rtelmez\u00e9sei r\u00e9v\u00e9n cs\u00e1b\u00edt\u00f3 pillant\u00e1st vethet\u00fcnk egy olyan ember enigmatikus hangj\u00e1ra, aki el\u78e8\u706d\u4e0d\u6389\u7684 nyomot hagyott az amerikai t\u00f6rt\u00e9nelemben.<\/p>","protected":false},"excerpt":{"rendered":"<p>Abraham Lincoln hangja: egy t\u00f6rt\u00e9nelmi rejt\u00e9ly Lincoln hangj\u00e1nak titka Abraham Lincoln hangja mindig is leny\u0171g\u00f6zte a t\u00f6rt\u00e9n\u00e9szeket \u00e9s a k\u00f6zv\u00e9lem\u00e9nyt egyar\u00e1nt. Amerikai t\u00f6rt\u00e9nelemre gyakorolt m\u00e9ly hat\u00e1sa ellen\u00e9re nincsenek hangfelv\u00e9telek a&hellip;<\/p>\n","protected":false},"author":1,"featured_media":24032,"comment_status":"closed","ping_status":"closed","sticky":false,"template":"","format":"standard","meta":{"footnotes":""},"categories":[1],"tags":[4323,22206,4842,16887],"class_list":["post-16790","post","type-post","status-publish","format-standard","has-post-thumbnail","hentry","category-uncategorized","tag-abraham-lincoln","tag-voice-analysis","tag-oratory","tag-historical-enigma"],"_links":{"self":[{"href":"https:\/\/www.lifescienceart.com\/hu\/wp-json\/wp\/v2\/posts\/16790","targetHints":{"allow":["GET"]}}],"collection":[{"href":"https:\/\/www.lifescienceart.com\/hu\/wp-json\/wp\/v2\/posts"}],"about":[{"href":"https:\/\/www.lifescienceart.com\/hu\/wp-json\/wp\/v2\/types\/post"}],"author":[{"embeddable":true,"href":"https:\/\/www.lifescienceart.com\/hu\/wp-json\/wp\/v2\/users\/1"}],"replies":[{"embeddable":true,"href":"https:\/\/www.lifescienceart.com\/hu\/wp-json\/wp\/v2\/comments?post=16790"}],"version-history":[{"count":1,"href":"https:\/\/www.lifescienceart.com\/hu\/wp-json\/wp\/v2\/posts\/16790\/revisions"}],"predecessor-version":[{"id":16791,"href":"https:\/\/www.lifescienceart.com\/hu\/wp-json\/wp\/v2\/posts\/16790\/revisions\/16791"}],"wp:featuredmedia":[{"embeddable":true,"href":"https:\/\/www.lifescienceart.com\/hu\/wp-json\/wp\/v2\/media\/24032"}],"wp:attachment":[{"href":"https:\/\/www.lifescienceart.com\/hu\/wp-json\/wp\/v2\/media?parent=16790"}],"wp:term":[{"taxonomy":"category","embeddable":true,"href":"https:\/\/www.lifescienceart.com\/hu\/wp-json\/wp\/v2\/categories?post=16790"},{"taxonomy":"post_tag","embeddable":true,"href":"https:\/\/www.lifescienceart.com\/hu\/wp-json\/wp\/v2\/tags?post=16790"}],"curies":[{"name":"wp","href":"https:\/\/api.w.org\/{rel}","templated":true}]}}