{"id":17341,"date":"2020-10-02T00:38:46","date_gmt":"2020-10-02T00:38:46","guid":{"rendered":"https:\/\/www.lifescienceart.com\/?p=17341"},"modified":"2020-10-02T00:38:46","modified_gmt":"2020-10-02T00:38:46","slug":"electric-cars-climate-change","status":"publish","type":"post","link":"https:\/\/www.lifescienceart.com\/hu\/science\/transportation\/electric-cars-climate-change\/","title":{"rendered":"Elektromos aut\u00f3k: A vil\u00e1g megment\u0151i vagy sem?"},"content":{"rendered":"<h2 class=\"wp-block-heading\">Elektromos aut\u00f3k: Megment\u0151i a vil\u00e1gnak vagy sem?<\/h2>\n\n<h3 class=\"wp-block-heading\">\u00c9ghajlatv\u00e1ltoz\u00e1s \u00e9s elektromos aut\u00f3k<\/h3>\n\n<p>Az elektromos aut\u00f3kat az \u00e9ghajlatv\u00e1ltoz\u00e1s lehets\u00e9ges megold\u00e1sak\u00e9nt \u00fcdv\u00f6z\u00f6lt\u00e9k, mivel nem bocs\u00e1tanak ki k\u00e1rosanyagokat. Az elektromos aut\u00f3k k\u00f6rnyezeti hat\u00e1sa azonban nem olyan egy\u00e9rtelm\u0171, mint amilyennek l\u00e1tszik.<\/p>\n\n<h3 class=\"wp-block-heading\">A rejtett sz\u00e9nk\u00f6lts\u00e9g<\/h3>\n\n<p>B\u00e1r maguk az elektromos aut\u00f3k nem bocs\u00e1tanak ki \u00fcvegh\u00e1zhat\u00e1s\u00fa g\u00e1zokat, az akkumul\u00e1toraik m\u0171k\u00f6dtet\u00e9s\u00e9hez haszn\u00e1lt villamos energia hozz\u00e1j\u00e1rulhat a kibocs\u00e1t\u00e1shoz, ha fosszilis t\u00fczel\u0151anyagokb\u00f3l sz\u00e1rmazik. Az Egyes\u00fclt \u00c1llamokban p\u00e9ld\u00e1ul a villamos energia k\u00f6zel fele sz\u00e9nb\u0151l sz\u00e1rmazik, ami a sz\u00e9n-dioxid-kibocs\u00e1t\u00e1s egyik f\u0151 forr\u00e1sa.<\/p>\n\n<h3 class=\"wp-block-heading\">A meg\u00fajul\u00f3 energia szerepe<\/h3>\n\n<p>Az elektromos aut\u00f3k sz\u00e9nl\u00e1bnyom\u00e1nak val\u00f3di cs\u00f6kkent\u00e9s\u00e9hez \u00e1t kell t\u00e9rni a meg\u00fajul\u00f3 energiaforr\u00e1sokra, mint p\u00e9ld\u00e1ul a sz\u00e9l- \u00e9s a napenergia. Ez biztos\u00edtja, hogy az elektromos aut\u00f3k t\u00f6lt\u00e9s\u00e9hez haszn\u00e1lt villamos energia tiszta \u00e9s fenntarthat\u00f3 legyen.<\/p>\n\n<h3 class=\"wp-block-heading\">Az elektromos aut\u00f3k j\u00f6v\u0151je<\/h3>\n\n<p>Az elektromos aut\u00f3knak lehet\u0151s\u00e9g\u00fck van jelent\u0151s szerepet j\u00e1tszani az \u00fcvegh\u00e1zhat\u00e1s\u00fa g\u00e1zok kibocs\u00e1t\u00e1s\u00e1nak cs\u00f6kkent\u00e9s\u00e9ben, de csak akkor, ha meg\u00fajul\u00f3 energiaforr\u00e1sok hajtj\u00e1k \u0151ket. Ahogy a vil\u00e1g a karbonmentes j\u00f6v\u0151 fel\u00e9 halad, az elektromos aut\u00f3k egyre fontosabb\u00e1 v\u00e1lnak.<\/p>\n\n<h3 class=\"wp-block-heading\">A kih\u00edv\u00e1sok<\/h3>\n\n<p>Az elektromos aut\u00f3k nagym\u00e9rv\u0171 elterjed\u00e9se t\u00f6bb kih\u00edv\u00e1ssal is szembes\u00fcl. Ezek a k\u00f6vetkez\u0151k:<\/p>\n\n<ul class=\"wp-block-list\">\n<li><strong>K\u00f6lts\u00e9g:<\/strong> Az elektromos aut\u00f3k m\u00e9g mindig dr\u00e1g\u00e1bbak, mint a benzin\u00fczem\u0171 aut\u00f3k.<\/li>\n<li><strong>Hat\u00f3t\u00e1vols\u00e1g:<\/strong> Az elektromos aut\u00f3knak egyetlen felt\u00f6lt\u00e9ssel korl\u00e1tozott a hat\u00f3t\u00e1vols\u00e1guk, ami aggodalomra adhat okot a hossz\u00fa t\u00e1v\u00fa utaz\u00e1sok sor\u00e1n.<\/li>\n<li><strong>T\u00f6lt\u0151infrastrukt\u00fara:<\/strong> A t\u00f6lt\u0151\u00e1llom\u00e1sok el\u00e9rhet\u0151s\u00e9ge m\u00e9g mindig korl\u00e1tozott sok ter\u00fcleten, ami megnehez\u00edti az elektromos aut\u00f3 tulajdonl\u00e1s\u00e1t \u00e9s \u00fczemeltet\u00e9s\u00e9t.<\/li>\n<\/ul>\n\n<h3 class=\"wp-block-heading\">Az el\u0151ny\u00f6k<\/h3>\n\n<p>Ezen kih\u00edv\u00e1sok ellen\u00e9re az elektromos aut\u00f3k sz\u00e1mos el\u0151nyt k\u00edn\u00e1lnak, t\u00f6bbek k\u00f6z\u00f6tt:<\/p>\n\n<ul class=\"wp-block-list\">\n<li><strong>Cs\u00f6kkentett \u00fczemeltet\u00e9si k\u00f6lts\u00e9gek:<\/strong> A villamos energia olcs\u00f3bb, mint a benzin, \u00edgy az elektromos aut\u00f3k p\u00e9nzt takar\u00edthatnak meg a tulajdonosoknak az \u00fczemanyagk\u00f6lts\u00e9geken.<\/li>\n<li><strong>K\u00f6rnyezeti el\u0151ny\u00f6k:<\/strong> Az elektromos aut\u00f3k nem bocs\u00e1tanak ki k\u00e1rosanyagokat, ami seg\u00edthet jav\u00edtani a leveg\u0151 min\u0151s\u00e9g\u00e9t \u00e9s cs\u00f6kkenteni az \u00fcvegh\u00e1zhat\u00e1s\u00fa g\u00e1zok kibocs\u00e1t\u00e1s\u00e1t.<\/li>\n<li><strong>Csendes m\u0171k\u00f6d\u00e9s:<\/strong> Az elektromos aut\u00f3k sokkal csendesebbek, mint a benzin\u00fczem\u0171 aut\u00f3k, ami kellemesebb\u00e9 teheti a vezet\u00e9si \u00e9lm\u00e9nyt.<\/li>\n<\/ul>\n\n<h3 class=\"wp-block-heading\">K\u00f6vetkeztet\u00e9s<\/h3>\n\n<p>Az elektromos aut\u00f3knak megvan a lehet\u0151s\u00e9g\u00fck, hogy a fenntarthat\u00f3 k\u00f6zleked\u00e9s j\u00f6v\u0151j\u00e9nek jelent\u0151s r\u00e9sz\u00e9t k\u00e9pezz\u00e9k. Fontos azonban meg\u00e9rteni az elektromos aut\u00f3kra val\u00f3 \u00e1t\u00e1ll\u00e1shoz kapcsol\u00f3d\u00f3 kih\u00edv\u00e1sokat, \u00e9s biztos\u00edtani kell, hogy meg\u00fajul\u00f3 energiaforr\u00e1sok hajts\u00e1k \u0151ket, hogy maximaliz\u00e1ljuk k\u00f6rnyezeti el\u0151nyeiket.<\/p>","protected":false},"excerpt":{"rendered":"<p>Elektromos aut\u00f3k: Megment\u0151i a vil\u00e1gnak vagy sem? \u00c9ghajlatv\u00e1ltoz\u00e1s \u00e9s elektromos aut\u00f3k Az elektromos aut\u00f3kat az \u00e9ghajlatv\u00e1ltoz\u00e1s lehets\u00e9ges megold\u00e1sak\u00e9nt \u00fcdv\u00f6z\u00f6lt\u00e9k, mivel nem bocs\u00e1tanak ki k\u00e1rosanyagokat. Az elektromos aut\u00f3k k\u00f6rnyezeti hat\u00e1sa azonban&hellip;<\/p>\n","protected":false},"author":1,"featured_media":0,"comment_status":"closed","ping_status":"closed","sticky":false,"template":"","format":"standard","meta":{"footnotes":""},"categories":[2773],"tags":[34,3345,2838,22817,119],"class_list":["post-17341","post","type-post","status-publish","format-standard","hentry","category-transportation","tag-climate-change","tag-electric-vehicles","tag-fossil-fuels","tag-emissions","tag-renewable-energy"],"_links":{"self":[{"href":"https:\/\/www.lifescienceart.com\/hu\/wp-json\/wp\/v2\/posts\/17341","targetHints":{"allow":["GET"]}}],"collection":[{"href":"https:\/\/www.lifescienceart.com\/hu\/wp-json\/wp\/v2\/posts"}],"about":[{"href":"https:\/\/www.lifescienceart.com\/hu\/wp-json\/wp\/v2\/types\/post"}],"author":[{"embeddable":true,"href":"https:\/\/www.lifescienceart.com\/hu\/wp-json\/wp\/v2\/users\/1"}],"replies":[{"embeddable":true,"href":"https:\/\/www.lifescienceart.com\/hu\/wp-json\/wp\/v2\/comments?post=17341"}],"version-history":[{"count":1,"href":"https:\/\/www.lifescienceart.com\/hu\/wp-json\/wp\/v2\/posts\/17341\/revisions"}],"predecessor-version":[{"id":17342,"href":"https:\/\/www.lifescienceart.com\/hu\/wp-json\/wp\/v2\/posts\/17341\/revisions\/17342"}],"wp:attachment":[{"href":"https:\/\/www.lifescienceart.com\/hu\/wp-json\/wp\/v2\/media?parent=17341"}],"wp:term":[{"taxonomy":"category","embeddable":true,"href":"https:\/\/www.lifescienceart.com\/hu\/wp-json\/wp\/v2\/categories?post=17341"},{"taxonomy":"post_tag","embeddable":true,"href":"https:\/\/www.lifescienceart.com\/hu\/wp-json\/wp\/v2\/tags?post=17341"}],"curies":[{"name":"wp","href":"https:\/\/api.w.org\/{rel}","templated":true}]}}