{"id":1736,"date":"2024-07-18T02:27:17","date_gmt":"2024-07-18T02:27:17","guid":{"rendered":"https:\/\/www.lifescienceart.com\/?p=1736"},"modified":"2024-07-18T02:27:17","modified_gmt":"2024-07-18T02:27:17","slug":"art-meets-science-fossils-of-the-anthropocene","status":"publish","type":"post","link":"https:\/\/www.lifescienceart.com\/hu\/art\/environmental-art\/art-meets-science-fossils-of-the-anthropocene\/","title":{"rendered":"Az antropoc\u00e9n fossz\u00edli\u00e1i: Pillant\u00e1s a j\u00f6v\u0151beli \u00f6r\u00f6ks\u00e9g\u00fcnkre"},"content":{"rendered":"<h2 class=\"wp-block-heading\">A m\u0171v\u00e9szet \u00e9s a tudom\u00e1ny tal\u00e1lkoz\u00e1sa: Mit hagyunk a fosszilis rekordban?<\/h2>\n\n<p>Erik Hagen m\u0171v\u00e9sz arra h\u00edv minket &#8220;Az antropoc\u00e9n fossz\u00edli\u00e1i&#8221; c\u00edm\u0171 ki\u00e1ll\u00edt\u00e1s\u00e1n, hogy elgondolkodjunk a modern emberi \u00e9let hagyat\u00e9k\u00e1n. Festm\u00e9nyei h\u00e9tk\u00f6znapi t\u00e1rgyakat \u00e1br\u00e1zolnak &#8211; mobiltelefonok, \u00e9rm\u00e9k, h\u0171t\u0151r\u00e1csd\u00edszek &#8211; ahogy azok milli\u00f3 \u00e9vek m\u00falva k\u0151zetr\u00e9tegekben meg\u0151rz\u0151dve t\u0171nhetnek fel.<\/p>\n\n<h3 class=\"wp-block-heading\">Hullad\u00e9kunk jelent\u0151s\u00e9ge<\/h3>\n\n<p>Hagen &#8220;fossz\u00edli\u00e1i&#8221; kult\u00far\u00e1nk maradv\u00e1nyait \u00e9s a bolyg\u00f3ra gyakorolt hat\u00e1sunkat szimboliz\u00e1lj\u00e1k. Az \u00e9rm\u00e9k a kereskedelmet, m\u00edg a telefonok a kommunik\u00e1ci\u00f3t \u00e9s az innov\u00e1ci\u00f3t k\u00e9pviselik. Az emberi kapcsolatokat jegygy\u0171r\u0171k \u00f6r\u00f6k\u00edtik meg, m\u00edg a j\u00e1t\u00e9k katon\u00e1k konfliktusokat id\u00e9znek fel. Az aut\u00f3khoz val\u00f3 ism\u00e9telt utal\u00e1sai a r\u00e1juk val\u00f3 t\u00e1maszkod\u00e1sunkra \u00e9s a kl\u00edmav\u00e1ltoz\u00e1shoz val\u00f3 hozz\u00e1j\u00e1rul\u00e1sukra vil\u00e1g\u00edtanak r\u00e1. A festm\u00e9nyek sok\u00e1n l\u00e1that\u00f3 m\u0171anyag a szennyez\u00e9sre eml\u00e9keztet.<\/p>\n\n<h3 class=\"wp-block-heading\">A m\u0171anyag-szennyez\u00e9s hat\u00e1sa<\/h3>\n\n<p>Hagen m\u0171vei nemcsak korunk t\u00e1rgyait \u00e1br\u00e1zolj\u00e1k, hanem a cselekedeteink k\u00f6rnyezeti k\u00f6vetkezm\u00e9nyeire is felh\u00edvj\u00e1k a figyelmet. A Nagy Tavakban tal\u00e1lhat\u00f3 mikrom\u0171anyag gy\u00f6ngy\u00f6k \u00e9s az \u00f3ce\u00e1nban l\u00e9v\u0151 m\u0171anyagszennyez\u00e9s egyre nagyobb aggodalmat kelt a tud\u00f3sok k\u00f6r\u00e9ben. Hagen a festm\u00e9nyeibe belefoglalja az id\u0151j\u00e1r\u00e1s viszontags\u00e1gainak kitett tengeri m\u0171anyagot, bemutatva azon utat, amelyet ezek a t\u00f6red\u00e9kek v\u00edzi \u00fatjainkon kereszt\u00fcl megtettek.<\/p>\n\n<h3 class=\"wp-block-heading\">Inspir\u00e1ci\u00f3 a fossz\u00edli\u00e1kb\u00f3l<\/h3>\n\n<p>Hagen &#8220;Az antropoc\u00e9n fossz\u00edli\u00e1i&#8221; c\u00edm\u0171 ki\u00e1ll\u00edt\u00e1s\u00e1nak ihlet\u00e9t egy fossz\u00edlia gyermekkori felfedez\u00e9se adta. Ez a tal\u00e1lkoz\u00e1s r\u00e1\u00e9bresztette a geol\u00f3giai id\u0151 nagys\u00e1g\u00e1ra \u00e9s az \u00e9let nemzed\u00e9kek k\u00f6z\u00f6tti \u00f6sszekapcsol\u00f3d\u00e1s\u00e1ra. M\u0171v\u00e9szete \u00e1ltal Hagen ezt az id\u0151- \u00e9s t\u00e9rbeli \u00e9rz\u00e9st k\u00edv\u00e1nja k\u00f6zvet\u00edteni.<\/p>\n\n<h3 class=\"wp-block-heading\">A m\u0171v\u00e9sz perspekt\u00edv\u00e1ja<\/h3>\n\n<p>B\u00e1r elismeri a bolyg\u00f3nk el\u0151tt \u00e1ll\u00f3 kih\u00edv\u00e1sokat, Hagen tov\u00e1bbra is optimista a j\u00f6v\u0151t illet\u0151en. \u00dagy v\u00e9li, hogy az emberek a tudom\u00e1ny \u00e9s a technol\u00f3gia seg\u00edts\u00e9g\u00e9vel fenntarthat\u00f3bb \u00f6r\u00f6ks\u00e9get teremthetnek a k\u00f6vetkez\u0151 gener\u00e1ci\u00f3k sz\u00e1m\u00e1ra. Festm\u00e9nyei arra eml\u00e9keztetnek minket, hogy a mai v\u00e1laszt\u00e1saink fogj\u00e1k form\u00e1lni a j\u00f6v\u0151 fosszilis rekordj\u00e1t.<\/p>\n\n<h3 class=\"wp-block-heading\">Pillant\u00e1s a j\u00f6v\u0151be<\/h3>\n\n<p>Hagen &#8220;fossz\u00edli\u00e1i&#8221; egyedi perspekt\u00edv\u00e1t k\u00edn\u00e1lnak az antropoc\u00e9nre, arra a jelenlegi f\u00f6ldt\u00f6rt\u00e9neti korszakra, amelyet az ember jelent\u0151s k\u00f6rnyezeti hat\u00e1sa jellemez. Civiliz\u00e1ci\u00f3nk maradv\u00e1nyait fossz\u00edli\u00e1kk\u00e9nt elk\u00e9pzelve arra h\u00edv minket, hogy fontoljuk meg cselekedeteink hossz\u00fa t\u00e1v\u00fa k\u00f6vetkezm\u00e9nyeit, \u00e9s t\u00f6rekedj\u00fcnk a F\u00f6ld t\u00f6rt\u00e9nelm\u00e9nek \u00e9vk\u00f6nyveiben pozit\u00edv \u00f6r\u00f6ks\u00e9g h\u00e1trahagy\u00e1s\u00e1ra.<\/p>\n\n<h3 class=\"wp-block-heading\">Ki\u00e1ll\u00edt\u00e1s<\/h3>\n\n<p>&#8220;Az antropoc\u00e9n fossz\u00edli\u00e1i&#8221; ki\u00e1ll\u00edt\u00e1snak 2014. november 19-ig ad otthont az AAAS M\u0171v\u00e9szeti Gal\u00e9ria Washington D.C.-ben. A ki\u00e1ll\u00edt\u00e1s 32 festm\u00e9nyt mutat be, amelyek a m\u0171v\u00e9szet, a tudom\u00e1ny \u00e9s az emberi tapasztalat metsz\u00e9spontjait vizsg\u00e1lj\u00e1k. Hagen gondolat\u00e9breszt\u0151 m\u0171vei a cselekedeteink \u00f6sszef\u00fcgg\u00e9seinek \u00e9s a bolyg\u00f3nkra gyakorolt m\u00e9lyrehat\u00f3 hat\u00e1sunknak id\u0151szer\u0171 eml\u00e9keztet\u0151i.<\/p>","protected":false},"excerpt":{"rendered":"<p>A m\u0171v\u00e9szet \u00e9s a tudom\u00e1ny tal\u00e1lkoz\u00e1sa: Mit hagyunk a fosszilis rekordban? Erik Hagen m\u0171v\u00e9sz arra h\u00edv minket &#8220;Az antropoc\u00e9n fossz\u00edli\u00e1i&#8221; c\u00edm\u0171 ki\u00e1ll\u00edt\u00e1s\u00e1n, hogy elgondolkodjunk a modern emberi \u00e9let hagyat\u00e9k\u00e1n. Festm\u00e9nyei&hellip;<\/p>\n","protected":false},"author":2,"featured_media":23893,"comment_status":"closed","ping_status":"closed","sticky":false,"template":"","format":"standard","meta":{"footnotes":""},"categories":[1576],"tags":[3774,3775,3776,3777,3779,207,3780,3778,3781,137,3782],"class_list":["post-1736","post","type-post","status-publish","format-standard","has-post-thumbnail","hentry","category-environmental-art","tag-anthropocene","tag-artscience","tag-climatechange","tag-erikhagen","tag-fossilrecord","tag-geology","tag-humanimpact","tag-environmentalart","tag-modernlife","tag-paleontology","tag-scienceart"],"_links":{"self":[{"href":"https:\/\/www.lifescienceart.com\/hu\/wp-json\/wp\/v2\/posts\/1736","targetHints":{"allow":["GET"]}}],"collection":[{"href":"https:\/\/www.lifescienceart.com\/hu\/wp-json\/wp\/v2\/posts"}],"about":[{"href":"https:\/\/www.lifescienceart.com\/hu\/wp-json\/wp\/v2\/types\/post"}],"author":[{"embeddable":true,"href":"https:\/\/www.lifescienceart.com\/hu\/wp-json\/wp\/v2\/users\/2"}],"replies":[{"embeddable":true,"href":"https:\/\/www.lifescienceart.com\/hu\/wp-json\/wp\/v2\/comments?post=1736"}],"version-history":[{"count":1,"href":"https:\/\/www.lifescienceart.com\/hu\/wp-json\/wp\/v2\/posts\/1736\/revisions"}],"predecessor-version":[{"id":1737,"href":"https:\/\/www.lifescienceart.com\/hu\/wp-json\/wp\/v2\/posts\/1736\/revisions\/1737"}],"wp:featuredmedia":[{"embeddable":true,"href":"https:\/\/www.lifescienceart.com\/hu\/wp-json\/wp\/v2\/media\/23893"}],"wp:attachment":[{"href":"https:\/\/www.lifescienceart.com\/hu\/wp-json\/wp\/v2\/media?parent=1736"}],"wp:term":[{"taxonomy":"category","embeddable":true,"href":"https:\/\/www.lifescienceart.com\/hu\/wp-json\/wp\/v2\/categories?post=1736"},{"taxonomy":"post_tag","embeddable":true,"href":"https:\/\/www.lifescienceart.com\/hu\/wp-json\/wp\/v2\/tags?post=1736"}],"curies":[{"name":"wp","href":"https:\/\/api.w.org\/{rel}","templated":true}]}}