{"id":17494,"date":"2020-09-24T05:20:44","date_gmt":"2020-09-24T05:20:44","guid":{"rendered":"https:\/\/www.lifescienceart.com\/?p=17494"},"modified":"2020-09-24T05:20:44","modified_gmt":"2020-09-24T05:20:44","slug":"ebony-fashion-fair-trailblazing-cultural-phenomenon","status":"publish","type":"post","link":"https:\/\/www.lifescienceart.com\/hu\/life\/fashion\/ebony-fashion-fair-trailblazing-cultural-phenomenon\/","title":{"rendered":"Az Ebony Fashion Fair \u00fajra\u00e9l\u00e9se: Egy kultur\u00e1lis jelens\u00e9g"},"content":{"rendered":"<h2 class=\"wp-block-heading\">A Ebony Fashion Fair \u00fajra\u00e9l\u00e9se: Egy kultur\u00e1lis jelens\u00e9g<\/h2>\n\n<h2 class=\"wp-block-heading\">Az \u00fatt\u00f6r\u0151 show<\/h2>\n\n<p>T\u00f6bb mint 50 \u00e9ven kereszt\u00fcl egy rendk\u00edv\u00fcli afroamerikai modellekb\u0151l \u00e1ll\u00f3 csoport egy figyelemre m\u00e9lt\u00f3 utaz\u00e1sra indult az orsz\u00e1gban, eljuttatva a haute couture csillog\u00e1s\u00e1t a t\u00f6megekhez. Az Ebony Fashion Fair, Eunice W. Johnson \u00f6tlete volt, \u00f6sszet\u00f6rte az ipar\u00e1gi norm\u00e1kat \u00e9s kultur\u00e1lis ikonn\u00e1 v\u00e1lt.<\/p>\n\n<p>Az \u00e9vente t\u00f6bb mint 180 v\u00e1rosban rendezett el\u0151ad\u00e1sokkal az Ebony Fashion Fair t\u00f6bb volt, mint egy divatbemutat\u00f3. Ez egy galvaniz\u00e1l\u00f3 esem\u00e9ny volt, amelyr\u0151l az \u00e9l\u0151 zene, a koreograf\u00e1lt t\u00e1ncsz\u00e1mok \u00e9s a j\u00f3t\u00e9konys\u00e1gi szervezetek \u00e9s \u00f6szt\u00f6nd\u00edjak t\u00e1mogat\u00e1s\u00e1ra tett er\u0151fesz\u00edt\u00e9sek ismertek.<\/p>\n\n<h2 class=\"wp-block-heading\">A felhatalmaz\u00f3 \u00fczenet<\/h2>\n\n<p>Az Ebony Fashion Fair dacolt a t\u00e1rsadalmi norm\u00e1kkal azzal, hogy bocs\u00e1natk\u00e9r\u00e9s n\u00e9lk\u00fcl \u00fcnnepelte a fekete sz\u00e9ps\u00e9get. Abban az id\u0151ben, amikor a &#8220;Black is beautiful&#8221; mozgalom lend\u00fcletet kapott, a show s\u00f6t\u00e9tebb t\u00f3nus\u00fa modelleket mutatott be, \u00e9l\u00e9nk sz\u00ednekben \u00e9s eleg\u00e1ns kivitelben.<\/p>\n\n<p>Eunice Johnson, a show m\u00f6g\u00f6tt \u00e1ll\u00f3 l\u00e1tnok \u00fagy gondolta, hogy az afroamerikaiak meg\u00e9rdemlik, hogy k\u00e9pviselve l\u00e1ss\u00e1k magukat a divat elb\u0171v\u00f6l\u0151 vil\u00e1g\u00e1ban. Az a hat\u00e1rozotts\u00e1ga, hogy a divaton kereszt\u00fcl felhatalmazza k\u00f6z\u00f6ss\u00e9g\u00e9t, az Ebony Fashion Fair siker\u00e9nek mozgat\u00f3rug\u00f3j\u00e1v\u00e1 v\u00e1lt.<\/p>\n\n<h2 class=\"wp-block-heading\">A korl\u00e1tok lebont\u00e1sa \u00e9s a gener\u00e1ci\u00f3k inspir\u00e1l\u00e1sa<\/h2>\n\n<p>Annak ellen\u00e9re, hogy rasszizmussal \u00e9s diszkrimin\u00e1ci\u00f3val kellett szemben\u00e9zni\u00fck, az Ebony Fashion Fair modellek kitartottak. Olyan afroamerikai tervez\u0151k munk\u00e1it emelt\u00e9k ki, mint Stephen Burrows, bemutatva a k\u00fcl\u00f6nb\u00f6z\u0151 st\u00edlusokat \u00e9s perspekt\u00edv\u00e1kat a kifut\u00f3n.<\/p>\n\n<p>A show az inkluzivit\u00e1st is felkarolta, szerepeltetve plus size modelleket \u00e9s dacolva a sz\u00e9ps\u00e9g ipar\u00e1gi norm\u00e1ival. Az Ebony Fashion Fair a rem\u00e9ny \u00e9s az inspir\u00e1ci\u00f3 szimb\u00f3lum\u00e1v\u00e1 v\u00e1lt az afroamerikaiak gener\u00e1ci\u00f3i sz\u00e1m\u00e1ra, bizony\u00edtva, hogy b\u00e1rmilyen ter\u00fcleten el\u00e9rhetik a sikert \u00e9s az elismer\u00e9st.<\/p>\n\n<h2 class=\"wp-block-heading\">A divatdiplom\u00e1cia \u00fatja<\/h2>\n\n<p>A leg\u00fajabb eur\u00f3pai divat megszerz\u00e9se \u00e9rdek\u00e9ben Eunice Johnson bej\u00e1rta a vil\u00e1got, t\u00e1rgyalt a tervez\u0151kkel \u00e9s \u00e1tt\u00f6rte a faji korl\u00e1tokat. A vil\u00e1g egyik legbefoly\u00e1sosabb couture-v\u00e1s\u00e1rl\u00f3j\u00e1v\u00e1 v\u00e1lt, t\u00f6bb ezer diz\u00e1jnt biztos\u00edtva a bemutat\u00f3hoz.<\/p>\n\n<p>Johnson elsz\u00e1nts\u00e1ga \u00e9s diplom\u00e1ciai k\u00e9szs\u00e9gei megnyitott\u00e1k az ajt\u00f3kat az afroamerikai tervez\u0151k el\u0151tt, lehet\u0151v\u00e9 t\u00e9ve sz\u00e1mukra, hogy bemutass\u00e1k tehets\u00e9g\u00fcket a nemzetk\u00f6zi sz\u00ednt\u00e9ren. Az Ebony Fashion Fair hidat vert a k\u00fcl\u00f6nb\u00f6z\u0151 kult\u00far\u00e1k k\u00f6z\u00f6tt, el\u0151seg\u00edtve az afroamerikai eszt\u00e9tika \u00e9s kreativit\u00e1s \u00e9rt\u00e9kel\u00e9s\u00e9t.<\/p>\n\n<h2 class=\"wp-block-heading\">Egy tart\u00f3s \u00f6r\u00f6ks\u00e9g<\/h2>\n\n<p>A nagy gazdas\u00e1gi vil\u00e1gv\u00e1ls\u00e1g arra k\u00e9nyszer\u00edtette a Johnson Publishing Company-t, hogy 2009-ben megsz\u00fcntesse az Ebony Fashion Fair utols\u00f3 szezonj\u00e1t. Azonban a divatvil\u00e1gra \u00e9s az afroamerikai kult\u00far\u00e1ra gyakorolt hat\u00e1sa tov\u00e1bbra is m\u00e9ly.<\/p>\n\n<p>A jelenlegi ki\u00e1ll\u00edt\u00e1s, az &#8220;Inspiring Beauty: 50 Years of Ebony Fashion Fair&#8221; \u00faj \u00e9letet lehel a show \u00f6r\u00f6ks\u00e9g\u00e9be. Ruh\u00e1k \u00e9s t\u00e1rgyak leny\u0171g\u00f6z\u0151 gy\u0171jtem\u00e9ny\u00e9t tartalmazza, elmes\u00e9lve egy olyan \u00fatt\u00f6r\u0151 kultur\u00e1lis jelens\u00e9g t\u00f6rt\u00e9net\u00e9t, amely megsz\u00e1ml\u00e1lhatatlan embert felhatalmazott.<\/p>\n\n<p>Az Ebony Fashion Fair elk\u00f6telezetts\u00e9ge a soksz\u00edn\u0171s\u00e9g, az inkluzivit\u00e1s \u00e9s a fekete felhatalmaz\u00e1s ir\u00e1nt tov\u00e1bbra is inspir\u00e1lja a modern tervez\u0151ket \u00e9s a divatrajong\u00f3kat egyar\u00e1nt. \u00d6r\u00f6ks\u00e9ge tan\u00faskodik a divat erej\u00e9r\u0151l a korl\u00e1tok lebont\u00e1s\u00e1ban, a k\u00f6z\u00f6ss\u00e9gek felemel\u00e9s\u00e9ben \u00e9s mindannyiunk sz\u00e9ps\u00e9g\u00e9nek \u00fcnnepl\u00e9s\u00e9ben.<\/p>","protected":false},"excerpt":{"rendered":"<p>A Ebony Fashion Fair \u00fajra\u00e9l\u00e9se: Egy kultur\u00e1lis jelens\u00e9g Az \u00fatt\u00f6r\u0151 show T\u00f6bb mint 50 \u00e9ven kereszt\u00fcl egy rendk\u00edv\u00fcli afroamerikai modellekb\u0151l \u00e1ll\u00f3 csoport egy figyelemre m\u00e9lt\u00f3 utaz\u00e1sra indult az orsz\u00e1gban, eljuttatva&hellip;<\/p>\n","protected":false},"author":4,"featured_media":0,"comment_status":"closed","ping_status":"closed","sticky":false,"template":"","format":"standard","meta":{"footnotes":""},"categories":[4252],"tags":[8461,1188,22999,23000,1369],"class_list":["post-17494","post","type-post","status-publish","format-standard","hentry","category-fashion","tag-african-american-culture","tag-fashion-history","tag-ebony-fashion-fair","tag-black-fashion","tag-empowerment"],"_links":{"self":[{"href":"https:\/\/www.lifescienceart.com\/hu\/wp-json\/wp\/v2\/posts\/17494","targetHints":{"allow":["GET"]}}],"collection":[{"href":"https:\/\/www.lifescienceart.com\/hu\/wp-json\/wp\/v2\/posts"}],"about":[{"href":"https:\/\/www.lifescienceart.com\/hu\/wp-json\/wp\/v2\/types\/post"}],"author":[{"embeddable":true,"href":"https:\/\/www.lifescienceart.com\/hu\/wp-json\/wp\/v2\/users\/4"}],"replies":[{"embeddable":true,"href":"https:\/\/www.lifescienceart.com\/hu\/wp-json\/wp\/v2\/comments?post=17494"}],"version-history":[{"count":1,"href":"https:\/\/www.lifescienceart.com\/hu\/wp-json\/wp\/v2\/posts\/17494\/revisions"}],"predecessor-version":[{"id":17495,"href":"https:\/\/www.lifescienceart.com\/hu\/wp-json\/wp\/v2\/posts\/17494\/revisions\/17495"}],"wp:attachment":[{"href":"https:\/\/www.lifescienceart.com\/hu\/wp-json\/wp\/v2\/media?parent=17494"}],"wp:term":[{"taxonomy":"category","embeddable":true,"href":"https:\/\/www.lifescienceart.com\/hu\/wp-json\/wp\/v2\/categories?post=17494"},{"taxonomy":"post_tag","embeddable":true,"href":"https:\/\/www.lifescienceart.com\/hu\/wp-json\/wp\/v2\/tags?post=17494"}],"curies":[{"name":"wp","href":"https:\/\/api.w.org\/{rel}","templated":true}]}}