{"id":17580,"date":"2020-02-01T00:15:06","date_gmt":"2020-02-01T00:15:06","guid":{"rendered":"https:\/\/www.lifescienceart.com\/?p=17580"},"modified":"2020-02-01T00:15:06","modified_gmt":"2020-02-01T00:15:06","slug":"crimea-contested-peninsula","status":"publish","type":"post","link":"https:\/\/www.lifescienceart.com\/hu\/uncategorized\/crimea-contested-peninsula\/","title":{"rendered":"Kr\u00edm: a vit\u00e1k f\u00e9lszigete"},"content":{"rendered":"<h2 class=\"wp-block-heading\">Kr\u00edm: Egy vitatott f\u00e9lsziget<\/h2>\n\n<h2 class=\"wp-block-heading\">T\u00f6rt\u00e9nelmi h\u00e1tt\u00e9r<\/h2>\n\n<p>A Vermontn\u00e1l valamivel nagyobb Kr\u00edm-f\u00e9lsziget gazdag \u00e9s viharos m\u00faltra tekint vissza. \u00c9vsz\u00e1zadokon \u00e1t a civiliz\u00e1ci\u00f3k keresztez\u0151d\u00e9s\u00e9ben fek\u00fcdt, ahol k\u00fcl\u00f6nf\u00e9le hatalmak versengtek az uralom\u00e9rt.<\/p>\n\n<p>A 16. sz\u00e1zadban Oroszorsz\u00e1g \u00f6sszecsapott a Kr\u00edmi K\u00e1ns\u00e1ggal, az Oszm\u00e1n Birodalom vazallus\u00e1val. 1783-ban Oroszorsz\u00e1g Nagy Katalin vezet\u00e9s\u00e9vel annekt\u00e1lta Kr\u00edmet. H\u00e9t \u00e9vtizeddel k\u00e9s\u0151bb kit\u00f6rt a kr\u00edmi h\u00e1bor\u00fa, amelyben Oroszorsz\u00e1g Nagy-Britanni\u00e1val, Franciaorsz\u00e1ggal \u00e9s az Oszm\u00e1n Birodalommal csapott \u00f6ssze a t\u00e9rs\u00e9gbeli uralom\u00e9rt.<\/p>\n\n<p>A m\u00e1sodik vil\u00e1gh\u00e1bor\u00fa alatt Kr\u00edm a Szovjetuni\u00f3 \u00e9s a n\u00e1ci N\u00e9metorsz\u00e1g k\u00f6z\u00f6tti csatat\u00e9r volt. A h\u00e1bor\u00fa ut\u00e1n, 1954-ben Nyikita Hruscsov \u00e1tadta Kr\u00edmet Ukrajn\u00e1nak.<\/p>\n\n<h2 class=\"wp-block-heading\">Legut\u00f3bbi fejlem\u00e9nyek<\/h2>\n\n<p>Az elm\u00falt \u00e9vekben Kr\u00edm ism\u00e9t a konfliktusok meleg\u00e1gy\u00e1v\u00e1 v\u00e1lt. 2014-ben, az ukrajnai politikai zavarg\u00e1sok \u00e9s az oroszbar\u00e1t eln\u00f6k megbuktat\u00e1sa ut\u00e1n Oroszorsz\u00e1g annekt\u00e1lta Kr\u00edmet. Az annexi\u00f3t a nemzetk\u00f6zi k\u00f6z\u00f6ss\u00e9g sz\u00e9les k\u00f6rben el\u00edt\u00e9lte, mivel Ukrajna szuverenit\u00e1s\u00e1nak megs\u00e9rt\u00e9sek\u00e9nt tekintett\u00e9k.<\/p>\n\n<h2 class=\"wp-block-heading\">A 2014-es n\u00e9pszavaz\u00e1s<\/h2>\n\n<p>Az annexi\u00f3 el\u0151tt Oroszorsz\u00e1g n\u00e9pszavaz\u00e1st tartott Kr\u00edmben, amelyen a r\u00e9sztvev\u0151k k\u00f6zel 97%-a Oroszorsz\u00e1ghoz val\u00f3 csatlakoz\u00e1s mellett szavazott. A n\u00e9pszavaz\u00e1st azonban sz\u00e9les k\u00f6rben illegitimnek min\u0151s\u00edtett\u00e9k, mivel sok kr\u00edmi bojkott\u00e1lta a szavaz\u00e1st.<\/p>\n\n<h2 class=\"wp-block-heading\">Strat\u00e9giai fontoss\u00e1g<\/h2>\n\n<p>Kr\u00edm jelent\u0151s strat\u00e9giai jelent\u0151s\u00e9ggel b\u00edr a Fekete-tengeren elfoglalt helyzete miatt. A f\u00e9lsziget f\u0151v\u00e1rosa, Szimferopol a legnagyobb v\u00e1rosa. Nagyobb strat\u00e9giai \u00e9rt\u00e9kkel b\u00edr Szevasztopol, ahol orosz \u00e9s ukr\u00e1n haditenger\u00e9szeti t\u00e1maszpontok tal\u00e1lhat\u00f3k, amelyek hozz\u00e1f\u00e9r\u00e9st biztos\u00edtanak a Fekete-tengerhez, \u00e9s a Boszporuszon kereszt\u00fcl a F\u00f6ldk\u00f6zi-tengerhez.<\/p>\n\n<h2 class=\"wp-block-heading\">Nemzetk\u00f6zi v\u00e1lasz<\/h2>\n\n<p>Oroszorsz\u00e1g kr\u00edmi annexi\u00f3ja az Egyes\u00fclt \u00c1llamok \u00e9s sz\u00f6vets\u00e9gesei r\u00e9sz\u00e9r\u0151l hat\u00e1rozott el\u00edt\u00e9l\u00e9st v\u00e1ltott ki. Oroszorsz\u00e1ggal szemben szankci\u00f3kat vezettek be, \u00e9s a konfliktus tov\u00e1bbra is fesz\u00edti Oroszorsz\u00e1g \u00e9s Nyugat kapcsolatait.<\/p>\n\n<h2 class=\"wp-block-heading\">T\u00f6rt\u00e9nelmi teher<\/h2>\n\n<p>Kr\u00edm s\u00falyos t\u00f6rt\u00e9nelmi terhet cipel. Mott\u00f3ja, a &#8220;j\u00f3l\u00e9t az egys\u00e9gben&#8221; ironikus m\u00f3don t\u00fckr\u00f6zi a r\u00e9gi\u00f3 \u00f6sszetett \u00e9s vitatott m\u00faltj\u00e1t. Az \u00e9vsz\u00e1zadok sor\u00e1n Kr\u00edm k\u00fcl\u00f6nf\u00e9le birodalmak \u00e9s nemzetek csatamezeje volt, amelyek mindegyike nyomot hagyott t\u00f6rt\u00e9nelm\u00e9n \u00e9s kult\u00far\u00e1j\u00e1n.<\/p>\n\n<h2 class=\"wp-block-heading\">\u00c9rdekes pontok<\/h2>\n\n<p>Az Esri, egy f\u00f6ldrajzi inform\u00e1ci\u00f3s rendszerekkel foglalkoz\u00f3 c\u00e9g interakt\u00edv t\u00e9rk\u00e9pet k\u00e9sz\u00edtett Kr\u00edmr\u0151l, amely kiemeli a politikai v\u00e1ls\u00e1ggal kapcsolatos jelenlegi g\u00f3cpontokat \u00e9s \u00e9rdekes helyeket. A t\u00e9rk\u00e9p \u00e9rt\u00e9kes betekint\u00e9st ny\u00fajt a r\u00e9gi\u00f3 f\u00f6ldrajz\u00e1ba \u00e9s azokba a kulcsfontoss\u00e1g\u00fa strat\u00e9giai helysz\u00ednekbe, amelyek a konfliktus k\u00f6z\u00e9ppontj\u00e1ban \u00e1lltak.<\/p>\n\n<h2 class=\"wp-block-heading\">K\u00f6vetkeztet\u00e9s<\/h2>\n\n<p>Kr\u00edm tov\u00e1bbra is egy vitatott f\u00e9lsziget, amelynek j\u00f6v\u0151je bizonytalan. A tart\u00f3s konfliktus m\u00e9ly hat\u00e1ssal volt a r\u00e9gi\u00f3ra, annak lak\u00f3ira \u00e9s a nemzetk\u00f6zi kapcsolatokra.<\/p>","protected":false},"excerpt":{"rendered":"<p>Kr\u00edm: Egy vitatott f\u00e9lsziget T\u00f6rt\u00e9nelmi h\u00e1tt\u00e9r A Vermontn\u00e1l valamivel nagyobb Kr\u00edm-f\u00e9lsziget gazdag \u00e9s viharos m\u00faltra tekint vissza. \u00c9vsz\u00e1zadokon \u00e1t a civiliz\u00e1ci\u00f3k keresztez\u0151d\u00e9s\u00e9ben fek\u00fcdt, ahol k\u00fcl\u00f6nf\u00e9le hatalmak versengtek az uralom\u00e9rt. A&hellip;<\/p>\n","protected":false},"author":1,"featured_media":0,"comment_status":"closed","ping_status":"","sticky":false,"template":"","format":"standard","meta":{"footnotes":""},"categories":[1],"tags":[19588,2322,1882,27],"class_list":["post-17580","post","type-post","status-publish","format-standard","hentry","category-uncategorized","tag-geopolitics","tag-crimea","tag-international-relations","tag-history"],"_links":{"self":[{"href":"https:\/\/www.lifescienceart.com\/hu\/wp-json\/wp\/v2\/posts\/17580","targetHints":{"allow":["GET"]}}],"collection":[{"href":"https:\/\/www.lifescienceart.com\/hu\/wp-json\/wp\/v2\/posts"}],"about":[{"href":"https:\/\/www.lifescienceart.com\/hu\/wp-json\/wp\/v2\/types\/post"}],"author":[{"embeddable":true,"href":"https:\/\/www.lifescienceart.com\/hu\/wp-json\/wp\/v2\/users\/1"}],"replies":[{"embeddable":true,"href":"https:\/\/www.lifescienceart.com\/hu\/wp-json\/wp\/v2\/comments?post=17580"}],"version-history":[{"count":1,"href":"https:\/\/www.lifescienceart.com\/hu\/wp-json\/wp\/v2\/posts\/17580\/revisions"}],"predecessor-version":[{"id":17581,"href":"https:\/\/www.lifescienceart.com\/hu\/wp-json\/wp\/v2\/posts\/17580\/revisions\/17581"}],"wp:attachment":[{"href":"https:\/\/www.lifescienceart.com\/hu\/wp-json\/wp\/v2\/media?parent=17580"}],"wp:term":[{"taxonomy":"category","embeddable":true,"href":"https:\/\/www.lifescienceart.com\/hu\/wp-json\/wp\/v2\/categories?post=17580"},{"taxonomy":"post_tag","embeddable":true,"href":"https:\/\/www.lifescienceart.com\/hu\/wp-json\/wp\/v2\/tags?post=17580"}],"curies":[{"name":"wp","href":"https:\/\/api.w.org\/{rel}","templated":true}]}}