{"id":17682,"date":"2022-08-03T18:03:41","date_gmt":"2022-08-03T18:03:41","guid":{"rendered":"https:\/\/www.lifescienceart.com\/?p=17682"},"modified":"2022-08-03T18:03:41","modified_gmt":"2022-08-03T18:03:41","slug":"feasting-rituals-cornerstones-human-civilization","status":"publish","type":"post","link":"https:\/\/www.lifescienceart.com\/hu\/science\/anthropology\/feasting-rituals-cornerstones-human-civilization\/","title":{"rendered":"Lakom\u00e1k ritu\u00e1l\u00e9i: Az emberi civiliz\u00e1ci\u00f3 alapk\u00f6vei"},"content":{"rendered":"<h2 class=\"wp-block-heading\">Lakom\u00e1k ritu\u00e1l\u00e9i: Az emberi civiliz\u00e1ci\u00f3 alapk\u00f6vei<\/h2>\n\n<h2 class=\"wp-block-heading\">Az \u00e9tel \u00e9s ital hatalma<\/h2>\n\n<p>Az emberis\u00e9g t\u00f6rt\u00e9nelme sor\u00e1n az \u00e9telnek \u00e9s italnak kulcsfontoss\u00e1g\u00fa szerepe volt a t\u00e1rsadalmi viselked\u00e9s form\u00e1l\u00e1s\u00e1ban. A letelepedett t\u00e1rsadalmakban a keny\u00e9r \u00e9s a bor a civiliz\u00e1ci\u00f3 szimb\u00f3lumaiv\u00e1 v\u00e1ltak, amelyek a term\u00e9szet feletti uralom \u00e9s a vad civiliz\u00e1ltt\u00e1 alak\u00edt\u00e1s\u00e1nak k\u00e9pess\u00e9g\u00e9t jelk\u00e9pezik. Ezeket az \u00e1talakul\u00e1sokat nem k\u00f6nny\u0171 egyed\u00fcl v\u00e9ghezvinni, az egy\u00e9nek k\u00f6z\u00f6tti egy\u00fcttm\u0171k\u00f6d\u00e9st \u00e9s kollabor\u00e1ci\u00f3t ig\u00e9nylik.<\/p>\n\n<h2 class=\"wp-block-heading\">Az egy\u00fcttm\u0171k\u00f6d\u00e9s r\u00e9g\u00e9szeti bizony\u00edt\u00e9kai<\/h2>\n\n<p>A r\u00e9g\u00e9szeti elm\u00e9let most arra utal, hogy az egy\u00fcttm\u0171k\u00f6d\u00e9s vil\u00e1gszerte a civiliz\u00e1ci\u00f3k kialakul\u00e1s\u00e1nak hajt\u00f3ereje volt. Ennek az egy\u00fcttm\u0171k\u00f6d\u00e9snek az egyik sarokk\u00f6ve az \u00e9telnek \u00e9s italnak meghat\u00e1rozott id\u0151pontokban \u00e9s helyeken t\u00f6rt\u00e9n\u0151 ritu\u00e1lis fogyaszt\u00e1sa, amit lakom\u00e1nak neveznek.<\/p>\n\n<h2 class=\"wp-block-heading\">Lakom\u00e1z\u00e1s a paracas kult\u00far\u00e1ban<\/h2>\n\n<p>Az \u00f3kori Peru paracas kult\u00far\u00e1j\u00e1ban a lakom\u00e1z\u00e1s a t\u00e1rsadalmi \u00e9let jelent\u0151s aspektusa volt. A r\u00e9g\u00e9szek a Cerro del Gentil lel\u0151helyen, egy t\u00f6bb szintes platformhalmon hatalmas lakom\u00e1k bizony\u00edt\u00e9kait t\u00e1rt\u00e1k fel. A felt\u00e1r\u00e1sok sz\u00e1mos t\u00e1rgyat hoztak felsz\u00ednre, t\u00f6bbek k\u00f6z\u00f6tt textilt, ker\u00e1mi\u00e1t, \u00e9lelmiszereket \u00e9s emberi \u00e1ldozatokat.<\/p>\n\n<h2 class=\"wp-block-heading\">Geoglif\u00e1k \u00e9s csillag\u00e1szat<\/h2>\n\n<p>A Chincha-v\u00f6lgy feletti sz\u00e1raz pampaf\u00f6ldeken a paracas n\u00e9pek line\u00e1ris geoglif\u00e1kat, a sivatagi t\u00e1jba v\u00e9sett mint\u00e1kat k\u00e9sz\u00edtettek. Ezeket a geoglif\u00e1kat a j\u00faniusi napfordul\u00f3 napnyugt\u00e1val igaz\u00edtott\u00e1k, ami a csillag\u00e1szat fontoss\u00e1g\u00e1t jelzi a paracas kult\u00far\u00e1ban.<\/p>\n\n<h2 class=\"wp-block-heading\">Sztr stroncium elemz\u00e9s \u00e9s f\u00f6ldrajzi eredet<\/h2>\n\n<p>A Cerro del Gentil lel\u0151helyen tal\u00e1lt szerves anyagok stroncium elemz\u00e9se a f\u00f6ldrajzi eredet sz\u00e9les sk\u00e1l\u00e1j\u00e1t t\u00e1rta fel, bele\u00e9rtve a Titicaca-medenc\u00e9t \u00e9s Peru d\u00e9li partvid\u00e9k\u00e9t. Ez arra utal, hogy a paracas n\u00e9pek sz\u00f6vets\u00e9geket k\u00f6t\u00f6ttek, \u00e9s t\u00e1voli r\u00e9gi\u00f3k t\u00e1rgyait \u00e9s embereit is be\u00e9p\u00edtett\u00e9k lakom\u00e1z\u00e1si ritu\u00e1l\u00e9ikba.<\/p>\n\n<h2 class=\"wp-block-heading\">Egy\u00fcttm\u0171k\u00f6d\u00e9si strat\u00e9gi\u00e1k<\/h2>\n\n<p>A paracas esettanulm\u00e1ny azt mutatja, hogy az \u0151si Peruban a sikeres egy\u00fcttm\u0171k\u00f6d\u0151 t\u00e1rsadalmak sz\u00e1mos embert \u00e9s t\u00e1rgyat foglaltak magukban. A sz\u00e9les k\u00f6r\u0171 sz\u00f6vets\u00e9gek korai l\u00e9trehoz\u00e1s\u00e1nak \u00e9s \u00e9vsz\u00e1zadokon \u00e1t t\u00f6rt\u00e9n\u0151 b\u0151v\u00edt\u00e9s\u00e9nek ez a strat\u00e9gi\u00e1ja hat\u00e9konynak bizonyult \u00f6sszetett t\u00e1rsadalmak ki\u00e9p\u00edt\u00e9s\u00e9ben.<\/p>\n\n<h2 class=\"wp-block-heading\">A gazdas\u00e1g ritualiz\u00e1l\u00e1sa<\/h2>\n\n<p>Az \u00e1llam n\u00e9lk\u00fcli t\u00e1rsadalmakban az egy\u00fcttm\u0171k\u00f6d\u00e9st a gazdas\u00e1g &#8220;ritualiz\u00e1l\u00e1sa&#8221; \u00fatj\u00e1n \u00e9rik el. A ritu\u00e1l\u00e9k, norm\u00e1k \u00e9s tabuk szervezik a gazdas\u00e1gi \u00e9s politikai \u00e9letet. A viselked\u00e9s ezen kidolgozott szab\u00e1lyai nem csup\u00e1n furcsa szok\u00e1sok, hanem \u00f6tletes mechanizmusok egy t\u00e1rsadalom k\u00e9nyszer n\u00e9lk\u00fcli megszervez\u00e9s\u00e9re.<\/p>\n\n<h2 class=\"wp-block-heading\">Lakom\u00e1z\u00e1s \u00e9s egy\u00fcttm\u0171k\u00f6d\u00e9s<\/h2>\n\n<p>Az \u00e1llam n\u00e9lk\u00fcli t\u00e1rsadalmakban a lakom\u00e1z\u00e1s a szocialit\u00e1s \u00e9s az egy\u00fcttm\u0171k\u00f6d\u00e9s kulcsfontoss\u00e1g\u00fa eleme. A ritu\u00e1lis lakom\u00e1k jutalmazza az egy\u00fcttm\u0171k\u00f6d\u0151ket, \u00e9s megb\u00fcnteti a csal\u00f3kat, el\u0151seg\u00edtve a k\u00f6z\u00f6s c\u00e9lok fel\u00e9 ir\u00e1nyul\u00f3 fenntarthat\u00f3 csoportos viselked\u00e9st. Ez seg\u00edt megoldani az emberi t\u00e1rsadalmi \u00e9letben a &#8220;kollekt\u00edv cselekv\u00e9s&#8221; probl\u00e9m\u00e1j\u00e1t, ahol az egy\u00e9neknek egy\u00fctt kell m\u0171k\u00f6dni\u00fck a hossz\u00fa t\u00e1v\u00fa el\u0151ny\u00f6k el\u00e9r\u00e9se \u00e9rdek\u00e9ben.<\/p>\n\n<h2 class=\"wp-block-heading\">A lakom\u00e1z\u00e1si ritu\u00e1l\u00e9k maradand\u00f3 \u00f6r\u00f6ks\u00e9ge<\/h2>\n\n<p>Az \u0151si t\u00e1rsadalmak lakom\u00e1z\u00e1si ritu\u00e1l\u00e9i maradand\u00f3 \u00f6r\u00f6ks\u00e9get hagytak az emberi civiliz\u00e1ci\u00f3ra. Form\u00e1lt\u00e1k a t\u00e1rsadalmi norm\u00e1kat, el\u0151seg\u00edtett\u00e9k az egy\u00fcttm\u0171k\u00f6d\u00e9st, \u00e9s hozz\u00e1j\u00e1rultak az \u00f6sszetett t\u00e1rsadalmak fejl\u0151d\u00e9s\u00e9hez. Az emberi t\u00f6rt\u00e9nelemben a lakom\u00e1z\u00e1s szerep\u00e9nek meg\u00e9rt\u00e9se betekint\u00e9st ny\u00fajt t\u00e1rsadalmi viselked\u00e9s\u00fcnk eredet\u00e9be \u00e9s evol\u00faci\u00f3j\u00e1ba.<\/p>","protected":false},"excerpt":{"rendered":"<p>Lakom\u00e1k ritu\u00e1l\u00e9i: Az emberi civiliz\u00e1ci\u00f3 alapk\u00f6vei Az \u00e9tel \u00e9s ital hatalma Az emberis\u00e9g t\u00f6rt\u00e9nelme sor\u00e1n az \u00e9telnek \u00e9s italnak kulcsfontoss\u00e1g\u00fa szerepe volt a t\u00e1rsadalmi viselked\u00e9s form\u00e1l\u00e1s\u00e1ban. A letelepedett t\u00e1rsadalmakban a&hellip;<\/p>\n","protected":false},"author":1,"featured_media":0,"comment_status":"closed","ping_status":"","sticky":false,"template":"","format":"standard","meta":{"footnotes":""},"categories":[1022],"tags":[132,7965,487,23215,7210,88,1727,5292],"class_list":["post-17682","post","type-post","status-publish","format-standard","hentry","category-anthropology","tag-anthropology","tag-civilization","tag-human-evolution","tag-feasting","tag-cooperation","tag-archaeology","tag-rituals","tag-social-behavior"],"_links":{"self":[{"href":"https:\/\/www.lifescienceart.com\/hu\/wp-json\/wp\/v2\/posts\/17682","targetHints":{"allow":["GET"]}}],"collection":[{"href":"https:\/\/www.lifescienceart.com\/hu\/wp-json\/wp\/v2\/posts"}],"about":[{"href":"https:\/\/www.lifescienceart.com\/hu\/wp-json\/wp\/v2\/types\/post"}],"author":[{"embeddable":true,"href":"https:\/\/www.lifescienceart.com\/hu\/wp-json\/wp\/v2\/users\/1"}],"replies":[{"embeddable":true,"href":"https:\/\/www.lifescienceart.com\/hu\/wp-json\/wp\/v2\/comments?post=17682"}],"version-history":[{"count":1,"href":"https:\/\/www.lifescienceart.com\/hu\/wp-json\/wp\/v2\/posts\/17682\/revisions"}],"predecessor-version":[{"id":17683,"href":"https:\/\/www.lifescienceart.com\/hu\/wp-json\/wp\/v2\/posts\/17682\/revisions\/17683"}],"wp:attachment":[{"href":"https:\/\/www.lifescienceart.com\/hu\/wp-json\/wp\/v2\/media?parent=17682"}],"wp:term":[{"taxonomy":"category","embeddable":true,"href":"https:\/\/www.lifescienceart.com\/hu\/wp-json\/wp\/v2\/categories?post=17682"},{"taxonomy":"post_tag","embeddable":true,"href":"https:\/\/www.lifescienceart.com\/hu\/wp-json\/wp\/v2\/tags?post=17682"}],"curies":[{"name":"wp","href":"https:\/\/api.w.org\/{rel}","templated":true}]}}