{"id":1851,"date":"2026-08-31T23:54:57","date_gmt":"2026-08-31T23:54:57","guid":{"rendered":"https:\/\/www.lifescienceart.com\/?p=1851"},"modified":"2026-08-31T23:54:57","modified_gmt":"2026-08-31T23:54:57","slug":"tsch-gg-tta-unveiling-the-enigmatic-carnival-tradition-of-switzerland-s-ltschental-valley","status":"publish","type":"post","link":"https:\/\/www.lifescienceart.com\/hu\/art\/folk-art\/tsch-gg-tta-unveiling-the-enigmatic-carnival-tradition-of-switzerland-s-ltschental-valley\/","title":{"rendered":"Tsch\u00e4gg\u00e4tt\u00e4 \u2013 A L\u00f6tchental-i titokzatos karnev\u00e1li hagyom\u00e1ny felfedez\u00e9se"},"content":{"rendered":"<h2 class=\"wp-block-heading\">Tsch\u00e4gg\u00e4tt\u00e4: A Sv\u00e1jci L\u00f6tchental-v\u00f6lgy titokzatos karnev\u00e1li hagyom\u00e1ny\u00e1nak felfedez\u00e9se<\/h2>\n\n<h2 class=\"wp-block-heading\">T\u00f6rt\u00e9nelmi eredet \u00e9s n\u00e9pmes\u00e9k<\/h2>\n\n<p class=\"wp-block-paragraph\">A Tsch\u00e4gg\u00e4tt\u00e4, egy egyed\u00fcl\u00e1ll\u00f3 \u00e9s titokzatos hagyom\u00e1ny, amely a sv\u00e1jci L\u00f6tchental-v\u00f6lgyben zajlik, \u00e9vsz\u00e1zadok \u00f3ta elb\u0171v\u00f6li a helyieket \u00e9s a l\u00e1togat\u00f3kat egyar\u00e1nt. Ennek a leny\u0171g\u00f6z\u0151 szok\u00e1snak a keletkez\u00e9se tov\u00e1bbra is hom\u00e1lyba burkol\u00f3zik, k\u00fcl\u00f6nb\u00f6z\u0151 elm\u00e9letek pr\u00f3b\u00e1lj\u00e1k magyar\u00e1zni eredet\u00e9t.<\/p>\n\n<p class=\"wp-block-paragraph\">Az egyik n\u00e9pszer\u0171 legenda a Tsch\u00e4gg\u00e4tt\u00e4\u2011t a \u201eSchurten Diebe\u201d\u2011hez k\u00f6ti, egy fiatal f\u00e9rfiakb\u00f3l \u00e1ll\u00f3 csoportra, akik \u00e1llati b\u0151rt \u00e9s f\u00e1b\u00f3l k\u00e9sz\u00fclt maszkokat viseltek, hogy a v\u00f6lgy falujainak ellopjanak. Egy m\u00e1sik elm\u00e9let szerint a Tsch\u00e4gg\u00e4tt\u00e4 \u00fagy alakult ki, hogy a h\u00e1zass\u00e1gon k\u00edv\u00fcli f\u00e9rfiak szabadabban l\u00e9phessenek kapcsolatba a n\u0151kkel a katolikus t\u00e1rsadalom szigor\u00fa szab\u00e1lyai k\u00f6z\u00f6tt.<\/p>\n\n<h2 class=\"wp-block-heading\">Az egyh\u00e1zi hat\u00e1s<\/h2>\n\n<p class=\"wp-block-paragraph\">Egyes tud\u00f3sok \u00fagy v\u00e9lik, a Tsch\u00e4gg\u00e4tt\u00e4 a barokk sz\u00ednh\u00e1z \u00f6rd\u00f6gi alakj\u00e1b\u00f3l fejl\u0151d\u00f6tt ki, amely a 17\u2011es \u00e9s 18\u2011as sz\u00e1zadban vir\u00e1gzott. Ez az elm\u00e9let \u00f6sszhangban van a Tsch\u00e4gg\u00e4tt\u00e4 f\u00e9lelmetes megjelen\u00e9s\u00e9vel \u00e9s a maszkok haszn\u00e1lat\u00e1val, amelyek elrejtik szem\u00e9lyazonoss\u00e1gukat.<\/p>\n\n<h2 class=\"wp-block-heading\">A maszkok szerepe<\/h2>\n\n<p class=\"wp-block-paragraph\">A Tsch\u00e4gg\u00e4tt\u00e4 hagyom\u00e1ny k\u00f6zponti elemei a bonyolult, k\u00e9zzel faragott maszkok, amelyek a fesztiv\u00e1l ikonikus szimb\u00f3lumaiv\u00e1 v\u00e1ltak. Kezdetben csup\u00e1n nyers f\u00e1b\u00f3l k\u00e9sz\u00fcltek, id\u0151vel a fest\u00e9s \u00e9s a m\u0171v\u00e9szi elemek be\u00e9p\u00fcl\u00e9s\u00e9vel fejl\u0151dtek. Ma a maszk\u00e9sz\u00edt\u00e9s tiszteletre m\u00e9lt\u00f3 k\u00e9zm\u0171vess\u00e9g, ahol a szak\u00e9rt\u0151 mesterek tehets\u00e9g\u00fcket \u00e9s kreativit\u00e1sukat mutatj\u00e1k be.<\/p>\n\n<h2 class=\"wp-block-heading\">Modern megnyilv\u00e1nul\u00e1sok<\/h2>\n\n<p class=\"wp-block-paragraph\">B\u00e1r a Tsch\u00e4gg\u00e4tt\u00e4 hagyom\u00e1ny nagyr\u00e9szt h\u0171 maradt gy\u00f6kereihez, a modern hat\u00e1sok is besziv\u00e1rogtak. Egyes maszkok ma m\u00e1r popkultur\u00e1lis utal\u00e1sokat is tartalmaznak, p\u00e9ld\u00e1ul a Marvel\u2011es Venomot vagy Edvard Munch \u201eA sikoly\u201d c\u00edm\u0171 m\u0171v\u00e9t. A Tsch\u00e4gg\u00e4tt\u00e4 r\u00e9szt vesz egy nagyszab\u00e1s\u00fa felvonul\u00e1son, amely sor\u00e1n felvonul\u00f3 szekci\u00f3k \u00e9s zenekarok k\u00eds\u00e9rik a karnev\u00e1li \u00fcnneps\u00e9get.<\/p>\n\n<h2 class=\"wp-block-heading\">A Tsch\u00e4gg\u00e4tt\u00e4 megtapasztal\u00e1sa<\/h2>\n\n<p class=\"wp-block-paragraph\">A l\u00e1togat\u00f3k sz\u00e1m\u00e1ra a legjobb alkalom a Tsch\u00e4gg\u00e4tt\u00e4 akci\u00f3k megtekint\u00e9s\u00e9re a cs\u00fct\u00f6rt\u00f6ki este \u00e9s a szombati d\u00e9lut\u00e1n, a hamvaz\u00f3szerd\u00e1t megel\u0151z\u0151 napokon. Cs\u00fct\u00f6rt\u00f6k\u00f6n este a \u201epolg\u00e1ri sz\u00f6rnyek\u201d \u00e1thaladnak Blatten \u00e9s Ferden utc\u00e1in, m\u00edg szombaton egy jelmezverseny mutatja be a legl\u00e1tv\u00e1nyosabb maszkokat \u00e9s sz\u0151rmeket.<\/p>\n\n<h2 class=\"wp-block-heading\">Kultur\u00e1lis hat\u00e1s \u00e9s jelent\u0151s\u00e9g<\/h2>\n\n<p class=\"wp-block-paragraph\">A Tsch\u00e4gg\u00e4tt\u00e4 hagyom\u00e1ny m\u00e9lyen \u00f6sszefon\u00f3dik a L\u00f6tchental-v\u00f6lgy kultur\u00e1lis identit\u00e1s\u00e1val. Egyed\u00fcl\u00e1ll\u00f3 szemsz\u00f6gb\u0151l k\u00edn\u00e1l lehet\u0151s\u00e9get a sv\u00e1jci folkl\u00f3r, a m\u0171v\u00e9szet \u00e9s a hagyom\u00e1ny \u00e9s modernit\u00e1s k\u00f6zti k\u00f6lcs\u00f6nhat\u00e1s felfedez\u00e9s\u00e9re. A fesztiv\u00e1l nemzetk\u00f6zi figyelmet is vonz, \u00e9s a l\u00e1togat\u00f3k ezrei \u00e1ramlanak, hogy megcsod\u00e1lj\u00e1k ezt a rendk\u00edv\u00fcli l\u00e1tv\u00e1nyt.<\/p>","protected":false},"excerpt":{"rendered":"<p>Tsch\u00e4gg\u00e4tt\u00e4: A Sv\u00e1jci L\u00f6tchental-v\u00f6lgy titokzatos karnev\u00e1li hagyom\u00e1ny\u00e1nak felfedez\u00e9se T\u00f6rt\u00e9nelmi eredet \u00e9s n\u00e9pmes\u00e9k A Tsch\u00e4gg\u00e4tt\u00e4, egy egyed\u00fcl\u00e1ll\u00f3 \u00e9s titokzatos hagyom\u00e1ny, amely a sv\u00e1jci L\u00f6tchental-v\u00f6lgyben zajlik, \u00e9vsz\u00e1zadok \u00f3ta elb\u0171v\u00f6li a helyieket \u00e9s&hellip;<\/p>\n","protected":false},"author":2,"featured_media":25563,"comment_status":"closed","ping_status":"closed","sticky":false,"template":"","format":"standard","meta":{"footnotes":""},"categories":[3669],"tags":[3967,89,3969,3968,3966],"class_list":["post-1851","post","type-post","status-publish","format-standard","has-post-thumbnail","hentry","category-folk-art","tag-carnival","tag-cultural-heritage","tag-mask-art","tag-swiss-folklore","tag-tschaggatta"],"_links":{"self":[{"href":"https:\/\/www.lifescienceart.com\/hu\/wp-json\/wp\/v2\/posts\/1851","targetHints":{"allow":["GET"]}}],"collection":[{"href":"https:\/\/www.lifescienceart.com\/hu\/wp-json\/wp\/v2\/posts"}],"about":[{"href":"https:\/\/www.lifescienceart.com\/hu\/wp-json\/wp\/v2\/types\/post"}],"author":[{"embeddable":true,"href":"https:\/\/www.lifescienceart.com\/hu\/wp-json\/wp\/v2\/users\/2"}],"replies":[{"embeddable":true,"href":"https:\/\/www.lifescienceart.com\/hu\/wp-json\/wp\/v2\/comments?post=1851"}],"version-history":[{"count":2,"href":"https:\/\/www.lifescienceart.com\/hu\/wp-json\/wp\/v2\/posts\/1851\/revisions"}],"predecessor-version":[{"id":25564,"href":"https:\/\/www.lifescienceart.com\/hu\/wp-json\/wp\/v2\/posts\/1851\/revisions\/25564"}],"wp:featuredmedia":[{"embeddable":true,"href":"https:\/\/www.lifescienceart.com\/hu\/wp-json\/wp\/v2\/media\/25563"}],"wp:attachment":[{"href":"https:\/\/www.lifescienceart.com\/hu\/wp-json\/wp\/v2\/media?parent=1851"}],"wp:term":[{"taxonomy":"category","embeddable":true,"href":"https:\/\/www.lifescienceart.com\/hu\/wp-json\/wp\/v2\/categories?post=1851"},{"taxonomy":"post_tag","embeddable":true,"href":"https:\/\/www.lifescienceart.com\/hu\/wp-json\/wp\/v2\/tags?post=1851"}],"curies":[{"name":"wp","href":"https:\/\/api.w.org\/{rel}","templated":true}]}}