{"id":18535,"date":"2024-05-21T18:26:36","date_gmt":"2024-05-21T18:26:36","guid":{"rendered":"https:\/\/www.lifescienceart.com\/?p=18535"},"modified":"2024-05-21T18:26:36","modified_gmt":"2024-05-21T18:26:36","slug":"evolution-of-book-storage","status":"publish","type":"post","link":"https:\/\/www.lifescienceart.com\/hu\/science\/library-and-information-science\/evolution-of-book-storage\/","title":{"rendered":"A k\u00f6nyvt\u00e1roz\u00e1s fejl\u0151d\u00e9se: A tekercsekt\u0151l a gerincekig"},"content":{"rendered":"<h2 class=\"wp-block-heading\">A k\u00f6nyvt\u00e1roz\u00e1s fejl\u0151d\u00e9se: A tekercsekt\u0151l a gerincekig<\/h2>\n\n<h2 class=\"wp-block-heading\">A korai k\u00f6nyvt\u00e1roz\u00e1s: A tekercsek kora<\/h2>\n\n<p>A k\u00f6nyvek megjelen\u00e9se el\u0151tt az ismereteket els\u0151sorban tekercseken t\u00e1rolt\u00e1k. A tekercsek hossz\u00fa, folyamatos papirusz- vagy pergamenlapok voltak, amelyeket k\u00f6nnyebb t\u00e1rol\u00e1s \u00e9s sz\u00e1ll\u00edt\u00e1s \u00e9rdek\u00e9ben feltekertek. Az \u00e1llv\u00e1nyokat a tekercsek t\u00e1rol\u00e1s\u00e1ra haszn\u00e1lt\u00e1k, de nem volt szabv\u00e1nyos\u00edtott rendszerez\u00e9s.<\/p>\n\n<h2 class=\"wp-block-heading\">A k\u00f6nyvek felemelked\u00e9se \u00e9s a gerincnyomtat\u00e1s bevezet\u00e9se<\/h2>\n\n<p>Ahogy a k\u00f6nyvek fokozatosan felv\u00e1ltott\u00e1k a tekercseket, \u00faj t\u00e1rol\u00e1si \u00e9s szervez\u00e9si m\u00f3dszerekre volt sz\u00fcks\u00e9g. Az els\u0151 nyomtatott gerinc\u0171 k\u00f6nyvek 1535 k\u00f6r\u00fcl jelentek meg, \u00e9s ez az \u00faj\u00edt\u00e1s forradalmas\u00edtotta a k\u00f6nyvek polcoz\u00e1s\u00e1t. A gerincen vil\u00e1gosan felt\u00fcntetett c\u00edmmel a k\u00f6nyvek k\u00f6nnyen azonos\u00edthat\u00f3k \u00e9s logikus sorrendben rendezhet\u0151k voltak.<\/p>\n\n<h2 class=\"wp-block-heading\">K\u00f6z\u00e9pkori k\u00f6nyvt\u00e1rak \u00e9s a k\u00f6nyvek l\u00e1ncol\u00e1sa<\/h2>\n\n<p>A kolostorokban, amelyek a nyilv\u00e1nos k\u00f6nyvt\u00e1rakhoz legk\u00f6zelebb \u00e1ll\u00f3 int\u00e9zm\u00e9nyek voltak, a k\u00f6nyveket gyakran lel\u00e1ncolt\u00e1k ferde asztalokhoz vagy olvas\u00f3pulpitusokhoz. Ez a gyakorlat biztos\u00edtotta, hogy az \u00e9rt\u00e9kes \u00e9s ritka k\u00f6nyveket ne lehessen ellopni vagy elhelyezni. A k\u00f6nyvek l\u00e1ncol\u00e1sa azonban megnehez\u00edtette a b\u00f6ng\u00e9sz\u00e9st \u00e9s a konkr\u00e9t m\u0171vek kiv\u00e1laszt\u00e1s\u00e1t.<\/p>\n\n<h2 class=\"wp-block-heading\">A k\u00f6nyvek rejtett gerinccel val\u00f3 halmoz\u00e1sa<\/h2>\n\n<p>A k\u00f6z\u00e9pkori k\u00f6nyvt\u00e1rakban n\u00f6vekv\u0151 sz\u00e1m\u00fa k\u00f6nyv \u00e9s a helyhi\u00e1ny miatt a szerzetesek elkezdt\u00e9k a k\u00f6nyveket a polcokon \u00fagy halmozni, hogy a gerincek rejtve maradjanak. Ez a t\u00e1rol\u00e1si m\u00f3dszer helytakar\u00e9kos volt, \u00e9s megakad\u00e1lyozta a gerincek s\u00e9r\u00fcl\u00e9s\u00e9t. A k\u00f6nyvek azonos\u00edt\u00e1sa \u00e9rdek\u00e9ben azonos\u00edt\u00f3 mint\u00e1kat rajzoltak a lapok vastags\u00e1g\u00e1ra.<\/p>\n\n<h2 class=\"wp-block-heading\">A modern kor: Szabv\u00e1nyos\u00edtott k\u00f6nyvespolcok<\/h2>\n\n<p>A nyomdag\u00e9pek megjelen\u00e9s\u00e9vel a k\u00f6nyvek sz\u00e9lesebb k\u00f6rben el\u00e9rhet\u0151v\u00e9 \u00e9s kev\u00e9sb\u00e9 \u00e9rt\u00e9kess\u00e9 v\u00e1ltak. Ez a k\u00f6nyvek t\u00e1rol\u00e1s\u00e1nak szabv\u00e1nyosabb m\u00f3dszerei fel\u00e9 t\u00f6rt\u00e9n\u0151 elmozdul\u00e1shoz vezetett. A k\u00f6nyveket mostant\u00f3l \u00e1ltal\u00e1ban f\u00fcgg\u0151legesen t\u00e1rolt\u00e1k, a gerinc\u00fcket kifel\u00e9 ford\u00edtva az egyszer\u0171 azonos\u00edt\u00e1s \u00e9rdek\u00e9ben. Ez a gyakorlat ma is az uralkod\u00f3 norma.<\/p>\n\n<h2 class=\"wp-block-heading\">A k\u00f6nyvek szervez\u00e9s\u00e9nek alternat\u00edv m\u00f3dszerei<\/h2>\n\n<p>A f\u00fcgg\u0151leges gerinc kifel\u00e9 t\u00e1rol\u00e1s dominanci\u00e1ja ellen\u00e9re l\u00e9teznek m\u00e9g alternat\u00edv m\u00f3dszerek a k\u00f6nyvek szervez\u00e9s\u00e9re, amelyeknek megvannak a maguk el\u0151nyei. Vannak, akik ink\u00e1bb v\u00edzszintesen halmozz\u00e1k a k\u00f6nyveket, mivel \u00edgy t\u00f6bb k\u00f6nyvet lehet t\u00e1rolni egy kisebb helyen. M\u00e1sok a k\u00f6nyveket oldals\u00f3 \u00e9llel kifel\u00e9 ford\u00edtj\u00e1k, a lapokat kifel\u00e9 ford\u00edtva, hogy vizu\u00e1lisan vonz\u00f3 megjelen\u00e9st hozzanak l\u00e9tre.<\/p>\n\n<h2 class=\"wp-block-heading\">A k\u00f6nyvek gerinc\u00e9nek eszt\u00e9tik\u00e1ja<\/h2>\n\n<p>A k\u00f6nyvek gerince nemcsak az azonos\u00edt\u00e1s \u00e9s a szervez\u00e9s szempontj\u00e1b\u00f3l funkcion\u00e1lis elemm\u00e9 fejl\u0151d\u00f6tt, hanem eszt\u00e9tikai jellemz\u0151v\u00e9 is. A m\u00faltban a k\u00f6nyvek gerinc\u00e9t gyakran d\u00edsz\u00edtett\u00e9k aranyoz\u00e1ssal, dombornyom\u00e1ssal \u00e9s egy\u00e9b d\u00edsz\u00edt\u00e9sekkel. Napjainkban a k\u00f6nyvek gerince tov\u00e1bbra is szerepet j\u00e1tszik a k\u00f6nyv \u00e1ltal\u00e1nos kialak\u00edt\u00e1s\u00e1ban \u00e9s vonzerej\u00e9ben.<\/p>\n\n<h2 class=\"wp-block-heading\">K\u00f6vetkeztet\u00e9s<\/h2>\n\n<p>A k\u00f6nyvt\u00e1roz\u00e1s t\u00f6rt\u00e9nete egy izgalmas utaz\u00e1s, amely t\u00fckr\u00f6zi az ismeret v\u00e1ltoz\u00f3 term\u00e9szet\u00e9t \u00e9s a technol\u00f3gia fejl\u0151d\u00e9s\u00e9t. A tekercsek rendezetlen halmait\u00f3l a modern k\u00f6nyvt\u00e1rak szabv\u00e1nyos\u00edtott polcaiig a k\u00f6nyvek t\u00e1rol\u00e1s\u00e1nak \u00e9s szervez\u00e9s\u00e9nek m\u00f3dja folyamatosan alkalmazkodik az ig\u00e9nyeinkhez \u00e9s preferenci\u00e1inkhoz.<\/p>","protected":false},"excerpt":{"rendered":"<p>A k\u00f6nyvt\u00e1roz\u00e1s fejl\u0151d\u00e9se: A tekercsekt\u0151l a gerincekig A korai k\u00f6nyvt\u00e1roz\u00e1s: A tekercsek kora A k\u00f6nyvek megjelen\u00e9se el\u0151tt az ismereteket els\u0151sorban tekercseken t\u00e1rolt\u00e1k. A tekercsek hossz\u00fa, folyamatos papirusz- vagy pergamenlapok voltak,&hellip;<\/p>\n","protected":false},"author":6,"featured_media":23488,"comment_status":"closed","ping_status":"closed","sticky":false,"template":"","format":"standard","meta":{"footnotes":""},"categories":[24213],"tags":[24211,24210,11754,24212,15452],"class_list":["post-18535","post","type-post","status-publish","format-standard","has-post-thumbnail","hentry","category-library-and-information-science","tag-evolution-of-books","tag-book-organization","tag-book-storage","tag-library-science","tag-book-history"],"_links":{"self":[{"href":"https:\/\/www.lifescienceart.com\/hu\/wp-json\/wp\/v2\/posts\/18535","targetHints":{"allow":["GET"]}}],"collection":[{"href":"https:\/\/www.lifescienceart.com\/hu\/wp-json\/wp\/v2\/posts"}],"about":[{"href":"https:\/\/www.lifescienceart.com\/hu\/wp-json\/wp\/v2\/types\/post"}],"author":[{"embeddable":true,"href":"https:\/\/www.lifescienceart.com\/hu\/wp-json\/wp\/v2\/users\/6"}],"replies":[{"embeddable":true,"href":"https:\/\/www.lifescienceart.com\/hu\/wp-json\/wp\/v2\/comments?post=18535"}],"version-history":[{"count":1,"href":"https:\/\/www.lifescienceart.com\/hu\/wp-json\/wp\/v2\/posts\/18535\/revisions"}],"predecessor-version":[{"id":18536,"href":"https:\/\/www.lifescienceart.com\/hu\/wp-json\/wp\/v2\/posts\/18535\/revisions\/18536"}],"wp:featuredmedia":[{"embeddable":true,"href":"https:\/\/www.lifescienceart.com\/hu\/wp-json\/wp\/v2\/media\/23488"}],"wp:attachment":[{"href":"https:\/\/www.lifescienceart.com\/hu\/wp-json\/wp\/v2\/media?parent=18535"}],"wp:term":[{"taxonomy":"category","embeddable":true,"href":"https:\/\/www.lifescienceart.com\/hu\/wp-json\/wp\/v2\/categories?post=18535"},{"taxonomy":"post_tag","embeddable":true,"href":"https:\/\/www.lifescienceart.com\/hu\/wp-json\/wp\/v2\/tags?post=18535"}],"curies":[{"name":"wp","href":"https:\/\/api.w.org\/{rel}","templated":true}]}}