{"id":18664,"date":"2019-07-03T21:25:05","date_gmt":"2019-07-03T21:25:05","guid":{"rendered":"https:\/\/www.lifescienceart.com\/?p=18664"},"modified":"2019-07-03T21:25:05","modified_gmt":"2019-07-03T21:25:05","slug":"moral-judgment-time-space-authority","status":"publish","type":"post","link":"https:\/\/www.lifescienceart.com\/hu\/science\/psychology\/moral-judgment-time-space-authority\/","title":{"rendered":"Hogyan befoly\u00e1solja az id\u0151, a t\u00e9r \u00e9s a tekint\u00e9ly az erk\u00f6lcsi ir\u00e1nyt\u0171nket"},"content":{"rendered":"<h2 class=\"wp-block-heading\">Hogyan befoly\u00e1solja az id\u0151, a t\u00e9r \u00e9s a tekint\u00e9ly az erk\u00f6lcsi ir\u00e1nyt\u0171nket<\/h2>\n\n<h2 class=\"wp-block-heading\">Az erk\u00f6lcsi \u00edt\u00e9lkez\u00e9s rugalmass\u00e1ga<\/h2>\n\n<p>\u00c9vsz\u00e1zadokon \u00e1t vitatkoztak filoz\u00f3fusok \u00e9s pszichol\u00f3gusok az erk\u00f6lcs term\u00e9szet\u00e9r\u0151l, azzal \u00e9rvelve, hogy bizonyos erk\u00f6lcsi elvek egyetemesek \u00e9s v\u00e1ltoztathatatlanok. Azonban a k\u00f6zelm\u00falt kutat\u00e1sai arra utalnak, hogy erk\u00f6lcsi \u00edt\u00e9leteink sokkal rugalmasabbak, mint kor\u00e1bban gondoltuk.<\/p>\n\n<p>Egy nemzetk\u00f6zi kutat\u00f3csoport \u00e1ltal v\u00e9gzett tanulm\u00e1ny meg\u00e1llap\u00edtotta, hogy az emberek erk\u00f6lcsi \u00edt\u00e9leteit jelent\u0151sen befoly\u00e1solj\u00e1k olyan t\u00e9nyez\u0151k, mint az id\u0151, a t\u00e9r \u00e9s a tekint\u00e9lyes szem\u00e9lyek. P\u00e9ld\u00e1ul az emberek hajlamosak kev\u00e9sb\u00e9 erk\u00f6lcsileg helytelennek \u00edt\u00e9lni a cselekedeteket, ha azok m\u00e1r r\u00e9gen vagy messze t\u00f6rt\u00e9ntek. Ezenk\u00edv\u00fcl nagyobb val\u00f3sz\u00edn\u0171s\u00e9ggel helyeslik a cselekedeteket, ha azokat a k\u00f6z\u00f6ss\u00e9g\u00fck egy befoly\u00e1sos vezet\u0151je t\u00e1mogatja.<\/p>\n\n<h2 class=\"wp-block-heading\">A k\u00f6z\u00f6ss\u00e9g szerepe<\/h2>\n\n<p>A kutat\u00f3k szerint az erk\u00f6lcsi \u00edt\u00e9lkez\u00e9sben bek\u00f6vetkez\u0151 v\u00e1ltoz\u00e1sokat fejlett pszichol\u00f3gi\u00e1nk vez\u00e9rli, amely arra \u00f6szt\u00f6n\u00f6z minket, hogy egy szab\u00e1lyrendszert k\u00f6vess\u00fcnk \u00e9s \u00e9rv\u00e9nyes\u00edts\u00fcnk k\u00f6z\u00f6ss\u00e9g\u00fcnk\u00f6n bel\u00fcl. A magas erk\u00f6lcsis\u00e9g h\u00edrnev\u00e9nek megteremt\u00e9s\u00e9vel n\u00f6velj\u00fck annak es\u00e9ly\u00e9t, hogy olyan kollekt\u00edv v\u00e1llalkoz\u00e1sokban vegy\u00fcnk r\u00e9szt, amelyek jav\u00edtj\u00e1k t\u00fal\u00e9l\u00e9s\u00fcnket.<\/p>\n\n<p>Azonban vannak korl\u00e1tai annak, hogy milyen m\u00e9rt\u00e9kben kell erk\u00f6lcsi k\u00f3dexeket \u00e9rv\u00e9nyes\u00edten\u00fcnk. Olyan esem\u00e9nyek eset\u00e9ben, amelyek messze vagy r\u00e9gen t\u00f6rt\u00e9ntek, kev\u00e9s el\u0151nye van a felh\u00e1borod\u00e1s kifejez\u00e9s\u00e9nek, mivel az nem \u00e9rinti k\u00f6zvetlen\u00fcl a k\u00f6z\u00f6ss\u00e9g\u00fcnket. Ehelyett az erk\u00f6lcsi k\u00f3dexek \u00e9rv\u00e9nyes\u00edt\u00e9s\u00e9re kell \u00f6sszpontos\u00edtanunk, amikor az a k\u00f6z\u00f6ss\u00e9g\u00fcnk sz\u00e1m\u00e1ra relev\u00e1ns, \u00e9s k\u00e9zzelfoghat\u00f3 k\u00f6lts\u00e9ge van annak, ha nem tessz\u00fck meg.<\/p>\n\n<h2 class=\"wp-block-heading\">A tekint\u00e9lyes szem\u00e9lyek befoly\u00e1sa<\/h2>\n\n<p>A k\u00f6z\u00f6ss\u00e9g\u00fckben nagy jelent\u0151s\u00e9ggel b\u00edr\u00f3 szem\u00e9lyek, mint p\u00e9ld\u00e1ul a t\u00f6rzsi vezet\u0151k vagy politikai szem\u00e9lyis\u00e9gek, jelent\u0151s hat\u00e1ssal vannak az erk\u00f6lcsi norm\u00e1k alak\u00edt\u00e1s\u00e1ra. Pszichol\u00f3gi\u00e1nk \u00f6sszhangban van e vezet\u0151k v\u00e9lem\u00e9ny\u00e9vel, \u00e9s hajlamosak vagyunk saj\u00e1t erk\u00f6lcsi \u00edt\u00e9leteinket az \u00f6v\u00e9khez igaz\u00edtani.<\/p>\n\n<h2 class=\"wp-block-heading\">Erk\u00f6lcsi sz\u0171kl\u00e1t\u00f3k\u00f6r\u0171s\u00e9g \u00e9s a k\u00f6z\u00f6ss\u00e9gi m\u00e9dia ereje<\/h2>\n\n<p>Mik\u00f6zben az erk\u00f6lcsi filoz\u00f3fusok azt \u00e1ll\u00edtj\u00e1k, hogy az erk\u00f6lcsi elveket egyetemesen kell alkalmaznunk, a kutat\u00e1sok azt mutatj\u00e1k, hogy az emberek gyakran erk\u00f6lcsileg sz\u0171kl\u00e1t\u00f3k\u00f6r\u0171ek, ami azt jelenti, hogy elt\u00e9r\u0151en \u00edt\u00e9lik meg a cselekedeteket aszerint, hogy mikor \u00e9s hol t\u00f6rt\u00e9nnek. Ez r\u00e9szben fejlett pszichol\u00f3gi\u00e1nknak k\u00f6sz\u00f6nhet\u0151, amely helyi k\u00f6z\u00f6ss\u00e9g\u00fcnk ig\u00e9nyeit helyezi el\u0151t\u00e9rbe.<\/p>\n\n<p>A k\u00f6z\u00f6ss\u00e9gi m\u00e9di\u00e1nak azonban megvan az a lehet\u0151s\u00e9ge, hogy kih\u00edv\u00e1st jelentsen erk\u00f6lcsi sz\u0171kl\u00e1t\u00f3k\u00f6r\u0171s\u00e9g\u00fcnknek az\u00e1ltal, hogy felt\u00e1rja el\u0151tt\u00fcnk a messze f\u00f6ld\u00f6n t\u00f6rt\u00e9n\u0151 igazs\u00e1gtalans\u00e1gokat. Ezeknek az esem\u00e9nyeknek a helyi szintre emel\u00e9s\u00e9vel a k\u00f6z\u00f6ss\u00e9gi m\u00e9dia kihaszn\u00e1lhatja vel\u00fcnk sz\u00fcletett pszichol\u00f3gi\u00e1nkat, \u00e9s arra \u00f6szt\u00f6n\u00f6zhet minket, hogy erk\u00f6lcsi felh\u00e1borod\u00e1st fejezz\u00fcnk ki.<\/p>\n\n<h2 class=\"wp-block-heading\">A glob\u00e1lis erk\u00f6lcs kih\u00edv\u00e1sa<\/h2>\n\n<p>Egyre \u00f6sszekapcsoltabb vil\u00e1gunkban azzal a kih\u00edv\u00e1ssal n\u00e9z\u00fcnk szembe, hogy egyens\u00falyt teremts\u00fcnk a helyi \u00e9s glob\u00e1lis erk\u00f6lcsi agg\u00e1lyok k\u00f6z\u00f6tt. Egyr\u00e9szt felel\u0151ss\u00e9g\u00fcnk, hogy a vil\u00e1g b\u00e1rmely pontj\u00e1n t\u00f6rt\u00e9n\u0151 igazs\u00e1gtalans\u00e1gokat orvosoljuk. M\u00e1sr\u00e9szt helyi k\u00f6z\u00f6ss\u00e9g\u00fcnk ig\u00e9nyeit is el\u0151t\u00e9rbe kell helyezn\u00fcnk.<\/p>\n\n<p>Az erk\u00f6lcsi felh\u00e1borod\u00e1s egyetemesebb \u00e9rz\u00e9s\u00e9nek el\u00e9r\u00e9se \u00e9rdek\u00e9ben el kell ismern\u00fcnk, hogy mindannyian egyetlen glob\u00e1lis k\u00f6z\u00f6ss\u00e9g r\u00e9szei vagyunk. Egy\u00fcttm\u0171k\u00f6dve \u00e9s a k\u00f6z\u00f6ss\u00e9gi m\u00e9dia erej\u00e9t felhaszn\u00e1lva olyan vil\u00e1got teremthet\u00fcnk, ahol minden emberrel m\u00e9lt\u00f3s\u00e1ggal \u00e9s tisztelettel b\u00e1nnak, f\u00fcggetlen\u00fcl tart\u00f3zkod\u00e1si hely\u00e9t\u0151l vagy k\u00f6r\u00fclm\u00e9nyeit\u0151l.<\/p>","protected":false},"excerpt":{"rendered":"<p>Hogyan befoly\u00e1solja az id\u0151, a t\u00e9r \u00e9s a tekint\u00e9ly az erk\u00f6lcsi ir\u00e1nyt\u0171nket Az erk\u00f6lcsi \u00edt\u00e9lkez\u00e9s rugalmass\u00e1ga \u00c9vsz\u00e1zadokon \u00e1t vitatkoztak filoz\u00f3fusok \u00e9s pszichol\u00f3gusok az erk\u00f6lcs term\u00e9szet\u00e9r\u0151l, azzal \u00e9rvelve, hogy bizonyos erk\u00f6lcsi&hellip;<\/p>\n","protected":false},"author":6,"featured_media":0,"comment_status":"closed","ping_status":"closed","sticky":false,"template":"","format":"standard","meta":{"footnotes":""},"categories":[100],"tags":[1280,98,171,24355,1579,1237],"class_list":["post-18664","post","type-post","status-publish","format-standard","hentry","category-psychology","tag-ethics","tag-philosophy","tag-social-media","tag-moral-judgment","tag-neuroscience","tag-psychology"],"_links":{"self":[{"href":"https:\/\/www.lifescienceart.com\/hu\/wp-json\/wp\/v2\/posts\/18664","targetHints":{"allow":["GET"]}}],"collection":[{"href":"https:\/\/www.lifescienceart.com\/hu\/wp-json\/wp\/v2\/posts"}],"about":[{"href":"https:\/\/www.lifescienceart.com\/hu\/wp-json\/wp\/v2\/types\/post"}],"author":[{"embeddable":true,"href":"https:\/\/www.lifescienceart.com\/hu\/wp-json\/wp\/v2\/users\/6"}],"replies":[{"embeddable":true,"href":"https:\/\/www.lifescienceart.com\/hu\/wp-json\/wp\/v2\/comments?post=18664"}],"version-history":[{"count":1,"href":"https:\/\/www.lifescienceart.com\/hu\/wp-json\/wp\/v2\/posts\/18664\/revisions"}],"predecessor-version":[{"id":18665,"href":"https:\/\/www.lifescienceart.com\/hu\/wp-json\/wp\/v2\/posts\/18664\/revisions\/18665"}],"wp:attachment":[{"href":"https:\/\/www.lifescienceart.com\/hu\/wp-json\/wp\/v2\/media?parent=18664"}],"wp:term":[{"taxonomy":"category","embeddable":true,"href":"https:\/\/www.lifescienceart.com\/hu\/wp-json\/wp\/v2\/categories?post=18664"},{"taxonomy":"post_tag","embeddable":true,"href":"https:\/\/www.lifescienceart.com\/hu\/wp-json\/wp\/v2\/tags?post=18664"}],"curies":[{"name":"wp","href":"https:\/\/api.w.org\/{rel}","templated":true}]}}