{"id":2093,"date":"2023-07-18T02:59:09","date_gmt":"2023-07-18T02:59:09","guid":{"rendered":"https:\/\/www.lifescienceart.com\/?p=2093"},"modified":"2023-07-18T02:59:09","modified_gmt":"2023-07-18T02:59:09","slug":"iceland-future-data-storage","status":"publish","type":"post","link":"https:\/\/www.lifescienceart.com\/hu\/science\/technology\/iceland-future-data-storage\/","title":{"rendered":"Izland: Az adatt\u00e1rol\u00e1s j\u00f6v\u0151je?"},"content":{"rendered":"<h2 class=\"wp-block-heading\">Izland: Az adatt\u00e1rol\u00e1s j\u00f6v\u0151je?<\/h2>\n\n<h3 class=\"wp-block-heading\">Izland egyedi energetikai el\u0151nye<\/h3>\n\n<p>Izland egyre ink\u00e1bb adatk\u00f6zpontok k\u00f6zpontj\u00e1v\u00e1 v\u00e1lik egyedi energetikai helyzete miatt. B\u0151s\u00e9ges geotermikus \u00e9s v\u00edzer\u0151m\u0171vekkel Izland szinte az \u00f6sszes villamos energi\u00e1j\u00e1t meg\u00fajul\u00f3 forr\u00e1sokb\u00f3l \u00e1ll\u00edtja el\u0151, \u00edgy sz\u00e9n-dioxid-semleges. Ez jelent\u0151s el\u0151nyt jelent az adatk\u00f6zpontok sz\u00e1m\u00e1ra, amelyek hatalmas mennyis\u00e9g\u0171 energi\u00e1t fogyasztanak.<\/p>\n\n<h3 class=\"wp-block-heading\">K\u00f6lts\u00e9ghat\u00e9kony energia<\/h3>\n\n<p>A Verne Global, egy izlandi adatk\u00f6zpont-\u00fczemeltet\u0151, Izland meg\u00fajul\u00f3 energi\u00e1j\u00e1t haszn\u00e1lja fel, hogy k\u00f6lts\u00e9ghat\u00e9kony energi\u00e1t k\u00edn\u00e1ljon \u00fcgyfeleinek. Az ingyenes l\u00e9gh\u0171t\u00e9s haszn\u00e1lat\u00e1val \u00e9s a sz\u00e9n-dioxid-semleges energia hossz\u00fa t\u00e1v\u00fa, fix \u00e1ras szerz\u0151d\u00e9sek keret\u00e9ben t\u00f6rt\u00e9n\u0151 beszerz\u00e9s\u00e9vel a Verne Global jelent\u0151sen cs\u00f6kkentheti az adatt\u00e1rol\u00e1s energiaig\u00e9ny\u00e9t.<\/p>\n\n<h3 class=\"wp-block-heading\">Fenntarthat\u00f3 adatk\u00f6zpontok<\/h3>\n\n<p>A meg\u00fajul\u00f3 energia haszn\u00e1lata Izland adatk\u00f6zpontjaiban \u00f6sszhangban van a fenntarthat\u00f3 adatt\u00e1rol\u00e1si megold\u00e1sok ir\u00e1nti n\u00f6vekv\u0151 kereslettel. A v\u00e1llalatok egyre ink\u00e1bb keresik a sz\u00e9n-dioxid-kibocs\u00e1t\u00e1suk cs\u00f6kkent\u00e9s\u00e9nek m\u00f3djait, \u00e9s az adatok Izlandon t\u00f6rt\u00e9n\u0151 t\u00e1rol\u00e1sa \u00e9letk\u00e9pes lehet\u0151s\u00e9get k\u00edn\u00e1l.<\/p>\n\n<h3 class=\"wp-block-heading\">Optikai sz\u00e1las infrastrukt\u00fara<\/h3>\n\n<p>Izlandot tenger alatti optikai sz\u00e1las k\u00e1belek k\u00f6tik \u00f6ssze Eur\u00f3p\u00e1val \u00e9s \u00c9szak-Amerik\u00e1val, amelyek nagy sebess\u00e9g\u0171 adat\u00e1tvitelt biztos\u00edtanak. A f\u0151bb n\u00e9pess\u00e9gk\u00f6zpontokt\u00f3l val\u00f3 t\u00e1vols\u00e1g ellen\u00e9re a f\u00e9ny sebess\u00e9ge biztos\u00edtja, hogy az adatok minim\u00e1lis k\u00e9sleltet\u00e9ssel tov\u00e1bb\u00edthat\u00f3k Izlandr\u00f3l \u00e9s Izlandra.<\/p>\n\n<h3 class=\"wp-block-heading\">Adatk\u00f6zpont-biztons\u00e1g \u00e9s megb\u00edzhat\u00f3s\u00e1g<\/h3>\n\n<p>A Verne Global adatk\u00f6zpontja egy volt NATO-b\u00e1zison tal\u00e1lhat\u00f3, amely biztons\u00e1gos alapk\u0151zetet \u00e9s v\u00e9delmet ny\u00fajt a szeizmikus tev\u00e9kenys\u00e9ggel szemben. A l\u00e9tes\u00edtm\u00e9ny fejlett biztons\u00e1gi int\u00e9zked\u00e9seket is alkalmaz, bele\u00e9rtve az ujjlenyomat-aktiv\u00e1lt z\u00e1rakat \u00e9s a szigor\u00fa hozz\u00e1f\u00e9r\u00e9s-vez\u00e9rl\u00e9st.<\/p>\n\n<h3 class=\"wp-block-heading\">A k\u00e9sleltet\u00e9s agg\u00e1lyainak lek\u00fczd\u00e9se<\/h3>\n\n<p>A k\u00e9sleltet\u00e9s, az az id\u0151, amely az adatok adatk\u00f6zpontba t\u00f6rt\u00e9n\u0151 eljut\u00e1s\u00e1hoz \u00e9s onnan val\u00f3 visszajut\u00e1s\u00e1hoz sz\u00fcks\u00e9ges, aggodalomra adhat okot egyes alkalmaz\u00e1sok eset\u00e9ben. A legt\u00f6bb adatt\u00e1rol\u00e1si ig\u00e9ny eset\u00e9ben azonban az Izland f\u00f6ldrajzi elhelyezked\u00e9s\u00e9b\u0151l ad\u00f3d\u00f3 80 milliszekundumos k\u00e9sleltet\u00e9s nem jelent\u0151s probl\u00e9ma. Ezenk\u00edv\u00fcl a v\u00e1llalatok cs\u00f6kkenthetik a k\u00e9sleltet\u00e9st gyors\u00edt\u00f3t\u00e1raz\u00e1s \u00e9s egy\u00e9b optimaliz\u00e1l\u00e1si technik\u00e1k alkalmaz\u00e1s\u00e1val.<\/p>\n\n<h3 class=\"wp-block-heading\">Adatok kiszervez\u00e9se Izlandra<\/h3>\n\n<p>Az adatok Izlandra t\u00f6rt\u00e9n\u0151 kiszervez\u00e9se sz\u00e1mos el\u0151nyt k\u00edn\u00e1l, t\u00f6bbek k\u00f6z\u00f6tt k\u00f6lts\u00e9gmegtakar\u00edt\u00e1st, fenntarthat\u00f3s\u00e1got \u00e9s a kiv\u00e1l\u00f3 min\u0151s\u00e9g\u0171 infrastrukt\u00far\u00e1hoz val\u00f3 hozz\u00e1f\u00e9r\u00e9st. A v\u00e1llalatoknak azonban gondosan m\u00e9rlegelni\u00fck kell a k\u00e9sleltet\u00e9si k\u00f6vetelm\u00e9nyeket \u00e9s a biztons\u00e1gi agg\u00e1lyokat, miel\u0151tt d\u00f6nt\u00e9st hoznak.<\/p>\n\n<h3 class=\"wp-block-heading\">\u00daj trendek<\/h3>\n\n<p>A Verne Global nem az egyetlen szerepl\u0151 Izland adatk\u00f6zpont-piac\u00e1n. A BMW szint\u00e9n tervezi saj\u00e1t adatk\u00f6zpontj\u00e1nak \u00e9p\u00edt\u00e9s\u00e9t az orsz\u00e1gban, elismerve az adatt\u00e1rol\u00e1s lehet\u0151s\u00e9g\u00e9t Izlandon. Ezenk\u00edv\u00fcl a sz\u00e9n-dioxid-kibocs\u00e1t\u00e1sra vonatkoz\u00f3 szab\u00e1lyoz\u00e1sok \u00e9s a n\u00f6vekv\u0151 energia\u00e1rak arra k\u00e9sztetik a v\u00e1llalatokat, hogy fenntarthat\u00f3 adatk\u00f6zpont-megold\u00e1sokat vizsg\u00e1ljanak meg.<\/p>\n\n<h3 class=\"wp-block-heading\">Az adatt\u00e1rol\u00e1s j\u00f6v\u0151je<\/h3>\n\n<p>Adataink t\u00e1rol\u00e1s\u00e1ra ir\u00e1nyul\u00f3 ig\u00e9ny folyamatos n\u00f6veked\u00e9s\u00e9vel Izland j\u00f3 poz\u00edci\u00f3ban van ahhoz, hogy az adatk\u00f6zpontok egyik f\u0151 k\u00f6zpontj\u00e1v\u00e1 v\u00e1ljon. A meg\u00fajul\u00f3 energiaforr\u00e1sok, az optikai sz\u00e1las infrastrukt\u00fara \u00e9s a fenntarthat\u00f3s\u00e1g ir\u00e1nti elk\u00f6telezetts\u00e9g vonz\u00f3v\u00e1 teszi azoknak a v\u00e1llalatoknak, amelyek cs\u00f6kkenteni k\u00edv\u00e1nj\u00e1k sz\u00e9n-dioxid-l\u00e1bnyomukat \u00e9s optimaliz\u00e1lni adat-t\u00e1rol\u00e1si m\u0171veleteiket.<\/p>\n\n<p>Mik\u00f6zben a k\u00e9sleltet\u00e9ssel kapcsolatos agg\u00e1lyok korl\u00e1tozhatj\u00e1k az izlandi adatk\u00f6zpontok haszn\u00e1lat\u00e1t bizonyos alkalmaz\u00e1sok eset\u00e9ben, az adatt\u00e1rol\u00e1si ig\u00e9nyek t\u00f6bbs\u00e9ge Izlandon hat\u00e9konyan kiel\u00e9g\u00edthet\u0151. Egyedi energetikai el\u0151ny\u00e9vel \u00e9s n\u00f6vekv\u0151 adatk\u00f6zpont-infrastrukt\u00far\u00e1j\u00e1val Izland k\u00e9szen \u00e1ll arra, hogy jelent\u0151s szerepet j\u00e1tsszon az adatt\u00e1rol\u00e1s j\u00f6v\u0151j\u00e9ben.<\/p>","protected":false},"excerpt":{"rendered":"<p>Izland: Az adatt\u00e1rol\u00e1s j\u00f6v\u0151je? Izland egyedi energetikai el\u0151nye Izland egyre ink\u00e1bb adatk\u00f6zpontok k\u00f6zpontj\u00e1v\u00e1 v\u00e1lik egyedi energetikai helyzete miatt. B\u0151s\u00e9ges geotermikus \u00e9s v\u00edzer\u0151m\u0171vekkel Izland szinte az \u00f6sszes villamos energi\u00e1j\u00e1t meg\u00fajul\u00f3 forr\u00e1sokb\u00f3l&hellip;<\/p>\n","protected":false},"author":1,"featured_media":0,"comment_status":"closed","ping_status":"","sticky":false,"template":"","format":"standard","meta":{"footnotes":""},"categories":[999],"tags":[4416,4417,120,3549,119],"class_list":["post-2093","post","type-post","status-publish","format-standard","hentry","category-technology","tag-data-center","tag-cloud-computing","tag-sustainability","tag-iceland","tag-renewable-energy"],"_links":{"self":[{"href":"https:\/\/www.lifescienceart.com\/hu\/wp-json\/wp\/v2\/posts\/2093","targetHints":{"allow":["GET"]}}],"collection":[{"href":"https:\/\/www.lifescienceart.com\/hu\/wp-json\/wp\/v2\/posts"}],"about":[{"href":"https:\/\/www.lifescienceart.com\/hu\/wp-json\/wp\/v2\/types\/post"}],"author":[{"embeddable":true,"href":"https:\/\/www.lifescienceart.com\/hu\/wp-json\/wp\/v2\/users\/1"}],"replies":[{"embeddable":true,"href":"https:\/\/www.lifescienceart.com\/hu\/wp-json\/wp\/v2\/comments?post=2093"}],"version-history":[{"count":1,"href":"https:\/\/www.lifescienceart.com\/hu\/wp-json\/wp\/v2\/posts\/2093\/revisions"}],"predecessor-version":[{"id":2094,"href":"https:\/\/www.lifescienceart.com\/hu\/wp-json\/wp\/v2\/posts\/2093\/revisions\/2094"}],"wp:attachment":[{"href":"https:\/\/www.lifescienceart.com\/hu\/wp-json\/wp\/v2\/media?parent=2093"}],"wp:term":[{"taxonomy":"category","embeddable":true,"href":"https:\/\/www.lifescienceart.com\/hu\/wp-json\/wp\/v2\/categories?post=2093"},{"taxonomy":"post_tag","embeddable":true,"href":"https:\/\/www.lifescienceart.com\/hu\/wp-json\/wp\/v2\/tags?post=2093"}],"curies":[{"name":"wp","href":"https:\/\/api.w.org\/{rel}","templated":true}]}}