{"id":244,"date":"2024-09-27T06:43:43","date_gmt":"2024-09-27T06:43:43","guid":{"rendered":"https:\/\/www.lifescienceart.com\/hu\/?p=244"},"modified":"2024-09-27T06:43:43","modified_gmt":"2024-09-27T06:43:43","slug":"the-origins-of-life-from-prebiotic-chemistry-to-the-complexity-of-living-systems","status":"publish","type":"post","link":"https:\/\/www.lifescienceart.com\/hu\/science\/biology\/the-origins-of-life-from-prebiotic-chemistry-to-the-complexity-of-living-systems\/","title":{"rendered":"Az \u00e9let eredete: a komplexit\u00e1s utaz\u00e1sa"},"content":{"rendered":"<h2 class=\"wp-block-heading\">Az \u00e9let eredete: Utaz\u00e1s a prebiotikus k\u00e9mi\u00e1n kereszt\u00fcl<\/h2>\n\n<h2 class=\"wp-block-heading\">A prebiotikus leves<\/h2>\n\n<p>A korai F\u00f6ld hatalmas kiterjed\u00e9s\u00e9ben a szerves molekul\u00e1k \u0151si levese \u00f6rv\u00e9nylett az \u00f3ce\u00e1nok m\u00e9ly\u00e9n. Ezek a molekul\u00e1k, az \u00e9let \u00e9p\u00edt\u0151k\u00f6vei, ahogyan azt ismerj\u00fck, k\u00e9miai reakci\u00f3k sor\u00e1n keletkeztek a hidroterm\u00e1lis k\u00fcrt\u0151kben \u2013 az \u00f3ce\u00e1n fenek\u00e9nek reped\u00e9seiben, ahol az olvadt k\u0151zet rendk\u00edv\u00fcl magas h\u0151m\u00e9rs\u00e9kletre hev\u00edtette a vizet.<\/p>\n\n<p>Az aminosavak, a feh\u00e9rj\u00e9k alapvet\u0151 egys\u00e9gei, az els\u0151k voltak ezek k\u00f6z\u00fcl a szerves molekul\u00e1k k\u00f6z\u00fcl, amelyek megjelentek. Azonban ezek az aminosavak mag\u00e1nyos \u00e1llapotban l\u00e9teztek, c\u00e9ltalanul sodr\u00f3dva a hatalmas \u00f3ce\u00e1nban.<\/p>\n\n<h2 class=\"wp-block-heading\">Az \u00e1sv\u00e1nyok szerepe<\/h2>\n\n<p>Itt l\u00e9pnek sz\u00ednre az \u00e1sv\u00e1nyok, a szikl\u00e1kat alkot\u00f3 szil\u00e1rd anyagok. Az \u00e1sv\u00e1nyok d\u00f6nt\u0151 fel\u00fcletet biztos\u00edtottak az aminosavak \u00f6sszegy\u0171l\u00e9s\u00e9hez \u00e9s k\u00f6lcs\u00f6nhat\u00e1sba l\u00e9p\u00e9s\u00e9hez. Az \u00e1sv\u00e1nyok text\u00far\u00e1ja \u00e9s k\u00e9miai tulajdons\u00e1gai lehet\u0151v\u00e9 tett\u00e9k az aminosavak sz\u00e1m\u00e1ra, hogy k\u00f6t\u00e9seket alkossanak, \u00e9s nagyobb strukt\u00far\u00e1kat hozzanak l\u00e9tre, bele\u00e9rtve a feh\u00e9rj\u00e9ket is.<\/p>\n\n<h2 class=\"wp-block-heading\">Az \u00e9let komplexit\u00e1sa<\/h2>\n\n<p>Aminosavak \u00e9s \u00e1sv\u00e1nyok k\u00f6z\u00f6tti k\u00f6lcs\u00f6nhat\u00e1s egyre \u00f6sszetettebb\u00e9 v\u00e1lt, ahogy maguk a keletkez\u0151 molekul\u00e1k is. Id\u0151vel ezek a molekul\u00e1k olyan \u00f6nsokszoros\u00edt\u00f3 entit\u00e1sokk\u00e1 fejl\u0151dtek, amelyek k\u00e9pesek genetikai inform\u00e1ci\u00f3 tov\u00e1bb\u00edt\u00e1s\u00e1ra \u2013 az \u00e9let v\u00e9djegy\u00e9re.<\/p>\n\n<h2 class=\"wp-block-heading\">Az \u00e9let hat\u00e1sa az \u00e1sv\u00e1nyokra<\/h2>\n\n<p>Az \u00e9let megjelen\u00e9s\u00e9nek m\u00e9ly hat\u00e1sa volt az \u00e1sv\u00e1nyi vil\u00e1gra. Amint az \u00e9let megvetette a l\u00e1b\u00e1t, elkezdte form\u00e1lni a k\u00f6rnyezetet olyan m\u00f3don, amely a saj\u00e1t fennmarad\u00e1s\u00e1t \u00e9s terjed\u00e9s\u00e9t t\u00e1mogatta.<\/p>\n\n<p>A fotoszint\u00e9zis, a folyamat, amely sor\u00e1n a n\u00f6v\u00e9nyek a napf\u00e9nyt energi\u00e1v\u00e1 alak\u00edtj\u00e1k, oxig\u00e9nt juttatott a l\u00e9gk\u00f6rbe. Ez az oxig\u00e9n lehet\u0151v\u00e9 tette \u00faj \u00e1sv\u00e1nyt\u00edpusok, p\u00e9ld\u00e1ul a t\u00fcrkiz \u00e9s az azurit kialakul\u00e1s\u00e1t.<\/p>\n\n<p>A moh\u00e1k \u00e9s az alg\u00e1k gyarmatos\u00edtott\u00e1k a sz\u00e1razf\u00f6ldet, sz\u00e9tz\u00fazva a szikl\u00e1kat \u00e9s agyagot hozva l\u00e9tre. Ez az agyag alapot teremtett a nagyobb n\u00f6v\u00e9nyek sz\u00e1m\u00e1ra, amelyek viszont m\u00e9lyebb talajt hoztak l\u00e9tre. Az eredm\u00e9ny az \u00e1sv\u00e1nyi \u00e1talakul\u00e1sok kaszk\u00e1dja volt, amelyet az \u00e9let jelenl\u00e9te hajtott.<\/p>\n\n<h2 class=\"wp-block-heading\">Az \u00e9let b\u00f6lcs\u0151je<\/h2>\n\n<p>A hidroterm\u00e1lis k\u00fcrt\u0151 k\u00f6rnyezet, a h\u0151, a v\u00edz, az \u00e1sv\u00e1nyok \u00e9s a szerves molekul\u00e1k \u00f6sszetett k\u00f6lcs\u00f6nhat\u00e1s\u00e1val, els\u0151dleges jel\u00f6lt az \u00e9let eredet\u00e9re. Ez a k\u00f6rnyezet a felt\u00e9telek egyedi kombin\u00e1ci\u00f3j\u00e1t biztos\u00edtotta, amely lehet\u0151v\u00e9 tette, hogy az els\u0151 szerves molekul\u00e1k kialakuljanak \u00e9s k\u00f6lcs\u00f6nhat\u00e1sba l\u00e9pjenek, ami v\u00e9g\u00fcl az \u00e9let megjelen\u00e9s\u00e9hez vezetett.<\/p>\n\n<h2 class=\"wp-block-heading\">A F\u00f6ld\u00f6n t\u00fal<\/h2>\n\n<p>Az \u00e9let eredet\u00e9nek kutat\u00e1sa saj\u00e1t bolyg\u00f3nk hat\u00e1rain t\u00falra ny\u00falik. A meteoritok, amelyek \u00e9gitestek F\u00f6ldre hullott darabjai, aminosavakat \u00e9s m\u00e1s szerves molekul\u00e1kat tartalmaznak. Ez egy \u00e9rdekes lehet\u0151s\u00e9get vet fel, hogy az \u00e9let az \u0171rben keletkezett, \u00e9s meteoritok sz\u00e1ll\u00edtott\u00e1k a F\u00f6ldre.<\/p>\n\n<h2 class=\"wp-block-heading\">A fosszilis rekord<\/h2>\n\n<p>A fosszilis rekord felbecs\u00fclhetetlen nyomokat szolg\u00e1ltat az \u00e9let korai fejl\u0151d\u00e9s\u00e9r\u0151l. A trilobit\u00e1k, \u0151si tengeri \u00edzeltl\u00e1b\u00faak, a legkor\u00e1bbi ismert fossz\u00edli\u00e1k k\u00f6z\u00e9 tartoznak. Ezek a fossz\u00edli\u00e1k betekint\u00e9st ny\u00fajtanak az \u00e9let \u00f6sszetetts\u00e9g\u00e9be, amely milli\u00e1rd \u00e9vekkel ezel\u0151tt l\u00e9tezett.<\/p>\n\n<h2 class=\"wp-block-heading\">A komplexit\u00e1s csod\u00e1ja<\/h2>\n\n<p>Az \u00e9let t\u00f6rt\u00e9nete sor\u00e1n egy k\u00f6vetkezetes minta rajzol\u00f3dott ki: a komplexit\u00e1s az id\u0151 m\u00fal\u00e1s\u00e1val n\u00f6vekszik. Ez a jelens\u00e9g nyilv\u00e1nval\u00f3 az \u00e1sv\u00e1nyok fejl\u0151d\u00e9s\u00e9ben, az \u00e9letform\u00e1k diverzifik\u00e1ci\u00f3j\u00e1ban \u00e9s az emberi t\u00e1rsadalmak \u00f6sszetetts\u00e9g\u00e9ben.<\/p>\n\n<p>A hidroterm\u00e1lis k\u00fcrt\u0151 k\u00f6rnyezet, \u00f6sszetett k\u00e9miai k\u00f6lcs\u00f6nhat\u00e1saival \u00e9s kem\u00e9ny fel\u00fcleteinek b\u0151s\u00e9g\u00e9vel p\u00e9ld\u00e1zza a komplexit\u00e1s erej\u00e9t az \u00e9let eredet\u00e9nek ir\u00e1ny\u00edt\u00e1s\u00e1ban.<\/p>","protected":false},"excerpt":{"rendered":"<p>Az \u00e9let eredete: Utaz\u00e1s a prebiotikus k\u00e9mi\u00e1n kereszt\u00fcl A prebiotikus leves A korai F\u00f6ld hatalmas kiterjed\u00e9s\u00e9ben a szerves molekul\u00e1k \u0151si levese \u00f6rv\u00e9nylett az \u00f3ce\u00e1nok m\u00e9ly\u00e9n. Ezek a molekul\u00e1k, az \u00e9let&hellip;<\/p>\n","protected":false},"author":1,"featured_media":24459,"comment_status":"closed","ping_status":"closed","sticky":false,"template":"","format":"standard","meta":{"footnotes":""},"categories":[288],"tags":[670,671,667,672,666,669,668],"class_list":["post-244","post","type-post","status-publish","format-standard","has-post-thumbnail","hentry","category-biology","tag-amino-acids","tag-minerals","tag-origins-of-life","tag-complexity-of-life","tag-life-science-art","tag-hydrothermal-vents","tag-prebiotic-chemistry"],"_links":{"self":[{"href":"https:\/\/www.lifescienceart.com\/hu\/wp-json\/wp\/v2\/posts\/244","targetHints":{"allow":["GET"]}}],"collection":[{"href":"https:\/\/www.lifescienceart.com\/hu\/wp-json\/wp\/v2\/posts"}],"about":[{"href":"https:\/\/www.lifescienceart.com\/hu\/wp-json\/wp\/v2\/types\/post"}],"author":[{"embeddable":true,"href":"https:\/\/www.lifescienceart.com\/hu\/wp-json\/wp\/v2\/users\/1"}],"replies":[{"embeddable":true,"href":"https:\/\/www.lifescienceart.com\/hu\/wp-json\/wp\/v2\/comments?post=244"}],"version-history":[{"count":2,"href":"https:\/\/www.lifescienceart.com\/hu\/wp-json\/wp\/v2\/posts\/244\/revisions"}],"predecessor-version":[{"id":24460,"href":"https:\/\/www.lifescienceart.com\/hu\/wp-json\/wp\/v2\/posts\/244\/revisions\/24460"}],"wp:featuredmedia":[{"embeddable":true,"href":"https:\/\/www.lifescienceart.com\/hu\/wp-json\/wp\/v2\/media\/24459"}],"wp:attachment":[{"href":"https:\/\/www.lifescienceart.com\/hu\/wp-json\/wp\/v2\/media?parent=244"}],"wp:term":[{"taxonomy":"category","embeddable":true,"href":"https:\/\/www.lifescienceart.com\/hu\/wp-json\/wp\/v2\/categories?post=244"},{"taxonomy":"post_tag","embeddable":true,"href":"https:\/\/www.lifescienceart.com\/hu\/wp-json\/wp\/v2\/tags?post=244"}],"curies":[{"name":"wp","href":"https:\/\/api.w.org\/{rel}","templated":true}]}}