{"id":2788,"date":"2021-01-21T20:31:51","date_gmt":"2021-01-21T20:31:51","guid":{"rendered":"https:\/\/www.lifescienceart.com\/?p=2788"},"modified":"2021-01-21T20:31:51","modified_gmt":"2021-01-21T20:31:51","slug":"dinosaur-extinction-egg-eating-predators","status":"publish","type":"post","link":"https:\/\/www.lifescienceart.com\/hu\/science\/paleontology\/dinosaur-extinction-egg-eating-predators\/","title":{"rendered":"A dinoszauruszok kihal\u00e1s\u00e1nak rejt\u00e9lye: toj\u00e1sev\u00e9s ragadoz\u00f3k szerepe"},"content":{"rendered":"<h2 class=\"wp-block-heading\">A dinoszauruszok kihal\u00e1sa: az \u00f3ri\u00e1sok buk\u00e1sa<\/h2>\n\n<h2 class=\"wp-block-heading\">A dinoszauruszok kihal\u00e1s\u00e1nak rejt\u00e9lye<\/h2>\n\n<p>\u00c9vsz\u00e1zadokon \u00e1t a dinoszauruszok kihal\u00e1sa foglalkoztatta a tud\u00f3sokat. 1925-ben George Wieland \u0151sl\u00e9nykutat\u00f3 egy \u00faj hipot\u00e9zist javasolt: hogy a toj\u00e1st ev\u0151 ragadoz\u00f3k jelent\u0151s szerepet j\u00e1tszottak ezeknek a fens\u00e9ges l\u00e9nyeknek a hanyatl\u00e1s\u00e1ban.<\/p>\n\n<h2 class=\"wp-block-heading\">Toj\u00e1st ev\u0151 ragadoz\u00f3k: vesz\u00e9ly a dinoszauruszok t\u00fal\u00e9l\u00e9s\u00e9re<\/h2>\n\n<p>Wieland \u00fagy v\u00e9lte, hogy a toj\u00e1st ev\u0151 gy\u00edkok \u00e9s k\u00edgy\u00f3k voltak a dinoszauruszok kihal\u00e1s\u00e1nak f\u0151 okoz\u00f3i. Azt \u00e1ll\u00edtotta, hogy ezek a ragadoz\u00f3k eg\u00e9szben le tudt\u00e1k nyelni a dinoszauruszok toj\u00e1sait, megfosztva a dinoszauruszokat a j\u00f6v\u0151beni gener\u00e1ci\u00f3kt\u00f3l. Ezt a hipot\u00e9zist olyan fosszilis bizony\u00edt\u00e9kok t\u00e1masztott\u00e1k al\u00e1, mint a kr\u00e9takori Sanajeh k\u00edgy\u00f3, amelyr\u0151l \u00fagy gondolj\u00e1k, hogy sauropoda toj\u00e1sokkal t\u00e1pl\u00e1lkozott.<\/p>\n\n<h2 class=\"wp-block-heading\">A toj\u00e1sev\u0151k evol\u00faci\u00f3ja<\/h2>\n\n<p>Wieland azt is felt\u00e9telezte, hogy a toj\u00e1sokb\u00f3l \u00e1ll\u00f3 \u00e9trend vezethetett egyes nagy test\u0171 ragadoz\u00f3 dinoszauruszok, p\u00e9ld\u00e1ul a Tyrannosaurus evol\u00faci\u00f3j\u00e1hoz. Ezeknek a ragadoz\u00f3knak a hatalmas m\u00e9rete adapt\u00e1ci\u00f3 lehetett a toj\u00e1sfogyaszt\u00e1si szok\u00e1saikhoz. Ezenk\u00edv\u00fcl Wieland azt felt\u00e9telezte, hogy a toj\u00e1st ev\u0151 dinoszauruszok koordin\u00e1lt csoportokban kutathattak a v\u00e9dtelen f\u00e9szkek ut\u00e1n.<\/p>\n\n<h2 class=\"wp-block-heading\">V\u00e9dekez\u00e9s \u00e9s ellent\u00e9ved\u00e9sek<\/h2>\n\n<p>A dinoszauruszok nem voltak teljesen v\u00e9dtelenek a toj\u00e1sragadoz\u00f3kkal szemben. Wieland \u00fagy v\u00e9lte, hogy sz\u00fcl\u0151i gondoskod\u00e1st ny\u00fajthattak, akt\u00edvabbak lehettek, mint a ma \u00e9l\u0151 gy\u00edkok \u00e9s krokodilok, s\u0151t koordin\u00e1lt csoportokat is alkothattak f\u00e9szkeik v\u00e9delm\u00e9re. Azonban ezek a v\u00e9dekez\u00e9sek v\u00e9g\u00fcl nem voltak elegend\u0151ek a dinoszauruszok hanyatl\u00e1s\u00e1nak megakad\u00e1lyoz\u00e1s\u00e1ra.<\/p>\n\n<h2 class=\"wp-block-heading\">\u00d6kol\u00f3giai t\u00e9nyez\u0151k \u00e9s kihal\u00e1s<\/h2>\n\n<p>Wieland felismerte, hogy a toj\u00e1sragadoz\u00e1son k\u00edv\u00fcl \u00f6kol\u00f3giai t\u00e9nyez\u0151k is hozz\u00e1j\u00e1rultak a dinoszauruszok kihal\u00e1s\u00e1hoz. \u00dagy v\u00e9lte, hogy a dinoszauruszok k\u00e9ptelens\u00e9ge a v\u00e1ltoz\u00f3 k\u00f6rnyezeti felt\u00e9telekhez val\u00f3 alkalmazkod\u00e1sra \u00e9s &#8220;faji szenilit\u00e1suk&#8221; megpecs\u00e9telte a sorsukat.<\/p>\n\n<h2 class=\"wp-block-heading\">Leg\u00fajabb felfedez\u00e9sek \u00e9s fel\u00fclvizsg\u00e1lt meg\u00e9rt\u00e9s<\/h2>\n\n<p>Wieland \u00f3ta a paleontol\u00f3gusok t\u00f6bb fosszilis bizony\u00edt\u00e9kot fedeztek fel a dinoszauruszok toj\u00e1sragadoz\u00e1s\u00e1r\u00f3l. Azonban nincs arra utal\u00f3 jel, hogy a toj\u00e1sev\u0151k \u00f6nmagukban okozt\u00e1k volna a dinoszauruszok kihal\u00e1s\u00e1t. A kr\u00e9ta-paleog\u00e9n kihal\u00e1si esem\u00e9nyr\u0151l, amely elpuszt\u00edtotta a dinoszauruszokat \u00e9s sz\u00e1mos m\u00e1s fajt, alkotott felfog\u00e1sunkat is fel\u00fclvizsg\u00e1lt\u00e1k. Most \u00fagy gondolj\u00e1k, hogy azt t\u00e9nyez\u0151k egy\u00fcttes hat\u00e1sa okozta, bele\u00e9rtve az aszteroida-becsap\u00f3d\u00e1sokat \u00e9s a vulk\u00e1nkit\u00f6r\u00e9seket.<\/p>\n\n<h2 class=\"wp-block-heading\">Dinoszaurusz toj\u00e1sok: egy \u00e9rt\u00e9kes er\u0151forr\u00e1s<\/h2>\n\n<p>Mik\u00f6zben a toj\u00e1sragadoz\u00e1s val\u00f3sz\u00edn\u0171leg nem okozta a dinoszauruszok kihal\u00e1s\u00e1t, a dinoszaurusz toj\u00e1sok k\u00e9ts\u00e9gtelen\u00fcl \u00e9rt\u00e9kes er\u0151forr\u00e1st jelentettek, amelyet a h\u00fasev\u0151k \u00e9s a mindenev\u0151k kihaszn\u00e1ltak. Ezek a toj\u00e1sok t\u00e1pl\u00e1l\u00f3 \u00e9telt biztos\u00edtottak k\u00fcl\u00f6nf\u00e9le ragadoz\u00f3k sz\u00e1m\u00e1ra, alak\u00edtva a mezozoikumi korszak \u00f6kol\u00f3giai dinamik\u00e1j\u00e1t.<\/p>\n\n<h2 class=\"wp-block-heading\">Wieland hipot\u00e9zis\u00e9nek \u00f6r\u00f6ks\u00e9ge<\/h2>\n\n<p>Wieland hipot\u00e9zise a dinoszauruszok kihal\u00e1s\u00e1r\u00f3l, b\u00e1r v\u00e9g\u00fcl nem t\u00e1masztott\u00e1k al\u00e1 teljesen a bizony\u00edt\u00e9kok, fontos tudom\u00e1nyos vizsg\u00e1l\u00f3d\u00e1st ind\u00edtott el. R\u00e1vil\u00e1g\u00edtott a toj\u00e1sragadoz\u00e1s lehets\u00e9ges szerep\u00e9re a dinoszauruszok hanyatl\u00e1s\u00e1ban, \u00e9s hangs\u00falyozta a ragadoz\u00f3k \u00e9s zs\u00e1km\u00e1nyok k\u00f6z\u00f6tti \u00f6sszetett k\u00f6lcs\u00f6nhat\u00e1sokat a prehisztorikus \u00f6kosziszt\u00e9m\u00e1kban.<\/p>\n\n<h2 class=\"wp-block-heading\">Folyamatos kutat\u00e1s<\/h2>\n\n<p>A toj\u00e1sragadoz\u00f3k szerep\u00e9nek kutat\u00e1sa a dinoszauruszok evol\u00faci\u00f3j\u00e1ban \u00e9s kihal\u00e1s\u00e1ban ma is folytat\u00f3dik. A tud\u00f3sok vizsg\u00e1lj\u00e1k a toj\u00e1st ev\u0151 ragadoz\u00f3k t\u00e1pl\u00e1lkoz\u00e1si szok\u00e1sait, a toj\u00e1sragadoz\u00e1s hat\u00e1s\u00e1t a dinoszaurusz popul\u00e1ci\u00f3kra \u00e9s a toj\u00e1sfogyaszt\u00e1s evol\u00faci\u00f3s k\u00f6vetkezm\u00e9nyeit a dinoszauruszokn\u00e1l. Ez a folyamatban l\u00e9v\u0151 kutat\u00e1s arra t\u00f6rekszik, hogy jobban megvil\u00e1g\u00edtsa azokat az \u00f6sszetett t\u00e9nyez\u0151ket, amelyek a dinoszauruszok pusztul\u00e1s\u00e1hoz vezettek.<\/p>","protected":false},"excerpt":{"rendered":"<p>A dinoszauruszok kihal\u00e1sa: az \u00f3ri\u00e1sok buk\u00e1sa A dinoszauruszok kihal\u00e1s\u00e1nak rejt\u00e9lye \u00c9vsz\u00e1zadokon \u00e1t a dinoszauruszok kihal\u00e1sa foglalkoztatta a tud\u00f3sokat. 1925-ben George Wieland \u0151sl\u00e9nykutat\u00f3 egy \u00faj hipot\u00e9zist javasolt: hogy a toj\u00e1st ev\u0151&hellip;<\/p>\n","protected":false},"author":6,"featured_media":0,"comment_status":"closed","ping_status":"closed","sticky":false,"template":"","format":"standard","meta":{"footnotes":""},"categories":[138],"tags":[5122,136,5514,219,137,5524],"class_list":["post-2788","post","type-post","status-publish","format-standard","hentry","category-paleontology","tag-dinosaur-extinction","tag-evolution","tag-cretaceous-period","tag-ecology","tag-paleontology","tag-egg-eating-predators"],"_links":{"self":[{"href":"https:\/\/www.lifescienceart.com\/hu\/wp-json\/wp\/v2\/posts\/2788","targetHints":{"allow":["GET"]}}],"collection":[{"href":"https:\/\/www.lifescienceart.com\/hu\/wp-json\/wp\/v2\/posts"}],"about":[{"href":"https:\/\/www.lifescienceart.com\/hu\/wp-json\/wp\/v2\/types\/post"}],"author":[{"embeddable":true,"href":"https:\/\/www.lifescienceart.com\/hu\/wp-json\/wp\/v2\/users\/6"}],"replies":[{"embeddable":true,"href":"https:\/\/www.lifescienceart.com\/hu\/wp-json\/wp\/v2\/comments?post=2788"}],"version-history":[{"count":1,"href":"https:\/\/www.lifescienceart.com\/hu\/wp-json\/wp\/v2\/posts\/2788\/revisions"}],"predecessor-version":[{"id":2789,"href":"https:\/\/www.lifescienceart.com\/hu\/wp-json\/wp\/v2\/posts\/2788\/revisions\/2789"}],"wp:attachment":[{"href":"https:\/\/www.lifescienceart.com\/hu\/wp-json\/wp\/v2\/media?parent=2788"}],"wp:term":[{"taxonomy":"category","embeddable":true,"href":"https:\/\/www.lifescienceart.com\/hu\/wp-json\/wp\/v2\/categories?post=2788"},{"taxonomy":"post_tag","embeddable":true,"href":"https:\/\/www.lifescienceart.com\/hu\/wp-json\/wp\/v2\/tags?post=2788"}],"curies":[{"name":"wp","href":"https:\/\/api.w.org\/{rel}","templated":true}]}}