{"id":3358,"date":"2022-04-17T17:00:40","date_gmt":"2022-04-17T17:00:40","guid":{"rendered":"https:\/\/www.lifescienceart.com\/?p=3358"},"modified":"2022-04-17T17:00:40","modified_gmt":"2022-04-17T17:00:40","slug":"iceland-protests-road-construction-over-fairy-concerns","status":"publish","type":"post","link":"https:\/\/www.lifescienceart.com\/hu\/life\/environmentalism\/iceland-protests-road-construction-over-fairy-concerns\/","title":{"rendered":"T\u00fcnd\u00e9rek miatt tiltakoznak az \u00fat\u00e9p\u00edt\u00e9s ellen Izlandon"},"content":{"rendered":"<h2 class=\"wp-block-heading\">T\u00fcnd\u00e9rek miatt tiltakoznak az \u00fat\u00e9p\u00edt\u00e9s ellen Izlandon<\/h2>\n\n<h2 class=\"wp-block-heading\">Hit a t\u00fcnd\u00e9rekbe Izlandon<\/h2>\n\n<p>Izland gazdag t\u00f6rt\u00e9nelemmel \u00e9s kult\u00far\u00e1val rendelkez\u0151 orsz\u00e1g, \u00e9s n\u00e9pe m\u00e9ly kapcsolatban \u00e1ll a term\u00e9szettel. Az izlandi kult\u00fara egyik legleny\u0171g\u00f6z\u0151bb von\u00e1sa a t\u00fcnd\u00e9rekbe vetett \u00e1ltal\u00e1nos hit.<\/p>\n\n<p>Izlandon a t\u00fcnd\u00e9reket \u201ehulduf\u00f3lk\u201d-nak, azaz \u201erejtett n\u00e9p\u201d-nek nevezik. \u00dagy tartj\u00e1k, hogy \u0151k apr\u00f3, csintalan teremtm\u00e9nyek, akik szikl\u00e1kban, hegyekben \u00e9s m\u00e1s term\u00e9szeti k\u00e9pz\u0151dm\u00e9nyekben \u00e9lnek. Sok izlandi abban hisz, hogy a t\u00fcnd\u00e9reknek hatalmukban \u00e1ll befoly\u00e1solni az emberi \u00e9leteket, j\u00f3ban \u00e9s rosszban egyar\u00e1nt.<\/p>\n\n<h2 class=\"wp-block-heading\">Tiltakoz\u00e1s az \u00fat\u00e9p\u00edt\u00e9s ellen<\/h2>\n\n<p>Az elm\u00falt h\u00f3napokban Izlandot vita ker\u00edtette hatalm\u00e1ba egy \u00faj \u00fat \u00e9p\u00edt\u00e9se miatt, amely a Reykjav\u00edk melletti Alftanes-f\u00e9lszigeten haladna kereszt\u00fcl. Az \u00fat egy olyan ter\u00fcletet szegne kett\u00e9, amelyr\u0151l \u00fagy tartj\u00e1k, hogy a hulduf\u00f3lk n\u00e9pes csoportj\u00e1nak ad otthont.<\/p>\n\n<p>Ennek k\u00f6vetkezt\u00e9ben t\u00f6bb sz\u00e1z izlandi vonult az utc\u00e1ra, hogy tiltakozzon az \u00fat\u00e9p\u00edt\u00e9s ellen. A t\u00fcntet\u0151k azzal \u00e9rvelnek, hogy az \u00fat megzavarja a t\u00fcnd\u00e9reket, \u00e9s t\u00f6nkreteszi az \u00e9letm\u00f3djukat. Azt is kiemelik, hogy a l\u00e1vamez\u0151ket, ahol az \u00fat \u00e9p\u00edt\u00e9s\u00e9t tervezik, t\u00f6rv\u00e9ny v\u00e9di.<\/p>\n\n<h2 class=\"wp-block-heading\">K\u00f6rnyezeti \u00e9s kultur\u00e1lis agg\u00e1lyok<\/h2>\n\n<p>A t\u00fcnd\u00e9rekkel kapcsolatos aggodalmak mellett a t\u00fcntet\u0151k sz\u00e1mos k\u00f6rnyezeti \u00e9s kultur\u00e1lis okot is felsorolnak az \u00fat\u00e9p\u00edt\u00e9s ellen. Azt \u00e1ll\u00edtj\u00e1k, hogy az \u00fat k\u00e1ros\u00edtan\u00e1 a l\u00e1vamez\u0151k t\u00f6r\u00e9keny \u00f6kosziszt\u00e9m\u00e1j\u00e1t, \u00e9s lerombolna fontos kultur\u00e1lis eml\u00e9keket.<\/p>\n\n<h2 class=\"wp-block-heading\">A hat\u00f3s\u00e1gok v\u00e1lasza<\/h2>\n\n<p>Az Izlandi K\u00f6z\u00fat- \u00e9s Partvid\u00e9k-kezel\u00e9si Hivatal megv\u00e9dte az \u00fat\u00e9p\u00edt\u00e9si projektet, kijelentve, hogy az a gazdas\u00e1gi fejl\u0151d\u00e9shez sz\u00fcks\u00e9ges. A hivatal azt is k\u00f6z\u00f6lte, hogy nem hisz a t\u00fcnd\u00e9rekben, \u00e9s a tiltakoz\u00e1sok babon\u00e1n alapulnak.<\/p>\n\n<p>A hivatal ugyanakkor elismerte, hogy sz\u00e1mos izlandi hisz a t\u00fcnd\u00e9rekben, \u00e9s agg\u00e1lyaikat komolyan kell venni. Ennek eredm\u00e9nyek\u00e9nt a hivatal beleegyezett, hogy k\u00f6rnyezeti hat\u00e1svizsg\u00e1latot v\u00e9gez, miel\u0151tt az \u00fat\u00e9p\u00edt\u00e9ssel folytatn\u00e1.<\/p>\n\n<h2 class=\"wp-block-heading\">Jogi kih\u00edv\u00e1sok<\/h2>\n\n<p>Az \u00fat\u00e9p\u00edt\u00e9s elleni tiltakoz\u00e1sok jogi kih\u00edv\u00e1sokhoz is vezettek. A Lava bar\u00e1tai nev\u0171 csoport pert ind\u00edtott az izlandi korm\u00e1ny ellen, azzal \u00e9rvelve, hogy az \u00fat\u00e9p\u00edt\u00e9s t\u00f6rv\u00e9nytelen. A csoport azt \u00e1ll\u00edtja, hogy a l\u00e1vamez\u0151ket t\u00f6rv\u00e9ny v\u00e9di, \u00e9s a korm\u00e1nynak nincs joga utat \u00e9p\u00edteni rajtuk kereszt\u00fcl.<\/p>\n\n<p>Az izlandi Legfels\u0151bb B\u00edr\u00f3s\u00e1g jelenleg az \u00fcgyet vizsg\u00e1lja. Ha a b\u00edr\u00f3s\u00e1g a Lava bar\u00e1tai jav\u00e1ra \u00edt\u00e9lkezik, az hat\u00e1rozatlan id\u0151re le\u00e1ll\u00edthatja az \u00fat\u00e9p\u00edt\u00e9si projektet.<\/p>\n\n<h2 class=\"wp-block-heading\">A vita jelent\u0151s\u00e9ge<\/h2>\n\n<p>Az izlandi \u00fat\u00e9p\u00edt\u00e9si vita leny\u0171g\u00f6z\u0151 p\u00e9ld\u00e1ja a modern fejl\u0151d\u00e9s \u00e9s a hagyom\u00e1nyos hiedelmek k\u00f6z\u00f6tti konfliktusnak. R\u00e1vil\u00e1g\u00edt a k\u00f6rnyezetv\u00e9delem \u00e9s a kultur\u00e1lis \u00f6r\u00f6ks\u00e9g meg\u0151rz\u00e9s\u00e9nek fontoss\u00e1g\u00e1ra is.<\/p>\n\n<p>A vita kimenetel\u00e9nek val\u00f3sz\u00edn\u0171leg jelent\u0151s hat\u00e1sa lesz Izland term\u00e9szeti \u00e9s kultur\u00e1lis \u00f6r\u00f6ks\u00e9g\u00e9nek j\u00f6v\u0151j\u00e9re.<\/p>","protected":false},"excerpt":{"rendered":"<p>T\u00fcnd\u00e9rek miatt tiltakoznak az \u00fat\u00e9p\u00edt\u00e9s ellen Izlandon Hit a t\u00fcnd\u00e9rekbe Izlandon Izland gazdag t\u00f6rt\u00e9nelemmel \u00e9s kult\u00far\u00e1val rendelkez\u0151 orsz\u00e1g, \u00e9s n\u00e9pe m\u00e9ly kapcsolatban \u00e1ll a term\u00e9szettel. Az izlandi kult\u00fara egyik legleny\u0171g\u00f6z\u0151bb&hellip;<\/p>\n","protected":false},"author":3,"featured_media":0,"comment_status":"closed","ping_status":"closed","sticky":false,"template":"","format":"standard","meta":{"footnotes":""},"categories":[2841],"tags":[99,6455,1902,3549,877,89],"class_list":["post-3358","post","type-post","status-publish","format-standard","hentry","category-environmentalism","tag-lifescienceart","tag-fairies","tag-folklore","tag-iceland","tag-environmental-protection","tag-cultural-heritage"],"_links":{"self":[{"href":"https:\/\/www.lifescienceart.com\/hu\/wp-json\/wp\/v2\/posts\/3358","targetHints":{"allow":["GET"]}}],"collection":[{"href":"https:\/\/www.lifescienceart.com\/hu\/wp-json\/wp\/v2\/posts"}],"about":[{"href":"https:\/\/www.lifescienceart.com\/hu\/wp-json\/wp\/v2\/types\/post"}],"author":[{"embeddable":true,"href":"https:\/\/www.lifescienceart.com\/hu\/wp-json\/wp\/v2\/users\/3"}],"replies":[{"embeddable":true,"href":"https:\/\/www.lifescienceart.com\/hu\/wp-json\/wp\/v2\/comments?post=3358"}],"version-history":[{"count":1,"href":"https:\/\/www.lifescienceart.com\/hu\/wp-json\/wp\/v2\/posts\/3358\/revisions"}],"predecessor-version":[{"id":3359,"href":"https:\/\/www.lifescienceart.com\/hu\/wp-json\/wp\/v2\/posts\/3358\/revisions\/3359"}],"wp:attachment":[{"href":"https:\/\/www.lifescienceart.com\/hu\/wp-json\/wp\/v2\/media?parent=3358"}],"wp:term":[{"taxonomy":"category","embeddable":true,"href":"https:\/\/www.lifescienceart.com\/hu\/wp-json\/wp\/v2\/categories?post=3358"},{"taxonomy":"post_tag","embeddable":true,"href":"https:\/\/www.lifescienceart.com\/hu\/wp-json\/wp\/v2\/tags?post=3358"}],"curies":[{"name":"wp","href":"https:\/\/api.w.org\/{rel}","templated":true}]}}