{"id":3449,"date":"2024-06-08T13:41:21","date_gmt":"2024-06-08T13:41:21","guid":{"rendered":"https:\/\/www.lifescienceart.com\/?p=3449"},"modified":"2024-06-08T13:41:21","modified_gmt":"2024-06-08T13:41:21","slug":"protecting-fruit-illustrations-intellectual-property","status":"publish","type":"post","link":"https:\/\/www.lifescienceart.com\/hu\/science\/life-science\/protecting-fruit-illustrations-intellectual-property\/","title":{"rendered":"A gy\u00fcm\u00f6lcs\u00f6k v\u00e9delme: A k\u00e9pek \u00e9s a t\u00f6rv\u00e9ny szerepe"},"content":{"rendered":"<h2 class=\"wp-block-heading\">A gy\u00fcm\u00f6lcs\u00f6k v\u00e9delme: Az illusztr\u00e1ci\u00f3k \u00e9s a t\u00f6rv\u00e9ny szerepe<\/h2>\n\n<h2 class=\"wp-block-heading\">A v\u00e9delem sz\u00fcks\u00e9gess\u00e9ge<\/h2>\n\n<p>A 19. sz\u00e1zad k\u00f6zep\u00e9n az Egyes\u00fclt \u00c1llamokban fellend\u00fclt a gy\u00fcm\u00f6lcstermeszt\u00e9s \u00e9s -kereskedelem. Az \u00e9l\u0151 szervezetekre vonatkoz\u00f3 szabadalmi oltalom hi\u00e1nya azonban a gy\u00fcm\u00f6lcs\u00faj\u00edt\u00f3kat kiszolg\u00e1ltatta a lop\u00e1snak \u00e9s a csal\u00e1snak. A g\u00e1tl\u00e1stalan kert\u00e9szek \u00e9s fa\u00e1rusok gyakran \u00e9rt\u00e9kes fajtak\u00e9nt \u00e9rt\u00e9kes\u00edtett\u00e9k a gyeng\u00e9bb min\u0151s\u00e9g\u0171 \u00e1llom\u00e1nyt, vagy \u00e9rt\u00e9kes f\u00e1kr\u00f3l vettek dugv\u00e1nyokat, \u00e9s illeg\u00e1lisan szapor\u00edtott\u00e1k azokat.<\/p>\n\n<h2 class=\"wp-block-heading\">Az illusztr\u00e1ci\u00f3k szerepe<\/h2>\n\n<p>A probl\u00e9ma kezel\u00e9s\u00e9re a gy\u00fcm\u00f6lcstermeszt\u0151k \u00e9s a kert\u00e9szek az illusztr\u00e1ci\u00f3khoz fordultak, hogy pontosan azonos\u00edts\u00e1k \u00e9s dokument\u00e1lj\u00e1k fajt\u00e1ikat. K\u00fcl\u00f6n\u00f6sen n\u00e9pszer\u0171v\u00e9 v\u00e1ltak a bonyolult nyomtat\u00e1si technik\u00e1val el\u0151\u00e1ll\u00edtott, k\u00e9zzel sz\u00ednezett kromolitogr\u00e1fi\u00e1k. Ezek az illusztr\u00e1ci\u00f3k sokkal \u00e9l\u00e9nkebb \u00e9s r\u00e9szletesebb k\u00e9pet adtak a gy\u00fcm\u00f6lcs\u00f6kr\u0151l, mint a hagyom\u00e1nyos fekete-feh\u00e9r litogr\u00e1fi\u00e1k.<\/p>\n\n<p>A William Sharp \u00e9s Joseph Prestele nevezet\u0171 m\u0171v\u00e9szek kulcsszerepet j\u00e1tszottak ezeknek az illusztr\u00e1ci\u00f3knak a l\u00e9trehoz\u00e1s\u00e1ban. A botanikai r\u00e9szletek ir\u00e1nti apr\u00f3l\u00e9kos odafigyel\u00e9s\u00fck \u00e9s az \u00e9l\u00e9nk sz\u00ednek haszn\u00e1lata munk\u00e1jukat eszt\u00e9tikailag is vonz\u00f3v\u00e1 \u00e9s tudom\u00e1nyosan is pontos\u00e1 tette.<\/p>\n\n<h2 class=\"wp-block-heading\">Pomol\u00f3giai t\u00e1rsas\u00e1gok \u00e9s katal\u00f3gusok fejleszt\u00e9se<\/h2>\n\n<p>A gy\u00fcm\u00f6lcs\u00faj\u00edt\u00f3k tov\u00e1bbi v\u00e9delme \u00e9rdek\u00e9ben a kert\u00e9szek pomol\u00f3giai t\u00e1rsas\u00e1gokat alap\u00edtottak, \u00e9s katal\u00f3gusokat adtak ki, amelyek fajt\u00e1ik illusztr\u00e1ci\u00f3it tartalmazt\u00e1k. Az 1848-ban alap\u00edtott Amerikai Pomol\u00f3giai T\u00e1rsas\u00e1g c\u00e9lja az volt, hogy megb\u00edzhat\u00f3 inform\u00e1ci\u00f3kat ny\u00fajtson a gy\u00fcm\u00f6lcs\u00f6k eredet\u00e9r\u0151l, jellemz\u0151ir\u0151l \u00e9s neveir\u0151l.<\/p>\n\n<p>A kert\u00e9szeti katal\u00f3gusok, p\u00e9ld\u00e1ul Dellon Marcus Dewey \u201eThe Colored Fruit Book\u201d c\u00edm\u0171 m\u0171ve k\u00e9zzel sz\u00ednezett nyomatokat tartalmazott, amelyek lehet\u0151v\u00e9 tett\u00e9k a v\u00e1s\u00e1rl\u00f3k sz\u00e1m\u00e1ra, hogy elk\u00e9pzelj\u00e9k a v\u00e1s\u00e1rolni k\u00edv\u00e1nt gy\u00fcm\u00f6lcs\u00f6ket. Ezek a katal\u00f3gusok rekl\u00e1meszk\u00f6zk\u00e9nt is szolg\u00e1ltak, seg\u00edtve a kert\u00e9szeket \u00faj fajt\u00e1ik n\u00e9pszer\u0171s\u00edt\u00e9s\u00e9ben.<\/p>\n\n<h2 class=\"wp-block-heading\">A szellemi tulajdon v\u00e9delme ir\u00e1nti t\u00f6rekv\u00e9s<\/h2>\n\n<p>A pomol\u00f3giai t\u00e1rsas\u00e1gok \u00e9s a kert\u00e9szek er\u0151fesz\u00edt\u00e9sei ellen\u00e9re a sz\u00ednes illusztr\u00e1ci\u00f3k \u00f6nmagukban nem tudt\u00e1k teljes m\u00e9rt\u00e9kben megv\u00e9deni a gy\u00fcm\u00f6lcs\u00faj\u00edt\u00f3k szellemi tulajdon\u00e1t. Felismerve egy form\u00e1lisabb regisztr\u00e1ci\u00f3s rendszer sz\u00fcks\u00e9gess\u00e9g\u00e9t, n\u00e9h\u00e1ny gy\u00fcm\u00f6lcstermeszt\u0151 nemzeti n\u00f6v\u00e9nyregiszter l\u00e9trehoz\u00e1s\u00e1t s\u00fcrgette.<\/p>\n\n<p>1886-ban a Mez\u0151gazdas\u00e1gi Miniszt\u00e9rium l\u00e9trehozott egy pomol\u00f3giai oszt\u00e1lyt, amely tartalmazott egy gy\u00fcm\u00f6lcskatal\u00f3gust, \u00e9s m\u0171v\u00e9szeket alkalmazott \u00faj fajt\u00e1k akvarell-illusztr\u00e1ci\u00f3inak fest\u00e9s\u00e9re. Ez a de facto regisztr\u00e1ci\u00f3s rendszer n\u00e9mi v\u00e9delmet ny\u00fajtott, de nem rendelkezett szabadalom jogi erej\u00e9vel.<\/p>\n\n<h2 class=\"wp-block-heading\">A n\u00f6v\u00e9nyi szabadalmi t\u00f6rv\u00e9ny 1930<\/h2>\n\n<p>\u00c9vekig tart\u00f3 lobbiz\u00e1s ut\u00e1n a Kongresszus 1930-ban elfogadta a n\u00f6v\u00e9nyi szabadalmi t\u00f6rv\u00e9nyt. Ez a m\u00e9rf\u00f6ldk\u0151nek sz\u00e1m\u00edt\u00f3 t\u00f6rv\u00e9ny szabadalmat enged\u00e9lyezett a n\u00f6v\u00e9nyek \u201emegk\u00fcl\u00f6nb\u00f6ztethet\u0151 \u00e9s \u00faj fajt\u00e1ira\u201d, bele\u00e9rtve a legt\u00f6bb gy\u00fcm\u00f6lcsf\u00e1t \u00e9s sz\u0151l\u0151fajt\u00e1t. Megk\u00f6vetelte a k\u00e9relmez\u0151kt\u0151l, hogy rajzokat ny\u00fajtsanak be term\u00e9keikr\u0151l, tov\u00e1bb hangs\u00falyozva az illusztr\u00e1ci\u00f3k szerep\u00e9t a szellemi tulajdon v\u00e9delm\u00e9ben.<\/p>\n\n<h2 class=\"wp-block-heading\">A gy\u00fcm\u00f6lcs illusztr\u00e1ci\u00f3k \u00f6r\u00f6ks\u00e9ge<\/h2>\n\n<p>A n\u00f6v\u00e9nyi szabadalmi t\u00f6rv\u00e9ny megalapozta a szellemi tulajdon v\u00e9delm\u00e9nek az emberen k\u00edv\u00fcli \u00f6sszes \u00e9l\u0151 szervezetre val\u00f3 kiterjeszt\u00e9s\u00e9t. A t\u00f6rv\u00e9ny azonban tisztelgett a m\u00falt el\u0151tt azzal, hogy megk\u00f6vetelte a n\u00f6v\u00e9nyi szabadalmasokt\u00f3l rajzok beny\u00fajt\u00e1s\u00e1t, ezzel bez\u00e1rva a k\u00f6rt a gy\u00fcm\u00f6lcs illusztr\u00e1ci\u00f3k \u00e9s az \u00e9l\u0151l\u00e9nyek v\u00e9delme k\u00f6z\u00f6tt.<\/p>\n\n<p>Napjainkban a Sharp, Prestele \u00e9s m\u00e1sok \u00e1ltal k\u00e9sz\u00edtett gy\u00fcm\u00f6lcsillusztr\u00e1ci\u00f3k hatalmas gy\u0171jtem\u00e9nye \u00e9rt\u00e9kes t\u00f6rt\u00e9nelmi feljegyz\u00e9sk\u00e9nt szolg\u00e1l az amerikai gy\u00fcm\u00f6lcstermeszt\u00e9s fejl\u0151d\u00e9s\u00e9r\u0151l. Munk\u00e1juk nemcsak a gy\u00fcm\u00f6lcs\u00faj\u00edt\u00f3k szellemi tulajdon\u00e1t v\u00e9dte meg, hanem hozz\u00e1j\u00e1rult a botanikai m\u0171v\u00e9szet fejl\u0151d\u00e9s\u00e9hez is.<\/p>","protected":false},"excerpt":{"rendered":"<p>A gy\u00fcm\u00f6lcs\u00f6k v\u00e9delme: Az illusztr\u00e1ci\u00f3k \u00e9s a t\u00f6rv\u00e9ny szerepe A v\u00e9delem sz\u00fcks\u00e9gess\u00e9ge A 19. sz\u00e1zad k\u00f6zep\u00e9n az Egyes\u00fclt \u00c1llamokban fellend\u00fclt a gy\u00fcm\u00f6lcstermeszt\u00e9s \u00e9s -kereskedelem. Az \u00e9l\u0151 szervezetekre vonatkoz\u00f3 szabadalmi oltalom&hellip;<\/p>\n","protected":false},"author":6,"featured_media":23621,"comment_status":"closed","ping_status":"closed","sticky":false,"template":"","format":"standard","meta":{"footnotes":""},"categories":[398],"tags":[6594,6595,1228,6596,6597,4623],"class_list":["post-3449","post","type-post","status-publish","format-standard","has-post-thumbnail","hentry","category-life-science","tag-fruit","tag-illustrations","tag-botanical-art","tag-plant-patent-act","tag-pomological-societies","tag-intellectual-property"],"_links":{"self":[{"href":"https:\/\/www.lifescienceart.com\/hu\/wp-json\/wp\/v2\/posts\/3449","targetHints":{"allow":["GET"]}}],"collection":[{"href":"https:\/\/www.lifescienceart.com\/hu\/wp-json\/wp\/v2\/posts"}],"about":[{"href":"https:\/\/www.lifescienceart.com\/hu\/wp-json\/wp\/v2\/types\/post"}],"author":[{"embeddable":true,"href":"https:\/\/www.lifescienceart.com\/hu\/wp-json\/wp\/v2\/users\/6"}],"replies":[{"embeddable":true,"href":"https:\/\/www.lifescienceart.com\/hu\/wp-json\/wp\/v2\/comments?post=3449"}],"version-history":[{"count":1,"href":"https:\/\/www.lifescienceart.com\/hu\/wp-json\/wp\/v2\/posts\/3449\/revisions"}],"predecessor-version":[{"id":3450,"href":"https:\/\/www.lifescienceart.com\/hu\/wp-json\/wp\/v2\/posts\/3449\/revisions\/3450"}],"wp:featuredmedia":[{"embeddable":true,"href":"https:\/\/www.lifescienceart.com\/hu\/wp-json\/wp\/v2\/media\/23621"}],"wp:attachment":[{"href":"https:\/\/www.lifescienceart.com\/hu\/wp-json\/wp\/v2\/media?parent=3449"}],"wp:term":[{"taxonomy":"category","embeddable":true,"href":"https:\/\/www.lifescienceart.com\/hu\/wp-json\/wp\/v2\/categories?post=3449"},{"taxonomy":"post_tag","embeddable":true,"href":"https:\/\/www.lifescienceart.com\/hu\/wp-json\/wp\/v2\/tags?post=3449"}],"curies":[{"name":"wp","href":"https:\/\/api.w.org\/{rel}","templated":true}]}}