{"id":3633,"date":"2024-06-25T20:21:46","date_gmt":"2024-06-25T20:21:46","guid":{"rendered":"https:\/\/www.lifescienceart.com\/?p=3633"},"modified":"2024-06-25T20:21:46","modified_gmt":"2024-06-25T20:21:46","slug":"alternate-history-exploring-possibilities","status":"publish","type":"post","link":"https:\/\/www.lifescienceart.com\/hu\/uncategorized\/alternate-history-exploring-possibilities\/","title":{"rendered":"Alternat\u00edv t\u00f6rt\u00e9nelem: A lehet\u0151s\u00e9gek felt\u00e1r\u00e1sa"},"content":{"rendered":"<h2 class=\"wp-block-heading\">Alternat\u00edv t\u00f6rt\u00e9nelem: A lehets\u00e9ges eshet\u0151s\u00e9gek felt\u00e1r\u00e1sa<\/h2>\n\n<h2 class=\"wp-block-heading\">Mi az alternat\u00edv t\u00f6rt\u00e9nelem?<\/h2>\n\n<p>Az alternat\u00edv t\u00f6rt\u00e9nelem egy olyan irodalmi m\u0171faj, amely azt vizsg\u00e1lja, mi t\u00f6rt\u00e9nt volna, ha a t\u00f6rt\u00e9nelem egy kulcsfontoss\u00e1g\u00fa esem\u00e9nye m\u00e1sk\u00e9nt alakult volna. A m\u0171faj felteszi a &#8220;mi lenne, ha?&#8221; k\u00e9rd\u00e9st, \u00e9s olyan alternat\u00edv forgat\u00f3k\u00f6nyveket k\u00e9pzel el, amelyek jelent\u0151sen elt\u00e9r\u0151 eredm\u00e9nyekhez vezettek volna.<\/p>\n\n<h2 class=\"wp-block-heading\">Az alternat\u00edv t\u00f6rt\u00e9nelem t\u00f6rt\u00e9nete<\/h2>\n\n<p>Az alternat\u00edv t\u00f6rt\u00e9nelem gy\u00f6kerei az \u00f3kori G\u00f6r\u00f6gorsz\u00e1gba ny\u00falnak vissza, ahol a t\u00f6rt\u00e9n\u00e9szek \u00e9s filoz\u00f3fusok vitatt\u00e1k a v\u00e9letlen \u00e9s a szabad akarat szerep\u00e9t az esem\u00e9nyek alak\u00edt\u00e1s\u00e1ban. Az alternat\u00edv t\u00f6rt\u00e9nelem azonban csak a 19. sz\u00e1zadban v\u00e1lt \u00f6n\u00e1ll\u00f3 irodalmi m\u0171fajj\u00e1.<\/p>\n\n<p>Az egyik legkor\u00e1bbi alternat\u00edv t\u00f6rt\u00e9nelmi p\u00e9lda Louis Geoffroy 1836-os &#8220;Napol\u00e9on et la conqu\u00eate du monde&#8221; (Nap\u00f3leon \u00e9s a vil\u00e1g megh\u00f3d\u00edt\u00e1sa) c\u00edm\u0171 reg\u00e9nye. Ez a reg\u00e9ny egy olyan vil\u00e1got k\u00e9pzelt el, amelyben Nap\u00f3leon sikeresen megh\u00f3d\u00edtotta Oroszorsz\u00e1got, \u00e9s l\u00e9trehozott egy glob\u00e1lis francia birodalmat.<\/p>\n\n<h2 class=\"wp-block-heading\">Az alternat\u00edv t\u00f6rt\u00e9nelem szerepe a t\u00f6rt\u00e9nelem meg\u00e9rt\u00e9s\u00e9ben<\/h2>\n\n<p>Az alternat\u00edv t\u00f6rt\u00e9nelem \u00e9rt\u00e9kes eszk\u00f6z lehet a t\u00f6rt\u00e9nelem meg\u00e9rt\u00e9s\u00e9ben. K\u00fcl\u00f6nb\u00f6z\u0151 lehet\u0151s\u00e9gek felt\u00e1r\u00e1s\u00e1val seg\u00edthet nek\u00fcnk megl\u00e1tni a t\u00f6rt\u00e9nelmi esem\u00e9nyek esetlegess\u00e9g\u00e9t \u00e9s az egy\u00e9ni cselekv\u00e9s szerep\u00e9t. Megk\u00e9rd\u0151jelezheti tov\u00e1bb\u00e1 a m\u00faltr\u00f3l alkotott felt\u00e9telez\u00e9seinket, \u00e9s arra \u00f6szt\u00f6n\u00f6zhet minket, hogy kritikusan gondolkodjunk azokr\u00f3l a v\u00e1laszt\u00e1sokr\u00f3l, amelyek a vil\u00e1gunkat form\u00e1lt\u00e1k.<\/p>\n\n<h2 class=\"wp-block-heading\">Az alternat\u00edv t\u00f6rt\u00e9nelem mint t\u00e1rsadalmi komment\u00e1r eszk\u00f6ze<\/h2>\n\n<p>Az alternat\u00edv t\u00f6rt\u00e9nelmet t\u00e1rsadalmi komment\u00e1r eszk\u00f6zk\u00e9nt is lehet haszn\u00e1lni. K\u00fcl\u00f6nb\u00f6z\u0151 m\u00faltbeli esem\u00e9nyek elk\u00e9pzel\u00e9s\u00e9vel a szerz\u0151k felt\u00e1rhatj\u00e1k k\u00fcl\u00f6nb\u00f6z\u0151 politik\u00e1k, t\u00e1rsadalmi strukt\u00far\u00e1k \u00e9s ideol\u00f3gi\u00e1k k\u00f6vetkezm\u00e9nyeit. Ez seg\u00edthet nek\u00fcnk azonos\u00edtani a t\u00e1rsadalmi probl\u00e9m\u00e1k kiv\u00e1lt\u00f3 okait, \u00e9s igazs\u00e1gosabb \u00e9s m\u00e9lt\u00e1nyosabb j\u00f6v\u0151ket elk\u00e9pzelni.<\/p>\n\n<h2 class=\"wp-block-heading\">Az alternat\u00edv t\u00f6rt\u00e9nelem etikai vonatkoz\u00e1sai<\/h2>\n\n<p>B\u00e1r az alternat\u00edv t\u00f6rt\u00e9nelem a felt\u00e1r\u00e1s \u00e9s meg\u00e9rt\u00e9s hat\u00e9kony eszk\u00f6ze lehet, etikai agg\u00e1lyokat is felvet. Egyes kritikusok azzal \u00e9rvelnek, hogy elbagatelliz\u00e1lhatja a val\u00f3di t\u00f6rt\u00e9nelmi trag\u00e9di\u00e1kat, \u00e9s a m\u00falt torz n\u00e9zet\u00e9hez vezethet. M\u00e1sok azzal \u00e9rvelnek, hogy \u00e9rt\u00e9kes m\u00f3dja lehet a t\u00f6rt\u00e9nelmi narrat\u00edv\u00e1k megk\u00e9rd\u0151jelez\u00e9s\u00e9nek \u00e9s az emp\u00e1tia \u00e9s meg\u00e9rt\u00e9s el\u0151mozd\u00edt\u00e1s\u00e1nak.<\/p>\n\n<h2 class=\"wp-block-heading\">Az alternat\u00edv t\u00f6rt\u00e9nelem k\u00fcl\u00f6nb\u00f6z\u0151 kult\u00far\u00e1kban<\/h2>\n\n<p>Az alternat\u00edv t\u00f6rt\u00e9nelem egy glob\u00e1lis jelens\u00e9g, amelyre p\u00e9ld\u00e1kat tal\u00e1lhatunk a vil\u00e1g k\u00fcl\u00f6nb\u00f6z\u0151 kult\u00far\u00e1iban. K\u00edn\u00e1ban p\u00e9ld\u00e1ul a m\u0171fajt &#8220;ukr\u00f3ni\u00e1nak&#8221; nevezik, \u00e9s a Tang-dinaszti\u00e1ig visszany\u00fal\u00f3 hossz\u00fa hagyom\u00e1nya van. Jap\u00e1nban az alternat\u00edv t\u00f6rt\u00e9nelmet gyakran haszn\u00e1lj\u00e1k az orsz\u00e1g h\u00e1bor\u00fas m\u00faltj\u00e1nak felt\u00e1r\u00e1s\u00e1ra \u00e9s a nemzeti identit\u00e1s \u00f6sszetetts\u00e9geivel val\u00f3 szemben\u00e9z\u00e9sre.<\/p>\n\n<h2 class=\"wp-block-heading\">Az alternat\u00edv t\u00f6rt\u00e9nelem j\u00f6v\u0151je<\/h2>\n\n<p>Az alternat\u00edv t\u00f6rt\u00e9nelem egy \u00e9l\u00e9nk \u00e9s folyamatosan fejl\u0151d\u0151 m\u0171faj. Ahogy \u00faj technol\u00f3gi\u00e1k \u00e9s n\u00e9z\u0151pontok jelennek meg, sz\u00e1m\u00edthatunk arra, hogy \u00faj \u00e9s innovat\u00edv megk\u00f6zel\u00edt\u00e9seket l\u00e1tunk ebben a leny\u0171g\u00f6z\u0151 irodalmi form\u00e1ban. Ak\u00e1r a m\u00falt, a jelen vagy a j\u00f6v\u0151 felt\u00e1r\u00e1s\u00e1ra haszn\u00e1lj\u00e1k, az alternat\u00edv t\u00f6rt\u00e9nelem tov\u00e1bbra is kih\u00edv\u00e1st jelent majd felt\u00e9telez\u00e9seinknek, szikr\u00e1kat gy\u00fajt a k\u00e9pzelet\u00fcnkben, \u00e9s seg\u00edt meg\u00e9rten\u00fcnk az emberi tapasztalat \u00f6sszetetts\u00e9geit.<\/p>","protected":false},"excerpt":{"rendered":"<p>Alternat\u00edv t\u00f6rt\u00e9nelem: A lehets\u00e9ges eshet\u0151s\u00e9gek felt\u00e1r\u00e1sa Mi az alternat\u00edv t\u00f6rt\u00e9nelem? Az alternat\u00edv t\u00f6rt\u00e9nelem egy olyan irodalmi m\u0171faj, amely azt vizsg\u00e1lja, mi t\u00f6rt\u00e9nt volna, ha a t\u00f6rt\u00e9nelem egy kulcsfontoss\u00e1g\u00fa esem\u00e9nye m\u00e1sk\u00e9nt&hellip;<\/p>\n","protected":false},"author":1,"featured_media":23740,"comment_status":"closed","ping_status":"closed","sticky":false,"template":"","format":"standard","meta":{"footnotes":""},"categories":[1],"tags":[6864,6865,6867,6866,27,6868],"class_list":["post-3633","post","type-post","status-publish","format-standard","has-post-thumbnail","hentry","category-uncategorized","tag-alternate-history","tag-fiction","tag-counterfactuals","tag-what-if","tag-history","tag-uchronia"],"_links":{"self":[{"href":"https:\/\/www.lifescienceart.com\/hu\/wp-json\/wp\/v2\/posts\/3633","targetHints":{"allow":["GET"]}}],"collection":[{"href":"https:\/\/www.lifescienceart.com\/hu\/wp-json\/wp\/v2\/posts"}],"about":[{"href":"https:\/\/www.lifescienceart.com\/hu\/wp-json\/wp\/v2\/types\/post"}],"author":[{"embeddable":true,"href":"https:\/\/www.lifescienceart.com\/hu\/wp-json\/wp\/v2\/users\/1"}],"replies":[{"embeddable":true,"href":"https:\/\/www.lifescienceart.com\/hu\/wp-json\/wp\/v2\/comments?post=3633"}],"version-history":[{"count":1,"href":"https:\/\/www.lifescienceart.com\/hu\/wp-json\/wp\/v2\/posts\/3633\/revisions"}],"predecessor-version":[{"id":3634,"href":"https:\/\/www.lifescienceart.com\/hu\/wp-json\/wp\/v2\/posts\/3633\/revisions\/3634"}],"wp:featuredmedia":[{"embeddable":true,"href":"https:\/\/www.lifescienceart.com\/hu\/wp-json\/wp\/v2\/media\/23740"}],"wp:attachment":[{"href":"https:\/\/www.lifescienceart.com\/hu\/wp-json\/wp\/v2\/media?parent=3633"}],"wp:term":[{"taxonomy":"category","embeddable":true,"href":"https:\/\/www.lifescienceart.com\/hu\/wp-json\/wp\/v2\/categories?post=3633"},{"taxonomy":"post_tag","embeddable":true,"href":"https:\/\/www.lifescienceart.com\/hu\/wp-json\/wp\/v2\/tags?post=3633"}],"curies":[{"name":"wp","href":"https:\/\/api.w.org\/{rel}","templated":true}]}}