{"id":366,"date":"2024-05-24T19:55:28","date_gmt":"2024-05-24T19:55:28","guid":{"rendered":"https:\/\/www.lifescienceart.com\/hu\/?p=366"},"modified":"2024-05-24T19:55:28","modified_gmt":"2024-05-24T19:55:28","slug":"the-decade-in-food-news-safety-controversies-and-consumer-shifts","status":"publish","type":"post","link":"https:\/\/www.lifescienceart.com\/hu\/life\/food-and-health\/the-decade-in-food-news-safety-controversies-and-consumer-shifts\/","title":{"rendered":"\u00c9lelmiszerh\u00edrek az elm\u00falt \u00e9vtizedb\u0151l: a legfontosabb fejlem\u00e9nyek"},"content":{"rendered":"<h2 class=\"wp-block-heading\">Az \u00e9lelmiszerekkel kapcsolatos h\u00edrek \u00e9vtizede<\/h2>\n\n<h2 class=\"wp-block-heading\">\u00c9lelmiszerbiztons\u00e1g: vegyes eredm\u00e9nyek<\/h2>\n\n<p>A 2000-es \u00e9vek elej\u00e9n a kulin\u00e1ris innov\u00e1ci\u00f3k robban\u00e1sszer\u0171 n\u00f6veked\u00e9s\u00e9t tapasztaltuk, ugyanakkor az \u00e9lelmiszerbiztons\u00e1ggal kapcsolatos aggodalmak is megszaporodtak. Az \u00e9lelmiszer eredet\u0171 megbeteged\u00e9sek sz\u00e1m\u00e1nak cs\u00f6kken\u00e9se ellen\u00e9re a k\u00fcl\u00f6nf\u00e9le \u00e9lelmiszerekben el\u0151fordul\u00f3 szalmonella \u00e9s egy\u00e9b k\u00f3rokoz\u00f3k miatti nagy horderej\u0171 fert\u0151z\u00e9sek megk\u00e9rd\u0151jelezt\u00e9k az \u00e9lelmiszer-ellen\u0151rz\u00e9si rendszer hat\u00e9konys\u00e1g\u00e1t. A h\u00e1zi\u00e1llatok \u00e9s csecsem\u0151k t\u00e1pl\u00e1l\u00e9k\u00e1nak biztons\u00e1g\u00e1t is vesz\u00e9lyeztett\u00e9k a k\u00e1ros anyagok, r\u00e1vil\u00e1g\u00edtva az \u00e9lelmiszer-ell\u00e1t\u00e1sunk biztons\u00e1g\u00e1nak biztos\u00edt\u00e1s\u00e1hoz sz\u00fcks\u00e9ges \u00e9bers\u00e9gre.<\/p>\n\n<h2 class=\"wp-block-heading\">A kukorica rejt\u00e9lye: a j\u00f6v\u0151 \u00fczemanyaga vagy eg\u00e9szs\u00e9g\u00fcgyi kock\u00e1zat?<\/h2>\n\n<p>A kukorica ebben az \u00e9vtizedben ellentmond\u00e1sos \u00e9lelmiszerforr\u00e1sk\u00e9nt ker\u00fclt el\u0151t\u00e9rbe. Kezdetben a kukoricaalap\u00fa etanol r\u00e9v\u00e9n fenntarthat\u00f3 \u00fczemanyag-alternat\u00edvak\u00e9nt \u00fcdv\u00f6z\u00f6lt\u00e9k, de hamarosan kritika \u00e9rte a term\u00e9ny\u00e1rak emelked\u00e9se, a m\u0171velhet\u0151 f\u00f6ldter\u00fcletek cs\u00f6kken\u00e9se \u00e9s a k\u00f6rnyezetre gyakorolt potenci\u00e1lis k\u00e1rok miatt. A kukoricaetanol k\u00f6rnyezeti hat\u00e1sair\u00f3l sz\u00f3l\u00f3 vita az\u00f3ta is tart.<\/p>\n\n<h2 class=\"wp-block-heading\">Magas frukt\u00f3ztartalm\u00fa kukoricaszirup: egy rossz h\u00edr\u0171 \u00e9des\u00edt\u0151szer<\/h2>\n\n<p>A magas frukt\u00f3ztartalm\u00fa kukoricaszirup (HFCS), egy minden\u00fctt jelen l\u00e9v\u0151 \u00e9des\u00edt\u0151szer, a gyermekkori elh\u00edz\u00e1shoz \u00e9s a 2-es t\u00edpus\u00fa cukorbetegs\u00e9ghez val\u00f3 jelent\u0151s hozz\u00e1j\u00e1rul\u00e1s\u00e1r\u00f3l v\u00e1lt h\u00edrhedtt\u00e9. V\u00e1laszul n\u00e9h\u00e1ny \u00e9lelmiszeripari v\u00e1llalat a HFCS-t n\u00e1dcukorra cser\u00e9lte, de a kal\u00f3ria- \u00e9s s\u00falygyarapod\u00e1ssal kapcsolatos aggodalmak megmaradtak. A cukros \u00fcd\u00edt\u0151italokat, f\u00fcggetlen\u00fcl att\u00f3l, hogy tartalmaznak-e HFCS-t, 2006-ban betiltott\u00e1k az \u00e1llami iskol\u00e1kban.<\/p>\n\n<h2 class=\"wp-block-heading\">Fenyeget\u00e9sek az \u00e9lelmez\u00e9sbiztons\u00e1gra: egy aggaszt\u00f3 tendencia<\/h2>\n\n<p>A t\u00falhal\u00e1sz\u00e1s, a szennyez\u00e9s \u00e9s az \u00e9ghajlatv\u00e1ltoz\u00e1s az \u00e9lelmez\u00e9sbiztons\u00e1g jelent\u0151s vesz\u00e9lyforr\u00e1s\u00e1v\u00e1 v\u00e1lt. A beporz\u00e1shoz n\u00e9lk\u00fcl\u00f6zhetetlen m\u00e9hkol\u00f3ni\u00e1k \u00f6sszeoml\u00e1sa agg\u00e1lyokat vetett fel a mez\u0151gazdas\u00e1g \u00e9s a biodiverzit\u00e1s j\u00f6v\u0151j\u00e9vel kapcsolatban. Annak a felismer\u00e9se, hogy \u00e9lelmiszer-ell\u00e1t\u00e1sunk nem garant\u00e1lt, nyugtalans\u00e1got \u00e9s a fenntarthat\u00f3 \u00e9lelmiszertermel\u00e9si gyakorlatok sz\u00fcks\u00e9gess\u00e9g\u00e9t v\u00e1ltotta ki.<\/p>\n\n<h2 class=\"wp-block-heading\">V\u00e1ltoz\u00e1s a fogyaszt\u00f3i tudatoss\u00e1gban<\/h2>\n\n<p>A kih\u00edv\u00e1sok ellen\u00e9re a 2000-es \u00e9vekben a fogyaszt\u00f3k k\u00f6r\u00e9ben egyre n\u0151tt a tudatoss\u00e1g az \u00e9lelmiszer-v\u00e1laszt\u00e1sok \u00e9s az eg\u00e9szs\u00e9g, valamint a k\u00f6rnyezeti j\u00f3l\u00e9t k\u00f6z\u00f6tti kapcsolatr\u00f3l. Az emberek jobban odafigyeltek az \u00e9trendj\u00fckre, \u00e9s eg\u00e9szs\u00e9gesebb, fenntarthat\u00f3 m\u00f3don el\u0151\u00e1ll\u00edtott \u00e9lelmiszereket kerestek. A s\u00fctem\u00e9nyek \u00e9s a szalonna n\u00e9pszer\u0171s\u00e9ge, b\u00e1r kicsapong\u00f3nak t\u0171nhetett, mind a m\u00e9rt\u00e9ktelens\u00e9g, mind a v\u00e1ltozatoss\u00e1g ir\u00e1nti v\u00e1gyat t\u00fckr\u00f6zte az \u00e9lelmiszerfogyaszt\u00e1sban.<\/p>\n\n<h2 class=\"wp-block-heading\">Kulin\u00e1ris reperto\u00e1rok fejl\u0151d\u00e9se<\/h2>\n\n<p>A 2000-es \u00e9vek elej\u00e9n jelent\u0151sen b\u0151v\u00fclt a kulin\u00e1ris reperto\u00e1r, k\u00fcl\u00f6n\u00f6sen az Egyes\u00fclt \u00c1llamokban. Az amerikaiak befogadt\u00e1k a k\u00fcl\u00f6nb\u00f6z\u0151 vil\u00e1gkonyh\u00e1kat, k\u00eds\u00e9rleteztek \u00faj \u00edzekkel \u00e9s alapanyagokkal. Ez a kulin\u00e1ris felfedez\u00e9s gazdag\u00edtotta az amerikai gasztron\u00f3mi\u00e1t, \u00e9s el\u0151seg\u00edtette a k\u00fcl\u00f6nf\u00e9le \u00e9lelmiszerkult\u00far\u00e1k nagyobb megbecs\u00fcl\u00e9s\u00e9t.<\/p>\n\n<h2 class=\"wp-block-heading\">Az \u00e9lelmiszer-ellen\u0151rz\u00e9si rendszerek fontoss\u00e1ga<\/h2>\n\n<p>Az \u00e9vtized \u00e9lelmiszerbiztons\u00e1gi agg\u00e1lyai r\u00e1vil\u00e1g\u00edtottak az \u00e9lelmiszer-ellen\u0151rz\u00e9si rendszerek kritikus szerep\u00e9re a k\u00f6zeg\u00e9szs\u00e9g v\u00e9delm\u00e9ben. E rendszerek meger\u0151s\u00edt\u00e9se priorit\u00e1ss\u00e1 v\u00e1lt, a szennyez\u0151d\u00e9s megel\u0151z\u00e9s\u00e9re \u00e9s az \u00e9lelmiszer biztons\u00e1g\u00e1nak biztos\u00edt\u00e1s\u00e1ra \u00f6sszpontos\u00edtva a gazdas\u00e1gt\u00f3l az asztalig.<\/p>\n\n<h2 class=\"wp-block-heading\">A k\u00f6zeg\u00e9szs\u00e9g\u00fcgy szerepe az \u00e9lelmiszerbiztons\u00e1gban<\/h2>\n\n<p>A k\u00f6zeg\u00e9szs\u00e9g\u00fcgyi szervezetek kulcsszerepet j\u00e1tszottak az \u00e9lelmiszerbiztons\u00e1gi incidensekre val\u00f3 reag\u00e1l\u00e1sban \u00e9s a lakoss\u00e1g \u00e9lelmiszer eredet\u0171 betegs\u00e9gek megel\u0151z\u00e9s\u00e9r\u0151l val\u00f3 t\u00e1j\u00e9koztat\u00e1s\u00e1ban. Megfigyel\u0151rendszereket vezettek be a j\u00e1rv\u00e1nyok nyomon k\u00f6vet\u00e9s\u00e9re, \u00e9s ir\u00e1nymutat\u00e1sokat dolgoztak ki az \u00e9lelmiszer kezel\u00e9s\u00e9re \u00e9s t\u00e1rol\u00e1s\u00e1ra vonatkoz\u00f3an.<\/p>\n\n<h2 class=\"wp-block-heading\">K\u00fcl\u00f6nf\u00e9le \u00e9lelmiszerek t\u00e1p\u00e9rt\u00e9ke<\/h2>\n\n<p>A t\u00e1pl\u00e1lkoz\u00e1studom\u00e1ny jelent\u0151s el\u0151rel\u00e9p\u00e9seket tett ebben az \u00e9vtizedben, lehet\u0151v\u00e9 t\u00e9ve a k\u00fcl\u00f6nf\u00e9le \u00e9lelmiszerek eg\u00e9szs\u00e9g\u00fcgyi k\u00f6vetkezm\u00e9nyeinek jobb meg\u00e9rt\u00e9s\u00e9t. A fogyaszt\u00f3k tudatosabbak lettek a makrot\u00e1panyagok (sz\u00e9nhidr\u00e1tok, feh\u00e9rj\u00e9k \u00e9s zs\u00edrok) \u00e9s a mikrot\u00e1panyagok (vitaminok \u00e9s \u00e1sv\u00e1nyi anyagok) eg\u00e9szs\u00e9g \u00e9s j\u00f3l\u00e9t fenntart\u00e1s\u00e1ban bet\u00f6lt\u00f6tt fontoss\u00e1g\u00e1r\u00f3l.<\/p>\n\n<h2 class=\"wp-block-heading\">A fogy\u00e1s \u00e9s az eg\u00e9szs\u00e9g jav\u00edt\u00e1s\u00e1nak legjobb m\u00f3djai<\/h2>\n\n<p>Az elh\u00edz\u00e1s n\u00f6vekv\u0151 elterjed\u00e9se fokozott figyelmet ford\u00edtott a fogy\u00e1sra \u00e9s az eg\u00e9szs\u00e9ges t\u00e1pl\u00e1lkoz\u00e1sra. A t\u00e1pl\u00e1lkoz\u00e1si szak\u00e9rt\u0151k hangs\u00falyozt\u00e1k a kiegyens\u00falyozott \u00e9trend, a rendszeres testmozg\u00e1s \u00e9s a tudatos \u00e9tkez\u00e9si szok\u00e1sok fontoss\u00e1g\u00e1t. A divatdi\u00e9t\u00e1k \u00e9s a gyors megold\u00e1sok hely\u00e9t \u00e1tvett\u00e9k a hossz\u00fa t\u00e1v\u00fa eg\u00e9szs\u00e9get \u00e9s j\u00f3l\u00e9tet el\u0151seg\u00edt\u0151<\/p>","protected":false},"excerpt":{"rendered":"<p>Az \u00e9lelmiszerekkel kapcsolatos h\u00edrek \u00e9vtizede \u00c9lelmiszerbiztons\u00e1g: vegyes eredm\u00e9nyek A 2000-es \u00e9vek elej\u00e9n a kulin\u00e1ris innov\u00e1ci\u00f3k robban\u00e1sszer\u0171 n\u00f6veked\u00e9s\u00e9t tapasztaltuk, ugyanakkor az \u00e9lelmiszerbiztons\u00e1ggal kapcsolatos aggodalmak is megszaporodtak. Az \u00e9lelmiszer eredet\u0171 megbeteged\u00e9sek sz\u00e1m\u00e1nak&hellip;<\/p>\n","protected":false},"author":4,"featured_media":23482,"comment_status":"closed","ping_status":"closed","sticky":false,"template":"","format":"standard","meta":{"footnotes":""},"categories":[953],"tags":[951,950,120,178,952,287,146],"class_list":["post-366","post","type-post","status-publish","format-standard","has-post-thumbnail","hentry","category-food-and-health","tag-food-trends","tag-food-safety","tag-sustainability","tag-public-health","tag-culinary-innovations","tag-agriculture","tag-nutrition"],"_links":{"self":[{"href":"https:\/\/www.lifescienceart.com\/hu\/wp-json\/wp\/v2\/posts\/366","targetHints":{"allow":["GET"]}}],"collection":[{"href":"https:\/\/www.lifescienceart.com\/hu\/wp-json\/wp\/v2\/posts"}],"about":[{"href":"https:\/\/www.lifescienceart.com\/hu\/wp-json\/wp\/v2\/types\/post"}],"author":[{"embeddable":true,"href":"https:\/\/www.lifescienceart.com\/hu\/wp-json\/wp\/v2\/users\/4"}],"replies":[{"embeddable":true,"href":"https:\/\/www.lifescienceart.com\/hu\/wp-json\/wp\/v2\/comments?post=366"}],"version-history":[{"count":1,"href":"https:\/\/www.lifescienceart.com\/hu\/wp-json\/wp\/v2\/posts\/366\/revisions"}],"predecessor-version":[{"id":367,"href":"https:\/\/www.lifescienceart.com\/hu\/wp-json\/wp\/v2\/posts\/366\/revisions\/367"}],"wp:featuredmedia":[{"embeddable":true,"href":"https:\/\/www.lifescienceart.com\/hu\/wp-json\/wp\/v2\/media\/23482"}],"wp:attachment":[{"href":"https:\/\/www.lifescienceart.com\/hu\/wp-json\/wp\/v2\/media?parent=366"}],"wp:term":[{"taxonomy":"category","embeddable":true,"href":"https:\/\/www.lifescienceart.com\/hu\/wp-json\/wp\/v2\/categories?post=366"},{"taxonomy":"post_tag","embeddable":true,"href":"https:\/\/www.lifescienceart.com\/hu\/wp-json\/wp\/v2\/tags?post=366"}],"curies":[{"name":"wp","href":"https:\/\/api.w.org\/{rel}","templated":true}]}}