{"id":3779,"date":"2026-09-02T04:55:16","date_gmt":"2026-09-02T04:55:16","guid":{"rendered":"https:\/\/www.lifescienceart.com\/?p=3779"},"modified":"2026-09-02T04:55:16","modified_gmt":"2026-09-02T04:55:16","slug":"altar-to-ancient-greek-god-pan-found-in-byzantine-church","status":"publish","type":"post","link":"https:\/\/www.lifescienceart.com\/hu\/uncategorized\/altar-to-ancient-greek-god-pan-found-in-byzantine-church\/","title":{"rendered":"Biz\u00e1nci templomban rejtett \u00f3kori Pan-olt\u00e1r: a pog\u00e1ny isten \u00e9s a kereszt\u00e9nys\u00e9g tal\u00e1lkoz\u00e1sa"},"content":{"rendered":"<h2 class=\"wp-block-heading\">Az \u00f3kori g\u00f6r\u00f6g Pan isten olt\u00e1ra a biz\u00e1nci templomban megtal\u00e1lva<\/h2>\n\n<h2 class=\"wp-block-heading\">Felfedez\u00e9s \u00e9s jelent\u0151s\u00e9g<\/h2>\n\n<p class=\"wp-block-paragraph\">Az \u00e9szaki Izraelben ki\u00e1sott egy biz\u00e1nci templomban a kutat\u00f3k egy a 2. vagy 3. sz\u00e1zadb\u00f3l sz\u00e1rmaz\u00f3 olt\u00e1rra bukkantak, amely a g\u00f6r\u00f6g p\u00e1sztoristen, Pan tisztelet\u00e9re szentelt. Ez a lelet r\u00e1vil\u00e1g\u00edt a korai kereszt\u00e9nys\u00e9g \u00e9s a pog\u00e1ny hitvil\u00e1g \u00f6sszetett viszony\u00e1ra.<\/p>\n\n<h2 class=\"wp-block-heading\">Az olt\u00e1r<\/h2>\n\n<p class=\"wp-block-paragraph\">A bazaltb\u00f3l k\u00e9sz\u00fclt olt\u00e1rt a templom fal\u00e1ba \u00e9p\u00edtett\u00e9k be. G\u00f6r\u00f6g felirat\u00e1n ez \u00e1ll: \u201eAtheneon, Sosipatrosz anti\u00f3kiai fia, ezt az olt\u00e1rt a Pan Heliopoliszi istennek aj\u00e1nlja, bet\u00f6ltve egy \u00e1ltala saj\u00e1t p\u00e9nzb\u0151l tett esk\u00fct.\u201d<\/p>\n\n<h2 class=\"wp-block-heading\">Pan Heliopoliszi<\/h2>\n\n<p class=\"wp-block-paragraph\">A \u201eHeliopoliszi\u201d jelz\u0151 \u00e1ltal\u00e1ban a g\u00f6r\u00f6g Zeusz istenhez kapcsol\u00f3dik, nem Panhez. Ez arra utal, hogy a Pan Heliopoliszi egy olyan isten lehetett, amely Pan \u00e9s Zeusz von\u00e1sait egyes\u00edtette, vagy egyszer\u0171en csak a vadon isten\u00e9nek egy m\u00e1sik neve volt.<\/p>\n\n<h2 class=\"wp-block-heading\">Zar\u00e1ndoklat \u00e9s a templom<\/h2>\n\n<p class=\"wp-block-paragraph\">Az olt\u00e1ron szerepl\u0151 anti\u00f3kiai utal\u00e1s \u2013 amely messze \u00e9szakra fekszik a helyi templomhoz k\u00e9pest \u2013 arra mutat, hogy a helyet t\u00e1voli f\u00f6ldekr\u0151l \u00e9rkez\u0151 zar\u00e1ndokok is l\u00e1togatt\u00e1k. A felt\u00e1r\u00e1s vezet\u0151je, Adi Erlich \u00fagy v\u00e9li, hogy a templomot J\u00e9zus \u00e9s Szent P\u00e9ter k\u00f6z\u00f6tti tal\u00e1lkoz\u00e1sra eml\u00e9kezve \u00e9p\u00edtett\u00e9k.<\/p>\n\n<h2 class=\"wp-block-heading\">Pan temploma<\/h2>\n\n<p class=\"wp-block-paragraph\">A biz\u00e1nci templom \u00e9p\u00edt\u00e9se el\u0151tt a helyen egy ny\u00edlt leveg\u0151ben \u00e1ll\u00f3, Pan istennek szentelt templom \u00e1llt. A Banias Nemzeti Parkban tal\u00e1lhat\u00f3 templom \u00e9vsz\u00e1zadokon \u00e1t a Banias v\u00edzes\u00e9sekhez k\u00f6t\u0151d\u00f6tt, miel\u0151tt k\u00f6r\u00fclbel\u00fcl i. e. 20 k\u00f6r\u00fcl \u00e9p\u00fclt volna.<\/p>\n\n<h2 class=\"wp-block-heading\">R\u00f3mai \u00e9p\u00edt\u00e9szet \u00e9s kereszt\u00e9ny szimbolika<\/h2>\n\n<p class=\"wp-block-paragraph\">A templom klasszikus r\u00f3mai st\u00edlusban \u00e9p\u00fclt, k\u00f6z\u00e9pen egy medenc\u00e9vel. K\u00e9s\u0151bb a kereszt\u00e9nyek egy padl\u00f3mosz\u00e1jban apr\u00f3 kereszteket helyeztek el, ami a cs\u00e1sz\u00e1r Konstantinos uralkod\u00e1sa ut\u00e1n elterjedt a vall\u00e1s jelk\u00e9pe lett.<\/p>\n\n<h2 class=\"wp-block-heading\">Kereszt\u00e9ny \u00fajrafelhaszn\u00e1l\u00e1s<\/h2>\n\n<p class=\"wp-block-paragraph\">Erlich szerint az olt\u00e1r templomfalba val\u00f3 be\u00e9p\u00edt\u00e9se sz\u00e1nd\u00e9kos megal\u00e1z\u00e1s lehetett a helyi pog\u00e1ny istenek h\u00edveinek. A templom \u00e9p\u00edt\u00e9se a kor\u00e1bbi Pan-templom f\u00f6l\u00e9 tov\u00e1bb er\u0151s\u00edti ezt az elk\u00e9pzel\u00e9st.<\/p>\n\n<h2 class=\"wp-block-heading\">R\u00e9g\u00e9szeti jelent\u0151s\u00e9g<\/h2>\n\n<p class=\"wp-block-paragraph\">A felt\u00e1r\u00e1s r\u00e9sze a Banias Nemzeti Parkban l\u00e9v\u0151 r\u00e9g\u00e9szeti helysz\u00ednek sz\u00e9lesk\u00f6r\u0171 meg\u0151rz\u00e9s\u00e9re ir\u00e1nyul\u00f3 programnak, amely a r\u00f3mai korszakt\u00f3l a keresztes hadj\u00e1ratokig terjed\u0151 jelent\u0151s lel\u0151helyeket foglalja mag\u00e1ban. Az \u00faj leleteket, k\u00f6zt\u00fck a Pan olt\u00e1rt, meg\u0151rzik \u00e9s a l\u00e1togat\u00f3k sz\u00e1m\u00e1ra ki\u00e1ll\u00edtj\u00e1k.<\/p>\n\n<h2 class=\"wp-block-heading\">T\u00f6rt\u00e9nelmi h\u00e1tt\u00e9r<\/h2>\n\n<p class=\"wp-block-paragraph\">Az i. e. 4. sz\u00e1zadban az a t\u00e9rs\u00e9g, ahol a templom \u00e1ll, fontos kereszt\u00e9ny k\u00f6zpontt\u00e1 v\u00e1lt saj\u00e1t p\u00fcsp\u00f6kkel. Ez t\u00fckr\u00f6zi a kereszt\u00e9nys\u00e9g fokozatos terjed\u00e9s\u00e9t \u00e9s hat\u00e1s\u00e1t a helyi vall\u00e1si gyakorlatokra.<\/p>\n\n<h2 class=\"wp-block-heading\">Kultur\u00e1lis \u00f6r\u00f6ks\u00e9g<\/h2>\n\n<p class=\"wp-block-paragraph\">A Pan olt\u00e1r \u00e9s a k\u00f6rnyez\u0151 r\u00e9g\u00e9szeti maradv\u00e1nyok felfedez\u00e9se \u00e9rt\u00e9kes betekint\u00e9st ny\u00fajt a k\u00fcl\u00f6nb\u00f6z\u0151 vall\u00e1si hagyom\u00e1nyok egy\u00fctt\u00e9l\u00e9s\u00e9be \u00e9s k\u00f6lcs\u00f6nhat\u00e1s\u00e1ba az \u00f3korban. R\u00e1vil\u00e1g\u00edt a pog\u00e1nys\u00e1gt\u00f3l a kereszt\u00e9nys\u00e9g fel\u00e9 t\u00f6rt\u00e9n\u0151 \u00e1tmenet sor\u00e1n a hitvil\u00e1gok \u00e9s gyakorlatok komplexit\u00e1s\u00e1ra.<\/p>","protected":false},"excerpt":{"rendered":"<p>Az \u00f3kori g\u00f6r\u00f6g Pan isten olt\u00e1ra a biz\u00e1nci templomban megtal\u00e1lva Felfedez\u00e9s \u00e9s jelent\u0151s\u00e9g Az \u00e9szaki Izraelben ki\u00e1sott egy biz\u00e1nci templomban a kutat\u00f3k egy a 2. vagy 3. sz\u00e1zadb\u00f3l sz\u00e1rmaz\u00f3 olt\u00e1rra&hellip;<\/p>\n","protected":false},"author":2,"featured_media":25565,"comment_status":"closed","ping_status":"closed","sticky":false,"template":"","format":"standard","meta":{"footnotes":""},"categories":[1],"tags":[7074,4109,2984,2313,7075,88,27,837],"class_list":["post-3779","post","type-post","status-publish","format-standard","has-post-thumbnail","hentry","category-uncategorized","tag-byzantine-empire","tag-greek-mythology","tag-christianity","tag-ancient-greece","tag-paganism","tag-archaeology","tag-history","tag-religion"],"_links":{"self":[{"href":"https:\/\/www.lifescienceart.com\/hu\/wp-json\/wp\/v2\/posts\/3779","targetHints":{"allow":["GET"]}}],"collection":[{"href":"https:\/\/www.lifescienceart.com\/hu\/wp-json\/wp\/v2\/posts"}],"about":[{"href":"https:\/\/www.lifescienceart.com\/hu\/wp-json\/wp\/v2\/types\/post"}],"author":[{"embeddable":true,"href":"https:\/\/www.lifescienceart.com\/hu\/wp-json\/wp\/v2\/users\/2"}],"replies":[{"embeddable":true,"href":"https:\/\/www.lifescienceart.com\/hu\/wp-json\/wp\/v2\/comments?post=3779"}],"version-history":[{"count":2,"href":"https:\/\/www.lifescienceart.com\/hu\/wp-json\/wp\/v2\/posts\/3779\/revisions"}],"predecessor-version":[{"id":25566,"href":"https:\/\/www.lifescienceart.com\/hu\/wp-json\/wp\/v2\/posts\/3779\/revisions\/25566"}],"wp:featuredmedia":[{"embeddable":true,"href":"https:\/\/www.lifescienceart.com\/hu\/wp-json\/wp\/v2\/media\/25565"}],"wp:attachment":[{"href":"https:\/\/www.lifescienceart.com\/hu\/wp-json\/wp\/v2\/media?parent=3779"}],"wp:term":[{"taxonomy":"category","embeddable":true,"href":"https:\/\/www.lifescienceart.com\/hu\/wp-json\/wp\/v2\/categories?post=3779"},{"taxonomy":"post_tag","embeddable":true,"href":"https:\/\/www.lifescienceart.com\/hu\/wp-json\/wp\/v2\/tags?post=3779"}],"curies":[{"name":"wp","href":"https:\/\/api.w.org\/{rel}","templated":true}]}}