{"id":385,"date":"2024-06-20T22:21:38","date_gmt":"2024-06-20T22:21:38","guid":{"rendered":"https:\/\/www.lifescienceart.com\/hu\/?p=385"},"modified":"2024-06-20T22:21:38","modified_gmt":"2024-06-20T22:21:38","slug":"iphone-chemical-composition-critical-elements-recycling","status":"publish","type":"post","link":"https:\/\/www.lifescienceart.com\/hu\/science\/technology\/iphone-chemical-composition-critical-elements-recycling\/","title":{"rendered":"Mi van az iPhone-odban: k\u00e9miai bont\u00e1s"},"content":{"rendered":"<h2 class=\"wp-block-heading\">Mi van az iPhone-odban: k\u00e9miai bont\u00e1s<\/h2>\n\n<h2 class=\"wp-block-heading\">A f\u00e9mek \u00e9s \u00e1sv\u00e1nyok rejtett vil\u00e1g\u00e1nak felt\u00e1r\u00e1sa<\/h2>\n\n<p>Gondolkodt\u00e1l m\u00e1r azon, mi lappang iPhone-od eleg\u00e1ns k\u00fcls\u0151 burkolata alatt? A tud\u00f3sok szokatlan m\u00f3dszert tal\u00e1ltak ki, hogy felfedj\u00e9k a benne rejl\u0151 kincseket: porr\u00e1 z\u00fazt\u00e1k.<\/p>\n\n<h2 class=\"wp-block-heading\">A z\u00faz\u00e1s tudom\u00e1nya<\/h2>\n\n<p>A Plymouth Egyetem kutat\u00f3i vettek egy iPhone 4S-t, \u00e9s egy turmixg\u00e9pben kegyetlen b\u00e1n\u00e1sm\u00f3dnak tett\u00e9k ki. Porr\u00e1 \u0151r\u00f6lve k\u00e9pesek voltak elemi \u00f6sszet\u00e9tel\u00e9t elemezni.<\/p>\n\n<h2 class=\"wp-block-heading\">Elemek szimf\u00f3ni\u00e1ja<\/h2>\n\n<p>A csapat legal\u00e1bb 39 elem v\u00e1ltozatos sk\u00e1l\u00e1j\u00e1t fedezte fel az iPhone-ban, \u00e9s m\u00e9g sok m\u00e1sra is lehet\u0151s\u00e9g van. A legnagyobb mennyis\u00e9gben vas, szil\u00edcium \u00e9s kr\u00f3m volt.<\/p>\n\n<h2 class=\"wp-block-heading\">Kritikus elemek: aggodalomra okot ad\u00f3<\/h2>\n\n<p>K\u00fcl\u00f6n\u00f6sen \u00e9rdekes volt a kritikus elemek jelenl\u00e9te, amelyek ritka anyagok, \u00e9s ell\u00e1t\u00e1si kock\u00e1zatokkal n\u00e9znek szembe. Az iPhone jelent\u0151s mennyis\u00e9g\u0171 volfr\u00e1mot, kobaltot, molibd\u00e9nt, neod\u00edmiumot \u00e9s prazeod\u00edmiumot tartalmazott.<\/p>\n\n<h2 class=\"wp-block-heading\">Nemesf\u00e9mek: egy rejtett kincs<\/h2>\n\n<p>Meglep\u0151 m\u00f3don a kutat\u00f3k nyomokban nemesf\u00e9meket is tal\u00e1ltak, k\u00f6zt\u00fck 90 milligramm ez\u00fcst\u00f6t \u00e9s 36 milligramm aranyat. Az aranynak ez a koncentr\u00e1ci\u00f3ja 100-szor magasabb, mint amit a geol\u00f3gusok egy \u00e1sv\u00e1nyi er\u0151forr\u00e1sban \u201emagas fok\u00fanak\u201d tekinten\u00e9nek.<\/p>\n\n<h2 class=\"wp-block-heading\">A b\u00e1ny\u00e1szat k\u00f6rnyezeti hat\u00e1sa<\/h2>\n\n<p>Ezen f\u00e9mek \u00e9s \u00e1sv\u00e1nyok kitermel\u00e9se jelent\u0151s k\u00f6rnyezeti k\u00f6lts\u00e9gekkel j\u00e1r. A b\u00e1ny\u00e1szati m\u0171veletek nagy lyukakat hagyhatnak a f\u00f6ldben, \u00e9s szennyezhetik a k\u00f6zeli \u00f6kosziszt\u00e9m\u00e1kat.<\/p>\n\n<h2 class=\"wp-block-heading\">Emberi jogi vissza\u00e9l\u00e9sek: egy s\u00f6t\u00e9t val\u00f3s\u00e1g<\/h2>\n\n<p>Egyes esetekben a b\u00e1ny\u00e1szatot sz\u00f6rny\u0171 emberi jogi vissza\u00e9l\u00e9sekkel hozt\u00e1k \u00f6sszef\u00fcgg\u00e9sbe. A kobaltb\u00e1ny\u00e1szat a Kong\u00f3i Demokratikus K\u00f6zt\u00e1rsas\u00e1gban tele van a gyermekmunka bizony\u00edt\u00e9kaival, m\u00edg az \u00f3n, a volfr\u00e1m \u00e9s a tant\u00e1l kereskedelme a h\u00e1bor\u00fas \u00f6vezetekben a fegyveres konfliktusok finansz\u00edroz\u00e1s\u00e1ra haszn\u00e1lhat\u00f3.<\/p>\n\n<h2 class=\"wp-block-heading\">Az \u00fajrahasznos\u00edt\u00e1s fontoss\u00e1ga<\/h2>\n\n<p>Az okostelefon-gy\u00e1rt\u00e1s k\u00f6rnyezeti \u00e9s t\u00e1rsadalmi hat\u00e1sainak enyh\u00edt\u00e9s\u00e9hez az \u00fajrahasznos\u00edt\u00e1s elengedhetetlen. Az anyagok \u00fajrafelhaszn\u00e1l\u00e1s\u00e1val cs\u00f6kkenthetj\u00fck a b\u00e1ny\u00e1szat sz\u00fcks\u00e9gess\u00e9g\u00e9t \u00e9s annak k\u00f6vetkezm\u00e9nyeit.<\/p>\n\n<h2 class=\"wp-block-heading\">Az Apple fenntarthat\u00f3s\u00e1gi er\u0151fesz\u00edt\u00e9sei<\/h2>\n\n<p>Az Apple bejelentette az \u00fajrahasznos\u00edt\u00e1s el\u0151mozd\u00edt\u00e1s\u00e1ra \u00e9s a b\u00e1ny\u00e1szati gyakorlatokban t\u00f6rt\u00e9n\u0151 kizs\u00e1km\u00e1nyol\u00e1s elleni k\u00fczdelemre ir\u00e1nyul\u00f3 terveket. Ezek a kezdem\u00e9nyez\u00e9sek azonban m\u00e9g nem val\u00f3sultak meg teljes m\u00e9rt\u00e9kben.<\/p>\n\n<h2 class=\"wp-block-heading\">A tudatoss\u00e1g n\u00f6vel\u00e9se \u00e9s a v\u00e1ltoz\u00e1s el\u0151seg\u00edt\u00e9se<\/h2>\n\n<p>A Plymouth Egyetem iPhone-z\u00faz\u00f3 projektje c\u00e9lja a kritikus elemekkel \u00e9s az okostelefon-gy\u00e1rt\u00e1ssal kapcsolatos lehets\u00e9ges k\u00f6rnyezeti \u00e9s emberi jogi k\u00e9rd\u00e9sekkel kapcsolatos tudatoss\u00e1g n\u00f6vel\u00e9se.<\/p>\n\n<h2 class=\"wp-block-heading\">Felh\u00edv\u00e1s cselekv\u00e9sre<\/h2>\n\n<p>Fogyaszt\u00f3k\u00e9nt szerepet j\u00e1tszhatunk az okostelefon-\u00fajrahasznos\u00edt\u00e1s \u00f6szt\u00f6nz\u00e9s\u00e9ben \u00e9s a fenntarthat\u00f3 gyakorlatok t\u00e1mogat\u00e1s\u00e1ban. Eszk\u00f6zeink m\u00f6g\u00f6tt megh\u00faz\u00f3d\u00f3 anyagok tudatos\u00edt\u00e1s\u00e1val pozit\u00edv v\u00e1ltoz\u00e1st id\u00e9zhet\u00fcnk el\u0151 az elektronikai iparban.<\/p>","protected":false},"excerpt":{"rendered":"<p>Mi van az iPhone-odban: k\u00e9miai bont\u00e1s A f\u00e9mek \u00e9s \u00e1sv\u00e1nyok rejtett vil\u00e1g\u00e1nak felt\u00e1r\u00e1sa Gondolkodt\u00e1l m\u00e1r azon, mi lappang iPhone-od eleg\u00e1ns k\u00fcls\u0151 burkolata alatt? A tud\u00f3sok szokatlan m\u00f3dszert tal\u00e1ltak ki, hogy&hellip;<\/p>\n","protected":false},"author":6,"featured_media":23695,"comment_status":"closed","ping_status":"closed","sticky":false,"template":"","format":"standard","meta":{"footnotes":""},"categories":[999],"tags":[995,996,69,120,994,368,997,998],"class_list":["post-385","post","type-post","status-publish","format-standard","has-post-thumbnail","hentry","category-technology","tag-chemical-composition","tag-critical-elements","tag-human-rights","tag-sustainability","tag-iphone","tag-environmental-impact","tag-precious-metals","tag-recycling"],"_links":{"self":[{"href":"https:\/\/www.lifescienceart.com\/hu\/wp-json\/wp\/v2\/posts\/385","targetHints":{"allow":["GET"]}}],"collection":[{"href":"https:\/\/www.lifescienceart.com\/hu\/wp-json\/wp\/v2\/posts"}],"about":[{"href":"https:\/\/www.lifescienceart.com\/hu\/wp-json\/wp\/v2\/types\/post"}],"author":[{"embeddable":true,"href":"https:\/\/www.lifescienceart.com\/hu\/wp-json\/wp\/v2\/users\/6"}],"replies":[{"embeddable":true,"href":"https:\/\/www.lifescienceart.com\/hu\/wp-json\/wp\/v2\/comments?post=385"}],"version-history":[{"count":1,"href":"https:\/\/www.lifescienceart.com\/hu\/wp-json\/wp\/v2\/posts\/385\/revisions"}],"predecessor-version":[{"id":386,"href":"https:\/\/www.lifescienceart.com\/hu\/wp-json\/wp\/v2\/posts\/385\/revisions\/386"}],"wp:featuredmedia":[{"embeddable":true,"href":"https:\/\/www.lifescienceart.com\/hu\/wp-json\/wp\/v2\/media\/23695"}],"wp:attachment":[{"href":"https:\/\/www.lifescienceart.com\/hu\/wp-json\/wp\/v2\/media?parent=385"}],"wp:term":[{"taxonomy":"category","embeddable":true,"href":"https:\/\/www.lifescienceart.com\/hu\/wp-json\/wp\/v2\/categories?post=385"},{"taxonomy":"post_tag","embeddable":true,"href":"https:\/\/www.lifescienceart.com\/hu\/wp-json\/wp\/v2\/tags?post=385"}],"curies":[{"name":"wp","href":"https:\/\/api.w.org\/{rel}","templated":true}]}}