{"id":4401,"date":"2020-09-01T09:44:34","date_gmt":"2020-09-01T09:44:34","guid":{"rendered":"https:\/\/www.lifescienceart.com\/?p=4401"},"modified":"2020-09-01T09:44:34","modified_gmt":"2020-09-01T09:44:34","slug":"covid-19-smell-disorders-parosmia-phantosmia","status":"publish","type":"post","link":"https:\/\/www.lifescienceart.com\/hu\/science\/health-and-medicine\/covid-19-smell-disorders-parosmia-phantosmia\/","title":{"rendered":"COVID-19 \u00e9s a szagl\u00e1si zavarok: parosmia \u00e9s fantosmia"},"content":{"rendered":"<h2 class=\"wp-block-heading\">COVID-19 \u00e9s a szagl\u00e1si zavarok: parosmia \u00e9s fantosmia<\/h2>\n\n<p>A COVID-19 befoly\u00e1solhatja a szagl\u00e1st, ami k\u00fcl\u00f6nb\u00f6z\u0151 t\u00fcneteket okozhat, t\u00f6bbek k\u00f6z\u00f6tt szagl\u00e1sveszt\u00e9st, parosmi\u00e1t \u00e9s fantosmi\u00e1t.<\/p>\n\n<h2 class=\"wp-block-heading\">Szagl\u00e1sveszt\u00e9s<\/h2>\n\n<p>A szagl\u00e1sveszt\u00e9s vagy anosmia a COVID-19 gyakori t\u00fcnete, amely a betegek ak\u00e1r 86%-\u00e1t is \u00e9rinti. A legt\u00f6bben n\u00e9h\u00e1ny h\u00e9ten bel\u00fcl visszanyerik a szagl\u00e1sukat, de egyesekn\u00e9l tart\u00f3s szagl\u00e1sveszt\u00e9s alakulhat ki.<\/p>\n\n<h2 class=\"wp-block-heading\">Parosmia<\/h2>\n\n<p>A parosmia a szagl\u00e1s torzul\u00e1sa, amely miatt a dolgok kellemetlennek vagy ak\u00e1r visszatasz\u00edt\u00f3nak t\u0171nnek. Ez a COVID-19 gyakori t\u00fcnete, amely a betegek k\u00f6r\u00fclbel\u00fcl 7%-\u00e1t \u00e9rinti. A parosmia kiv\u00e1lt\u00f3i lehetnek olyan \u00e9telek, mint a k\u00e1v\u00e9, a csokol\u00e1d\u00e9 \u00e9s a v\u00f6r\u00f6sbor.<\/p>\n\n<h2 class=\"wp-block-heading\">Fantosmia<\/h2>\n\n<p>A fantosmia egy olyan \u00e1llapot, amelyben az emberek olyan szagokat \u00e9reznek, amelyek nincsenek jelen a k\u00f6rnyezetben. Ezek a szagok m\u00fal\u00f3ak lehetnek, vagy hosszabb ideig is fenn\u00e1llhatnak, \u00e9s gyakran kellemetlenek, p\u00e9ld\u00e1ul a cigarettaf\u00fcst vagy az \u00e9g\u0151 fa szaga.<\/p>\n\n<h2 class=\"wp-block-heading\">A szagl\u00e1si zavarok okai COVID-19 eset\u00e9n<\/h2>\n\n<p>A COVID-19-et okoz\u00f3 SARS-CoV-2 v\u00edrus k\u00e1ros\u00edthatja azokat a szagl\u00f3idegsejteket, amelyek a szaginform\u00e1ci\u00f3kat tov\u00e1bb\u00edtj\u00e1k az agyba. K\u00e1ros\u00edthatja az ezeket az idegsejteket k\u00f6r\u00fclvev\u0151 t\u00e1maszt\u00f3sejteket is, \u00e9s ezzel k\u00e1ros\u00edtja a m\u0171k\u00f6d\u00e9s\u00fcket. Ezenk\u00edv\u00fcl a v\u00edrus \u00e1ltal okozott gyullad\u00e1s megzavarhatja az idegm\u0171k\u00f6d\u00e9st, \u00e9s hozz\u00e1j\u00e1rulhat a szagl\u00e1si zavarokhoz.<\/p>\n\n<h2 class=\"wp-block-heading\">Fel\u00e9p\u00fcl\u00e9s a szagl\u00e1si zavarokb\u00f3l<\/h2>\n\n<p>Az idegsejtek k\u00e1rosod\u00e1s ut\u00e1ni regener\u00e1l\u00f3d\u00e1sa lehets\u00e9ges, de id\u0151be telhet, ak\u00e1r k\u00e9t \u00e9vbe vagy m\u00e9g t\u00f6bbe. A fel\u00e9p\u00fcl\u00e9s sor\u00e1n a betegek parosmi\u00e1t tapasztalhatnak, mivel a szagl\u00f3rendszer fokozatosan helyre\u00e1ll.<\/p>\n\n<h2 class=\"wp-block-heading\">A parosmia \u00e9s a fantosmia kiv\u00e1lt\u00f3i<\/h2>\n\n<p>Bizonyos \u00e9telek \u00e9s szagok kiv\u00e1lthatj\u00e1k a parosmi\u00e1t \u00e9s a fantosmi\u00e1t a COVID-19-ben szenved\u0151 betegekn\u00e9l. A gyakori kiv\u00e1lt\u00f3k a k\u00f6vetkez\u0151k:<\/p>\n\n<ul class=\"wp-block-list\">\n<li>Benzin<\/li>\n<li>Doh\u00e1ny<\/li>\n<li>K\u00e1v\u00e9<\/li>\n<li>Parf\u00fcm\u00f6k<\/li>\n<li>Csokol\u00e1d\u00e9<\/li>\n<li>N\u00f6v\u00e9nyi olajok (pl. tortilla chips, s\u00fclt krumpli)<\/li>\n<\/ul>\n\n<h2 class=\"wp-block-heading\">A szagl\u00e1si zavarok kezel\u00e9se<\/h2>\n\n<p>Jelenleg nincs hat\u00e1rozott kezel\u00e9s a COVID-19-hez t\u00e1rsul\u00f3 szagl\u00e1si zavarokra. Azonban a folyamatban l\u00e9v\u0151 kutat\u00e1sok k\u00fcl\u00f6nf\u00e9le megk\u00f6zel\u00edt\u00e9seket vizsg\u00e1lnak, t\u00f6bbek k\u00f6z\u00f6tt:<\/p>\n\n<ul class=\"wp-block-list\">\n<li>Halolaj-kieg\u00e9sz\u00edt\u0151k<\/li>\n<li>Transzkrani\u00e1lis stimul\u00e1ci\u00f3<\/li>\n<li>Szagl\u00e1si \u00e1tk\u00e9pz\u0151 gyakorlatok<\/li>\n<\/ul>\n\n<h2 class=\"wp-block-heading\">A szagl\u00e1si zavarok hat\u00e1sa az \u00e9letmin\u0151s\u00e9gre<\/h2>\n\n<p>A szagl\u00e1si zavarok jelent\u0151sen befoly\u00e1solhatj\u00e1k az \u00e9letmin\u0151s\u00e9get, \u00e9s hat\u00e1ssal vannak az \u00e9telek \u00e9lvezet\u00e9re, a t\u00e1rsas interakci\u00f3kra \u00e9s az \u00e9rzelmi j\u00f3ll\u00e9tre. A betegek szorong\u00e1st, depresszi\u00f3t \u00e9s t\u00e1rsadalmi elszigetelts\u00e9get tapasztalhatnak a megv\u00e1ltozott szagl\u00e1suk miatt.<\/p>\n\n<h2 class=\"wp-block-heading\">Folyamatban l\u00e9v\u0151 kutat\u00e1sok<\/h2>\n\n<p>A szagl\u00e1si zavarok elterjedts\u00e9ge a COVID-19 eset\u00e9n fokozta a kutat\u00e1sokat a kemoszenzoros tudom\u00e1nyok ter\u00fclet\u00e9n. A glob\u00e1lis egy\u00fcttm\u0171k\u00f6d\u00e9sek a k\u00e9miai \u00e9rz\u00e9kek \u00e9s a COVID-19 k\u00f6z\u00f6tti kapcsolatot vizsg\u00e1lj\u00e1k, \u00e9s \u00faj kezel\u00e9seket \u00e9s strat\u00e9gi\u00e1kat keresnek a gy\u00f3gyul\u00e1shoz.<\/p>","protected":false},"excerpt":{"rendered":"<p>COVID-19 \u00e9s a szagl\u00e1si zavarok: parosmia \u00e9s fantosmia A COVID-19 befoly\u00e1solhatja a szagl\u00e1st, ami k\u00fcl\u00f6nb\u00f6z\u0151 t\u00fcneteket okozhat, t\u00f6bbek k\u00f6z\u00f6tt szagl\u00e1sveszt\u00e9st, parosmi\u00e1t \u00e9s fantosmi\u00e1t. Szagl\u00e1sveszt\u00e9s A szagl\u00e1sveszt\u00e9s vagy anosmia a COVID-19&hellip;<\/p>\n","protected":false},"author":6,"featured_media":0,"comment_status":"closed","ping_status":"","sticky":false,"template":"","format":"standard","meta":{"footnotes":""},"categories":[463],"tags":[443,8001,8002,8000,8003,700],"class_list":["post-4401","post","type-post","status-publish","format-standard","hentry","category-health-and-medicine","tag-covid-19","tag-parosmia","tag-phantosmia","tag-smell-disorders","tag-olfactory-dysfunction","tag-sensory-science"],"_links":{"self":[{"href":"https:\/\/www.lifescienceart.com\/hu\/wp-json\/wp\/v2\/posts\/4401","targetHints":{"allow":["GET"]}}],"collection":[{"href":"https:\/\/www.lifescienceart.com\/hu\/wp-json\/wp\/v2\/posts"}],"about":[{"href":"https:\/\/www.lifescienceart.com\/hu\/wp-json\/wp\/v2\/types\/post"}],"author":[{"embeddable":true,"href":"https:\/\/www.lifescienceart.com\/hu\/wp-json\/wp\/v2\/users\/6"}],"replies":[{"embeddable":true,"href":"https:\/\/www.lifescienceart.com\/hu\/wp-json\/wp\/v2\/comments?post=4401"}],"version-history":[{"count":1,"href":"https:\/\/www.lifescienceart.com\/hu\/wp-json\/wp\/v2\/posts\/4401\/revisions"}],"predecessor-version":[{"id":4402,"href":"https:\/\/www.lifescienceart.com\/hu\/wp-json\/wp\/v2\/posts\/4401\/revisions\/4402"}],"wp:attachment":[{"href":"https:\/\/www.lifescienceart.com\/hu\/wp-json\/wp\/v2\/media?parent=4401"}],"wp:term":[{"taxonomy":"category","embeddable":true,"href":"https:\/\/www.lifescienceart.com\/hu\/wp-json\/wp\/v2\/categories?post=4401"},{"taxonomy":"post_tag","embeddable":true,"href":"https:\/\/www.lifescienceart.com\/hu\/wp-json\/wp\/v2\/tags?post=4401"}],"curies":[{"name":"wp","href":"https:\/\/api.w.org\/{rel}","templated":true}]}}