{"id":5501,"date":"2022-01-19T20:23:30","date_gmt":"2022-01-19T20:23:30","guid":{"rendered":"https:\/\/www.lifescienceart.com\/?p=5501"},"modified":"2022-01-19T20:23:30","modified_gmt":"2022-01-19T20:23:30","slug":"grow-aloe-ferox-comprehensive-guide","status":"publish","type":"post","link":"https:\/\/www.lifescienceart.com\/hu\/science\/botany\/grow-aloe-ferox-comprehensive-guide\/","title":{"rendered":"Hogyan termeszthet Aloe feroxot: egy \u00e1tfog\u00f3 \u00fatmutat\u00f3"},"content":{"rendered":"<h2 class=\"wp-block-heading\">Hogyan termeszthet Aloe feroxot: egy \u00e1tfog\u00f3 \u00fatmutat\u00f3<\/h2>\n\n<h2 class=\"wp-block-heading\">\u00c1ttekint\u00e9s<\/h2>\n\n<p>Az Aloe ferox, m\u00e1s n\u00e9ven Cape aloe vagy keser\u0171 aloe, egy zamatos \u00f6r\u00f6kz\u00f6ld, amely D\u00e9l-Afrik\u00e1ban \u0151shonos. Vastag, fogazott leveleir\u0151l \u00e9s narancss\u00e1rga vir\u00e1gokb\u00f3l \u00e1ll\u00f3 magas oszlopaib\u00f3l ismert. Ez a cikk \u00e1tfog\u00f3 \u00fatmutat\u00f3t ny\u00fajt az Aloe ferox termeszt\u00e9s\u00e9hez \u00e9s gondoz\u00e1s\u00e1hoz, mind belt\u00e9ren, mind k\u00fclt\u00e9ren.<\/p>\n\n<h2 class=\"wp-block-heading\">N\u00f6veked\u00e9si k\u00f6vetelm\u00e9nyek<\/h2>\n\n<p><strong>Napf\u00e9ny:<\/strong> Az Aloe ferox teljes naps\u00fct\u00e9sben vir\u00e1gzik, de nagyon meleg \u00e9ghajlaton elviseli a vil\u00e1gos d\u00e9lut\u00e1ni \u00e1rny\u00e9kot is.<\/p>\n\n<p><strong>Talaj:<\/strong> J\u00f3l v\u00edzelvezet\u0151, homokos v\u00e1lyogtalajba \u00fcltessen. V\u00e1s\u00e1rolhat kaktuszf\u00f6ld kever\u00e9ket, vagy perlitet vagy durva homokot adhat a szok\u00e1sos vir\u00e1gf\u00f6ldh\u00f6z a v\u00edzelvezet\u00e9s jav\u00edt\u00e1sa \u00e9rdek\u00e9ben.<\/p>\n\n<p><strong>V\u00edz:<\/strong> Az Aloe ferox sz\u00e1razs\u00e1gt\u0171r\u0151 \u00e9s ritka \u00f6nt\u00f6z\u00e9st r\u00e9szes\u00edt el\u0151nyben. Hagyja, hogy a talaj teljesen kisz\u00e1radjon, miel\u0151tt m\u00e9lyen \u00f6nt\u00f6zi. A t\u00fal\u00f6nt\u00f6z\u00e9s gy\u00f6k\u00e9rrothad\u00e1shoz vezethet.<\/p>\n\n<p><strong>H\u0151m\u00e9rs\u00e9klet \u00e9s p\u00e1ratartalom:<\/strong> Az Aloe ferox meleg, m\u00e9rs\u00e9kelt \u00e9ghajlatot kedvel, \u00e9s -3,9 \u00b0C alatti vagy 46,1 \u00b0C feletti h\u0151m\u00e9rs\u00e9kletet nem toler\u00e1l. Sz\u00e1raz k\u00f6r\u00fclm\u00e9nyekhez szokott, \u00e9s j\u00f3l alkalmazkodik az \u00e1tlagos belt\u00e9ri p\u00e1ratartalomhoz.<\/p>\n\n<p><strong>M\u0171tr\u00e1gya:<\/strong> Az Aloe feroxnak minim\u00e1lis m\u0171tr\u00e1gy\u00e1ra van sz\u00fcks\u00e9ge. A szoban\u00f6v\u00e9nyeket kora tavasszal, f\u00e9l er\u0151ss\u00e9g\u0171re h\u00edg\u00edtott, kiegyens\u00falyozott foly\u00e9kony szoban\u00f6v\u00e9ny m\u0171tr\u00e1gy\u00e1val tr\u00e1gy\u00e1zza.<\/p>\n\n<h2 class=\"wp-block-heading\">Gondoz\u00e1s<\/h2>\n\n<p><strong>Visszametsz\u00e9s:<\/strong> Az Aloe feroxnak nincs sz\u00fcks\u00e9ge rendszeres metsz\u00e9sre. Sz\u00fcks\u00e9g eset\u00e9n azonban elt\u00e1vol\u00edthatja a n\u00f6v\u00e9ny t\u00f6v\u00e9n\u00e9l l\u00e9v\u0151 elhalt vagy s\u00e9r\u00fclt leveleket.<\/p>\n\n<p><strong>Szapor\u00edt\u00e1s:<\/strong> Az Aloe feroxot \u00fagy szapor\u00edthatja, hogy dugv\u00e1nyokat vesz az \u00e9rett n\u00f6v\u00e9nyekb\u0151l. Hagyja, hogy a dugv\u00e1nyok n\u00e9h\u00e1ny napig k\u00e9rgesedjenek, miel\u0151tt kaktuszf\u00f6ldbe \u00fcltetn\u00e9 \u0151ket. Tartsa nedvesen a talajt, de ker\u00fclje a t\u00fal\u00f6nt\u00f6z\u00e9st.<\/p>\n\n<p><strong>Magb\u00f3l t\u00f6rt\u00e9n\u0151 termeszt\u00e9s:<\/strong> Az Aloe ferox magb\u00f3l t\u00f6rt\u00e9n\u0151 termeszt\u00e9se is lehets\u00e9ges, de t\u00f6bb \u00e9vbe telhet, mire vir\u00e1gzik. Vesse el a magokat egy szemcs\u00e9s, j\u00f3l v\u00edzelvezet\u0151 magkezd\u0151 kever\u00e9kbe, \u00e9s tartsa egyenletesen nedvesen a n\u00f6veked\u00e9si k\u00f6zeget. Amikor a n\u00f6v\u00e9nyek k\u00f6r\u00fclbel\u00fcl 2,5 cm magasak, k\u00fcl\u00f6n-k\u00fcl\u00f6n cser\u00e9pbe \u00fcltesse \u00e1t \u0151ket.<\/p>\n\n<p><strong>K\u00e1rtev\u0151k \u00e9s betegs\u00e9gek:<\/strong> Az Aloe ferox fog\u00e9kony a szok\u00e1sos szoban\u00f6v\u00e9nyi k\u00e1rtev\u0151kre, p\u00e9ld\u00e1ul a tak\u00e1csatk\u00e1kra \u00e9s a sz\u00fanyogl\u00e1rv\u00e1kra, valamint a nemzets\u00e9gre jellemz\u0151 k\u00e1rtev\u0151kre, p\u00e9ld\u00e1ul az ep\u00e9s atk\u00e1kra. A t\u00fal\u00f6nt\u00f6z\u00f6tt n\u00f6v\u00e9nyek fog\u00e9konyak a gy\u00f6k\u00e9rrothad\u00e1sra vagy a korona rothad\u00e1s\u00e1ra.<\/p>\n\n<h2 class=\"wp-block-heading\">Vir\u00e1gz\u00e1s<\/h2>\n\n<p>Az Aloe ferox n\u00f6v\u00e9nyeknek sok er\u0151s napf\u00e9nyre \u00e9s megfelel\u0151 v\u00edzre van sz\u00fcks\u00e9g\u00fck a vir\u00e1gz\u00e1shoz. Att\u00f3l f\u00fcgg\u0151en, hogy hol termesztik \u0151ket, \u0151sszel, t\u00e9len vagy kora tavasszal vir\u00e1gozhatnak. A vir\u00e1gok \u00e1ltal\u00e1ban \u00e9l\u00e9nk narancss\u00e1rg\u00e1k vagy pirosak, de lehetnek s\u00e1rg\u00e1k, r\u00f3zsasz\u00ednek vagy feh\u00e9rek is.<\/p>\n\n<h2 class=\"wp-block-heading\">Gyakori probl\u00e9m\u00e1k<\/h2>\n\n<p><strong>Puha, p\u00e9pes levelek:<\/strong> A t\u00fal\u00f6nt\u00f6z\u00e9s puha, p\u00e9pes levelekhez vezethet. \u00dcltesse \u00e1t a n\u00f6v\u00e9nyt egy szemcs\u00e9s, gyorsan lecsapolt pozsg\u00e1s kever\u00e9kbe, \u00e9s hagyja, hogy teljesen kisz\u00e1radjon, miel\u0151tt \u00f6nt\u00f6zi.<\/p>\n\n<p><strong>S\u00e1rga vagy barna foltok a leveleken:<\/strong> A levelek s\u00f6t\u00e9t foltjai az Aloe rozsda t\u00fcnete lehet, egy gomb\u00e1s betegs\u00e9g. V\u00e1gja ki a n\u00f6v\u00e9ny beteg r\u00e9szeit, \u00e9s kezelje szerves gomba\u00f6l\u0151vel.<\/p>\n\n<p><strong>Fekete vagy barna sz\u00e1r:<\/strong> A fekete vagy barna sz\u00e1r, amely puha, a gy\u00f6k\u00e9rrothad\u00e1s t\u00fcnete lehet. A n\u00f6v\u00e9ny megment\u00e9s\u00e9hez \u00e1t\u00fcltet\u00e9sre lehet sz\u00fcks\u00e9g.<\/p>\n\n<h2 class=\"wp-block-heading\">Gyakran ism\u00e9telt k\u00e9rd\u00e9sek<\/h2>\n\n<h2 class=\"wp-block-heading\">Az Aloe ferox ugyanaz, mint az Aloe vera?<\/h2>\n\n<p>Nem, az Aloe ferox \u00e9s az Aloe vera k\u00fcl\u00f6n fajok. Az Aloe feroxnak fogazott lev\u00e9lsz\u00e9lei, gyertyaszer\u0171 vir\u00e1gsz\u00e1rai \u00e9s magas, faszer\u0171 n\u00f6veked\u00e9si szok\u00e1sa van.<\/p>\n\n<h2 class=\"wp-block-heading\">Mekkora lesz az Aloe ferox?<\/h2>\n\n<p>A szabadban termesztett Aloe ferox n\u00f6v\u00e9nyek 3,6 m magasra \u00e9s 1,5 m sz\u00e9lesre n\u0151hetnek, amikor el\u00e9rik a \u0437\u0440\u0435\u043b\u043e\u0441\u0442\u044c.<\/p>\n\n<h2 class=\"wp-block-heading\">Az Aloe ferox \u00f6r\u00f6kz\u00f6ld?<\/h2>\n\n<p>Igen, az Aloe ferox egy \u00f6r\u00f6kz\u00f6ld pozsg\u00e1s n\u00f6v\u00e9ny, ami azt jelenti, hogy eg\u00e9sz \u00e9vben meg\u0151rzi z\u00f6ld leveleit.<\/p>","protected":false},"excerpt":{"rendered":"<p>Hogyan termeszthet Aloe feroxot: egy \u00e1tfog\u00f3 \u00fatmutat\u00f3 \u00c1ttekint\u00e9s Az Aloe ferox, m\u00e1s n\u00e9ven Cape aloe vagy keser\u0171 aloe, egy zamatos \u00f6r\u00f6kz\u00f6ld, amely D\u00e9l-Afrik\u00e1ban \u0151shonos. Vastag, fogazott leveleir\u0151l \u00e9s narancss\u00e1rga vir\u00e1gokb\u00f3l&hellip;<\/p>\n","protected":false},"author":6,"featured_media":0,"comment_status":"closed","ping_status":"","sticky":false,"template":"","format":"standard","meta":{"footnotes":""},"categories":[1823],"tags":[9724,6251,8848,9725,9032],"class_list":["post-5501","post","type-post","status-publish","format-standard","hentry","category-botany","tag-aloe-ferox","tag-medicinal-plants","tag-gardening","tag-succulents","tag-houseplants"],"_links":{"self":[{"href":"https:\/\/www.lifescienceart.com\/hu\/wp-json\/wp\/v2\/posts\/5501","targetHints":{"allow":["GET"]}}],"collection":[{"href":"https:\/\/www.lifescienceart.com\/hu\/wp-json\/wp\/v2\/posts"}],"about":[{"href":"https:\/\/www.lifescienceart.com\/hu\/wp-json\/wp\/v2\/types\/post"}],"author":[{"embeddable":true,"href":"https:\/\/www.lifescienceart.com\/hu\/wp-json\/wp\/v2\/users\/6"}],"replies":[{"embeddable":true,"href":"https:\/\/www.lifescienceart.com\/hu\/wp-json\/wp\/v2\/comments?post=5501"}],"version-history":[{"count":1,"href":"https:\/\/www.lifescienceart.com\/hu\/wp-json\/wp\/v2\/posts\/5501\/revisions"}],"predecessor-version":[{"id":5502,"href":"https:\/\/www.lifescienceart.com\/hu\/wp-json\/wp\/v2\/posts\/5501\/revisions\/5502"}],"wp:attachment":[{"href":"https:\/\/www.lifescienceart.com\/hu\/wp-json\/wp\/v2\/media?parent=5501"}],"wp:term":[{"taxonomy":"category","embeddable":true,"href":"https:\/\/www.lifescienceart.com\/hu\/wp-json\/wp\/v2\/categories?post=5501"},{"taxonomy":"post_tag","embeddable":true,"href":"https:\/\/www.lifescienceart.com\/hu\/wp-json\/wp\/v2\/tags?post=5501"}],"curies":[{"name":"wp","href":"https:\/\/api.w.org\/{rel}","templated":true}]}}