{"id":5505,"date":"2021-03-14T14:03:45","date_gmt":"2021-03-14T14:03:45","guid":{"rendered":"https:\/\/www.lifescienceart.com\/?p=5505"},"modified":"2021-03-14T14:03:45","modified_gmt":"2021-03-14T14:03:45","slug":"small-patio-ideas-maximize-outdoor-space","status":"publish","type":"post","link":"https:\/\/www.lifescienceart.com\/hu\/life\/home-and-garden\/small-patio-ideas-maximize-outdoor-space\/","title":{"rendered":"Kis terasz \u00f6tletek: Haszn\u00e1ld ki maxim\u00e1lisan a k\u00fclt\u00e9ri teredet"},"content":{"rendered":"<h2 class=\"wp-block-heading\">Kis terasz \u00f6tletek: Maximaliz\u00e1ld a k\u00fclt\u00e9ri teret<\/h2>\n\n<h2 class=\"wp-block-heading\">K\u00e9nyelmes k\u00fclt\u00e9ri ter\u00fcletek kialak\u00edt\u00e1sa<\/h2>\n\n<p>A kis teraszok megh\u00edv\u00f3 k\u00fclt\u00e9ri mened\u00e9kk\u00e9 alak\u00edthat\u00f3k \u00e1t \u00e1tgondolt tervez\u00e9ssel \u00e9s \u00fcgyes helykihaszn\u00e1l\u00e1ssal. Fontold meg egy dedik\u00e1lt \u00fcl\u0151sarok kialak\u00edt\u00e1s\u00e1t k\u00e9nyelmes b\u00fatorokkal, mint p\u00e9ld\u00e1ul k\u00e9t\u00fcl\u00e9ses kanap\u00e9k vagy fotelek, \u00e9s adj hozz\u00e1 egy doh\u00e1nyz\u00f3asztalt vagy oldals\u00f3 asztalokat a k\u00e9nyelem \u00e9rdek\u00e9ben.<\/p>\n\n<h2 class=\"wp-block-heading\">Maximaliz\u00e1ld a teret okos b\u00fatorokkal<\/h2>\n\n<p>V\u00e1lassz olyan b\u00fatorokat, amelyek kompaktak \u00e9s m\u00e9retben illeszkednek a kis teraszodhoz. Olyan t\u00f6bbc\u00e9l\u00fa darabok mellett d\u00f6nts, mint az ottom\u00e1nok vagy a puffok, amelyek \u00fcl\u0151helyk\u00e9nt vagy l\u00e1btart\u00f3k\u00e9nt is szolg\u00e1lhatnak. A be\u00e9p\u00edtett padok vagy \u00fcl\u0151k\u00e9k szint\u00e9n helyet takar\u00edthatnak meg \u00e9s meghat\u00e1rozhatj\u00e1k az \u00fcl\u0151helyeket.<\/p>\n\n<h2 class=\"wp-block-heading\">Fokozd az eszt\u00e9tik\u00e1t t\u00e9relv\u00e1laszt\u00f3kkal<\/h2>\n\n<p>A t\u00e9relv\u00e1laszt\u00f3k egyszerre funkcion\u00e1lisak \u00e9s st\u00edlusosak. A bambusz t\u00e9relv\u00e1laszt\u00f3k term\u00e9szetes \u00e9s k\u00f6rnyezetbar\u00e1t m\u00f3dot biztos\u00edtanak a mag\u00e1n\u00e9let v\u00e9delm\u00e9re, m\u00edg a fa l\u00e9ces t\u00e9relv\u00e1laszt\u00f3k modern \u00e9s kifinomult megjelen\u00e9st k\u00f6lcs\u00f6n\u00f6znek. Sz\u00f6vetf\u00fcgg\u00f6ny\u00f6k vagy \u00e1ttetsz\u0151 f\u00fcgg\u00f6ny\u00f6k is haszn\u00e1lhat\u00f3k a meghitt \u00e9s intim hangulat megteremt\u00e9s\u00e9re.<\/p>\n\n<h2 class=\"wp-block-heading\">Vil\u00e1g\u00edts meg kreat\u00edv vil\u00e1g\u00edt\u00e1ssal<\/h2>\n\n<p>A vil\u00e1g\u00edt\u00e1s d\u00f6nt\u0151 szerepet j\u00e1tszik a kis terasz hangulat\u00e1nak fokoz\u00e1s\u00e1ban. A f\u00e9nyf\u00fcz\u00e9rek, l\u00e1mp\u00e1sok \u00e9s fali l\u00e1mp\u00e1k hangulatvil\u00e1g\u00edt\u00e1st biztos\u00edthatnak, m\u00edg a reflektorf\u00e9nyek kiemelhetik a konkr\u00e9t ter\u00fcleteket vagy elemeket. Fontold meg a meleg t\u00f3nus\u00fa vil\u00e1g\u00edt\u00e1s haszn\u00e1lat\u00e1t a meghitt \u00e9s h\u00edvogat\u00f3 l\u00e9gk\u00f6r megteremt\u00e9s\u00e9hez.<\/p>\n\n<h2 class=\"wp-block-heading\">\u00c9p\u00edts be n\u00f6v\u00e9nyeket \u00e9s z\u00f6ldet<\/h2>\n\n<p>A n\u00f6v\u00e9nyek \u00e9s a z\u00f6ld \u00e9lettel \u00e9s sz\u00ednnel t\u00f6ltik meg a kis teraszokat. V\u00e1lassz olyan ed\u00e9nyeket \u00e9s vir\u00e1gtart\u00f3kat, amelyek kieg\u00e9sz\u00edtik a teraszod st\u00edlus\u00e1t \u00e9s m\u00e9ret\u00e9t. A magas n\u00f6v\u00e9nyek mag\u00e1n\u00e9letet teremthetnek, m\u00edg a fut\u00f3n\u00f6v\u00e9nyek l\u00e1gy\u00edthatj\u00e1k az \u00e9leket \u00e9s egy kis j\u00e1t\u00e9koss\u00e1got adhatnak.<\/p>\n\n<h2 class=\"wp-block-heading\">DIY projektek a szem\u00e9lyes hangulat megteremt\u00e9s\u00e9hez<\/h2>\n\n<p>A DIY projektekkel szem\u00e9lyes hangulatot adhatsz a kis teraszodnak. Fontold meg t\u00e9relv\u00e1laszt\u00f3 \u00e9p\u00edt\u00e9s\u00e9t, egy sz\u0151nyeg fest\u00e9s\u00e9t a betonra, vagy egyedi vir\u00e1gtart\u00f3k k\u00e9sz\u00edt\u00e9s\u00e9t. Ezek a projektek lehet\u0151v\u00e9 teszik, hogy a teraszodat az egyedi \u00edzl\u00e9sedhez \u00e9s st\u00edlusodhoz igaz\u00edtsd.<\/p>\n\n<h2 class=\"wp-block-heading\">K\u00f6lts\u00e9gk\u00edm\u00e9l\u0151 \u00f6tletek k\u00fclt\u00e9ri o\u00e1zisokhoz<\/h2>\n\n<p>A kis teraszod \u00e1talak\u00edt\u00e1sa nem felt\u00e9tlen\u00fcl jelenti azt, hogy t\u00f6nkre kell tenned magad. Hasznos\u00edts \u00fajra r\u00e9gi b\u00fatorokat, v\u00e1s\u00e1rolj m\u00e1sodk\u00e9zb\u0151l, vagy haszn\u00e1lj k\u00f6lts\u00e9gk\u00edm\u00e9l\u0151 anyagokat, mint p\u00e9ld\u00e1ul betonk\u0151 burkol\u00f3lapok vagy DIY vir\u00e1gtart\u00f3k. Egy kis kreativit\u00e1ssal st\u00edlusos \u00e9s h\u00edvogat\u00f3 k\u00fclt\u00e9ri teret hozhatsz l\u00e9tre an\u00e9lk\u00fcl, hogy egy vagyont k\u00f6lten\u00e9l r\u00e1.<\/p>\n\n<h2 class=\"wp-block-heading\">Kis terasz \u00e1talak\u00edt\u00e1sok: el\u0151tte-ut\u00e1na \u00e1talakul\u00e1sok<\/h2>\n\n<p>Miel\u0151tt belev\u00e1gn\u00e1l a kis teraszod \u00e1talak\u00edt\u00e1s\u00e1ba, mer\u00edts ihletet a val\u00f3s \u00e1talak\u00edt\u00e1sokb\u00f3l. Az online gal\u00e9ri\u00e1k \u00e9s a k\u00f6z\u00f6ss\u00e9gi m\u00e9dia platformok leny\u0171g\u00f6z\u0151 el\u0151tte-ut\u00e1na fot\u00f3kat mutatnak be, amelyek \u00f6tleteket adnak a diz\u00e1jnhoz, a b\u00fatorokhoz \u00e9s a dekor\u00e1ci\u00f3hoz.<\/p>\n\n<h2 class=\"wp-block-heading\">A kis teraszok tervez\u00e9s\u00e9nek v\u00e9gs\u0151 \u00fatmutat\u00f3ja<\/h2>\n\n<p>A kis teraszod megtervez\u00e9s\u00e9hez \u00e9s berendez\u00e9s\u00e9hez \u00e1tfog\u00f3 \u00fatmutat\u00e1s\u00e9rt fontold meg az online forr\u00e1sok vagy a t\u00e9m\u00e1nak szentelt k\u00f6nyvek konzult\u00e1l\u00e1s\u00e1t. Ezek az \u00fatmutat\u00f3k szak\u00e9rt\u0151i tan\u00e1csokat, inspir\u00e1ci\u00f3t \u00e9s gyakorlati tippeket k\u00edn\u00e1lnak, amelyek seg\u00edtenek a t\u00f6k\u00e9letes k\u00fclt\u00e9ri o\u00e1zis megalkot\u00e1s\u00e1ban.<\/p>\n\n<h2 class=\"wp-block-heading\">Kis terasz tervez\u00e9si tr\u00fckk\u00f6k \u00e9s titkok<\/h2>\n\n<p>Fedd fel a kis teraszok tervez\u00e9s\u00e9nek titkait \u00fcgyes tr\u00fckk\u00f6kkel \u00e9s praktik\u00e1kkal. Haszn\u00e1ld ki a f\u00fcgg\u0151leges teret f\u00fcgg\u0151 vir\u00e1gtart\u00f3kkal vagy polcokkal, hozz l\u00e9tre optikai ill\u00fazi\u00f3kat t\u00fckr\u00f6kkel, \u00e9s hat\u00e1rozz meg z\u00f3n\u00e1kat sz\u0151nyegekkel vagy elv\u00e1laszt\u00f3kkal. Ezen technik\u00e1k alkalmaz\u00e1s\u00e1val maximaliz\u00e1lhatod a kis teraszod funkcionalit\u00e1s\u00e1t \u00e9s st\u00edlus\u00e1t.<\/p>","protected":false},"excerpt":{"rendered":"<p>Kis terasz \u00f6tletek: Maximaliz\u00e1ld a k\u00fclt\u00e9ri teret K\u00e9nyelmes k\u00fclt\u00e9ri ter\u00fcletek kialak\u00edt\u00e1sa A kis teraszok megh\u00edv\u00f3 k\u00fclt\u00e9ri mened\u00e9kk\u00e9 alak\u00edthat\u00f3k \u00e1t \u00e1tgondolt tervez\u00e9ssel \u00e9s \u00fcgyes helykihaszn\u00e1l\u00e1ssal. Fontold meg egy dedik\u00e1lt \u00fcl\u0151sarok kialak\u00edt\u00e1s\u00e1t&hellip;<\/p>\n","protected":false},"author":4,"featured_media":0,"comment_status":"closed","ping_status":"","sticky":false,"template":"","format":"standard","meta":{"footnotes":""},"categories":[8825],"tags":[9730,9731,9732,9729,8952],"class_list":["post-5505","post","type-post","status-publish","format-standard","hentry","category-home-and-garden","tag-backyard-design","tag-space-saving-solutions","tag-cozy-outdoor-spaces","tag-small-patio-ideas","tag-outdoor-living"],"_links":{"self":[{"href":"https:\/\/www.lifescienceart.com\/hu\/wp-json\/wp\/v2\/posts\/5505","targetHints":{"allow":["GET"]}}],"collection":[{"href":"https:\/\/www.lifescienceart.com\/hu\/wp-json\/wp\/v2\/posts"}],"about":[{"href":"https:\/\/www.lifescienceart.com\/hu\/wp-json\/wp\/v2\/types\/post"}],"author":[{"embeddable":true,"href":"https:\/\/www.lifescienceart.com\/hu\/wp-json\/wp\/v2\/users\/4"}],"replies":[{"embeddable":true,"href":"https:\/\/www.lifescienceart.com\/hu\/wp-json\/wp\/v2\/comments?post=5505"}],"version-history":[{"count":1,"href":"https:\/\/www.lifescienceart.com\/hu\/wp-json\/wp\/v2\/posts\/5505\/revisions"}],"predecessor-version":[{"id":5506,"href":"https:\/\/www.lifescienceart.com\/hu\/wp-json\/wp\/v2\/posts\/5505\/revisions\/5506"}],"wp:attachment":[{"href":"https:\/\/www.lifescienceart.com\/hu\/wp-json\/wp\/v2\/media?parent=5505"}],"wp:term":[{"taxonomy":"category","embeddable":true,"href":"https:\/\/www.lifescienceart.com\/hu\/wp-json\/wp\/v2\/categories?post=5505"},{"taxonomy":"post_tag","embeddable":true,"href":"https:\/\/www.lifescienceart.com\/hu\/wp-json\/wp\/v2\/tags?post=5505"}],"curies":[{"name":"wp","href":"https:\/\/api.w.org\/{rel}","templated":true}]}}