{"id":5747,"date":"2022-01-16T19:05:45","date_gmt":"2022-01-16T19:05:45","guid":{"rendered":"https:\/\/www.lifescienceart.com\/?p=5747"},"modified":"2022-01-16T19:05:45","modified_gmt":"2022-01-16T19:05:45","slug":"avoid-these-gardening-hacks-for-optimal-plant-health","status":"publish","type":"post","link":"https:\/\/www.lifescienceart.com\/hu\/life\/gardening\/avoid-these-gardening-hacks-for-optimal-plant-health\/","title":{"rendered":"Kert\u00e9szeti m\u00edtoszok, amiket jobb elker\u00fclni: Szak\u00e9rt\u0151i tan\u00e1csok az optim\u00e1lis n\u00f6v\u00e9nyeg\u00e9szs\u00e9g\u00e9rt"},"content":{"rendered":"<h2 class=\"wp-block-heading\">Kert\u00e9szeti praktik\u00e1k, amelyeket ker\u00fclni kell: szak\u00e9rt\u0151i tan\u00e1csok az optim\u00e1lis n\u00f6v\u00e9nyi eg\u00e9szs\u00e9g \u00e9rdek\u00e9ben<\/h2>\n\n<p>A digit\u00e1lis korban a n\u00f6v\u00e9nyek n\u00f6veked\u00e9s\u00e9t el\u0151seg\u00edt\u0151 \u00e9s id\u0151t, valamint p\u00e9nzt megtakar\u00edt\u00f3 &#8220;praktik\u00e1k&#8221; b\u0151s\u00e9gesen fellelhet\u0151k. Azonban tapasztalt kert\u00e9szeti szakemberek szerint ezek a praktik\u00e1k nem mindig \u00e1llj\u00e1k meg a hely\u00fcket.<\/p>\n\n<h2 class=\"wp-block-heading\">Gyakori kert\u00e9szeti m\u00edtoszok ler\u00e1nt\u00e1sa<\/h2>\n\n<p>H\u00e1rom szak\u00e9rt\u0151t vontunk be, hogy azonos\u00edtsuk a legfontosabb &#8220;praktik\u00e1kat&#8221;, amelyeket a kert\u00e9szetben ker\u00fclni kell. Megl\u00e1t\u00e1saik meglephetnek, mivel hat\u00e1stalanokt\u00f3l a potenci\u00e1lisan k\u00e1rosig terjednek:<\/p>\n\n<h3 class=\"wp-block-heading\">N\u00f6v\u00e9nyi v\u00edzelvezet\u00e9s: ker\u00fclj\u00fck a k\u00f6veket a cser\u00e9p alj\u00e1n<\/h3>\n\n<p>Elterjedt t\u00e9vhit, hogy a cser\u00e9p alj\u00e1ra helyezett k\u0151- vagy kavicsr\u00e9teg jav\u00edtja a v\u00edzelvezet\u00e9st. Azonban ez a gyakorlat val\u00f3j\u00e1ban akad\u00e1lyozhatja a v\u00edzelvezet\u00e9st, k\u00fcl\u00f6n\u00f6sen a v\u00edzelvezet\u0151 lyukak n\u00e9lk\u00fcli cserepekben.<\/p>\n\n<p>&#8220;A k\u00f6vek nem seg\u00edtik a v\u00edzelvezet\u00e9st, s\u0151t, ha t\u00fal vastag a r\u00e9teg, akkor cs\u00f6kkenthetik azt&#8221; &#8211; magyar\u00e1zza Justin Hancock, a Costa Farms igazolt kert\u00e9sze.<\/p>\n\n<p>Ehelyett t\u00f6lts\u00fck fel a cserepet a kiv\u00e1lasztott vir\u00e1gf\u00f6lddel, \u00e9s v\u00e1lasszunk v\u00edzelvezet\u0151 lyukakkal ell\u00e1tott cser\u00e9pet, k\u00fcl\u00f6n\u00f6sen k\u00fclt\u00e9ri n\u00f6v\u00e9nyek eset\u00e9ben. A v\u00edzelvezet\u00e9s tov\u00e1bbi jav\u00edt\u00e1s\u00e1hoz adjunk hozz\u00e1 olyan adal\u00e9kanyagokat, mint a perlit, a habk\u0151 vagy a homok.<\/p>\n\n<p>V\u00edzelvezet\u0151 lyukak n\u00e9lk\u00fcli ker\u00e1miacserepek eset\u00e9ben fontoljuk meg a bark\u00e1cs m\u00f3dszereket azok hozz\u00e1ad\u00e1s\u00e1ra.<\/p>\n\n<h3 class=\"wp-block-heading\">Gyomirt\u00e1s: ker\u00fclj\u00fck a gyomf\u00e1s sz\u00f6vetet haszn\u00e1lat\u00e1t a vir\u00e1g\u00e1gy\u00e1sokban<\/h3>\n\n<p>A gyomf\u00e1s sz\u00f6vetet \u00e1ltal\u00e1ban a vir\u00e1g\u00e1gy\u00e1sokban a gyomok elnyom\u00e1s\u00e1ra haszn\u00e1lj\u00e1k, de Mary Phillips, a National Wildlife Federation \u0151slakos n\u00f6v\u00e9nyi \u00e9l\u0151helystrat\u00e9gia vezet\u0151je lebesz\u00e9li err\u0151l.<\/p>\n\n<p>&#8220;A szintetikus anyagokb\u00f3l k\u00e9sz\u00fclt gyomf\u00e1s sz\u00f6vet nem fenntarthat\u00f3 \u00e9s nem kedvez a talaj eg\u00e9szs\u00e9g\u00e9nek&#8221; &#8211; mondja Phillips.<\/p>\n\n<p>Ehelyett v\u00e1lasszunk ink\u00e1bb szerves talajtakar\u00f3kat, mint p\u00e9ld\u00e1ul apr\u00edtott leveleket vagy k\u00e9rget. Alkalmazzunk strat\u00e9giai \u00fcltet\u00e9si technik\u00e1kat a gyomok megel\u0151z\u00e9s\u00e9re, p\u00e9ld\u00e1ul \u00fcltess\u00fck a n\u00f6v\u00e9nyeket k\u00f6zel egym\u00e1shoz, vagy haszn\u00e1ljunk \u00e9l\u0151 talajtakar\u00f3kat cserj\u00e9k \u00e9s f\u00e1k k\u00f6z\u00e9.<\/p>\n\n<h3 class=\"wp-block-heading\">Magvet\u00e9s: ker\u00fclj\u00fck a magok \u00fcltet\u00e9s\u00e9t toj\u00e1sh\u00e9jakba<\/h3>\n\n<p>A ki\u00fcr\u00fclt toj\u00e1sh\u00e9jak haszn\u00e1lata pal\u00e1nt\u00e1k ind\u00edt\u00e1s\u00e1hoz k\u00f6rnyezetbar\u00e1tnak \u00e9s k\u00e9nyelmesnek t\u0171nhet, mivel k\u00f6zvetlen\u00fcl a f\u00f6ldbe \u00fcltethet\u0151k. Carrie Spoonemore, a From Seed to Spoon kert\u00e9szeti alkalmaz\u00e1s t\u00e1rsalkot\u00f3ja azonban \u00f3va int ett\u0151l a gyakorlatt\u00f3l.<\/p>\n\n<p>&#8220;A toj\u00e1sh\u00e9jakba \u00fcltetett magokban hi\u00e1nyozhat a megfelel\u0151 hely \u00e9s v\u00edzelvezet\u00e9s az eg\u00e9szs\u00e9ges gy\u00f6k\u00e9rfejl\u0151d\u00e9shez&#8221; &#8211; magyar\u00e1zza Spoonemore.<\/p>\n\n<p>A toj\u00e1sh\u00e9jak lassan bomlanak le a talajban, ami g\u00e1tolja a gy\u00f6k\u00e9rn\u00f6veked\u00e9st, \u00e9s k\u00e9slelteti a t\u00e1panyagok felszabadul\u00e1s\u00e1t. Ezenk\u00edv\u00fcl a nem megfelel\u0151en tiszt\u00edtott toj\u00e1sh\u00e9jak k\u00e1ros bakt\u00e9riumokat juttathatnak a pal\u00e1nt\u00e1kba.<\/p>\n\n<p>Hasznos\u00edtsuk \u00fajra a toj\u00e1sh\u00e9jakat \u00fagy, hogy \u00f6sszet\u00f6rj\u00fck \u00e9s komposztba vagy kerti talajba keverj\u00fck a kalcium \u00e9s egy\u00e9b t\u00e1panyagok biztos\u00edt\u00e1sa \u00e9rdek\u00e9ben.<\/p>\n\n<h3 class=\"wp-block-heading\">H\u00e1zi k\u00e9sz\u00edt\u00e9s\u0171 m\u0171tr\u00e1gy\u00e1k: haszn\u00e1ljuk \u00f3vatosan<\/h3>\n\n<p>A h\u00e1zi k\u00e9sz\u00edt\u00e9s\u0171 m\u0171tr\u00e1gy\u00e1k \u00e9s n\u00f6v\u00e9nyv\u00e9d\u0151szerek cs\u00e1b\u00edt\u00f3ak lehetnek, de Hancock tan\u00e1csolja, hogy ne t\u00e1maszkodjunk kiz\u00e1r\u00f3lag ezekre.<\/p>\n\n<p>&#8220;B\u00e1r k\u00e9nyelmesnek vagy k\u00f6rnyezetbar\u00e1tnak t\u0171nhet, a h\u00e1zi k\u00e9sz\u00edt\u00e9s\u0171 term\u00e9kek hat\u00e1stalanok vagy ak\u00e1r k\u00e1rosak is lehetnek a n\u00f6v\u00e9nyekre&#8221; &#8211; mondja Hancock.<\/p>","protected":false},"excerpt":{"rendered":"<p>Kert\u00e9szeti praktik\u00e1k, amelyeket ker\u00fclni kell: szak\u00e9rt\u0151i tan\u00e1csok az optim\u00e1lis n\u00f6v\u00e9nyi eg\u00e9szs\u00e9g \u00e9rdek\u00e9ben A digit\u00e1lis korban a n\u00f6v\u00e9nyek n\u00f6veked\u00e9s\u00e9t el\u0151seg\u00edt\u0151 \u00e9s id\u0151t, valamint p\u00e9nzt megtakar\u00edt\u00f3 &#8220;praktik\u00e1k&#8221; b\u0151s\u00e9gesen fellelhet\u0151k. Azonban tapasztalt kert\u00e9szeti&hellip;<\/p>\n","protected":false},"author":4,"featured_media":0,"comment_status":"closed","ping_status":"closed","sticky":false,"template":"","format":"standard","meta":{"footnotes":""},"categories":[8813],"tags":[10058,10060,10059,9115,8849],"class_list":["post-5747","post","type-post","status-publish","format-standard","hentry","category-gardening","tag-sustainable-gardening","tag-gardening-mistakes","tag-gardening-myths","tag-gardening-tips","tag-plant-care"],"_links":{"self":[{"href":"https:\/\/www.lifescienceart.com\/hu\/wp-json\/wp\/v2\/posts\/5747","targetHints":{"allow":["GET"]}}],"collection":[{"href":"https:\/\/www.lifescienceart.com\/hu\/wp-json\/wp\/v2\/posts"}],"about":[{"href":"https:\/\/www.lifescienceart.com\/hu\/wp-json\/wp\/v2\/types\/post"}],"author":[{"embeddable":true,"href":"https:\/\/www.lifescienceart.com\/hu\/wp-json\/wp\/v2\/users\/4"}],"replies":[{"embeddable":true,"href":"https:\/\/www.lifescienceart.com\/hu\/wp-json\/wp\/v2\/comments?post=5747"}],"version-history":[{"count":1,"href":"https:\/\/www.lifescienceart.com\/hu\/wp-json\/wp\/v2\/posts\/5747\/revisions"}],"predecessor-version":[{"id":5748,"href":"https:\/\/www.lifescienceart.com\/hu\/wp-json\/wp\/v2\/posts\/5747\/revisions\/5748"}],"wp:attachment":[{"href":"https:\/\/www.lifescienceart.com\/hu\/wp-json\/wp\/v2\/media?parent=5747"}],"wp:term":[{"taxonomy":"category","embeddable":true,"href":"https:\/\/www.lifescienceart.com\/hu\/wp-json\/wp\/v2\/categories?post=5747"},{"taxonomy":"post_tag","embeddable":true,"href":"https:\/\/www.lifescienceart.com\/hu\/wp-json\/wp\/v2\/tags?post=5747"}],"curies":[{"name":"wp","href":"https:\/\/api.w.org\/{rel}","templated":true}]}}