{"id":5884,"date":"2021-08-07T20:15:14","date_gmt":"2021-08-07T20:15:14","guid":{"rendered":"https:\/\/www.lifescienceart.com\/?p=5884"},"modified":"2021-08-07T20:15:14","modified_gmt":"2021-08-07T20:15:14","slug":"pruning-hydrangeas-blooming-cycle-specific-varieties","status":"publish","type":"post","link":"https:\/\/www.lifescienceart.com\/hu\/life\/gardening\/pruning-hydrangeas-blooming-cycle-specific-varieties\/","title":{"rendered":"Hortenzi\u00e1k metsz\u00e9se \u2013 \u00e1tfog\u00f3 \u00fatmutat\u00f3 az optim\u00e1lis vir\u00e1gz\u00e1shoz"},"content":{"rendered":"<h2 class=\"wp-block-heading\">Hortenzi\u00e1k metsz\u00e9se: \u00e1tfog\u00f3 \u00fatmutat\u00f3 a b\u0151s\u00e9ges vir\u00e1gz\u00e1shoz<\/h2>\n\n<h2 class=\"wp-block-heading\">A hortenzi\u00e1k metsz\u00e9s\u00e9nek alapjai<\/h2>\n\n<p>A hortenzi\u00e1k gy\u00f6ny\u00f6r\u0171 vir\u00e1gaikkal sok kert kedvelt n\u00f6v\u00e9nyei. \u00c1m ahhoz, hogy sz\u00e9ps\u00e9g\u00fcket meg\u0151rizz\u00fck \u00e9s b\u0151s\u00e9gesen vir\u00e1gozzanak, elengedhetetlen a megfelel\u0151 metsz\u00e9s.<\/p>\n\n<p>A hortenzi\u00e1k vir\u00e1gz\u00e1si ciklusuk alapj\u00e1n k\u00e9t csoportba sorolhat\u00f3k:<\/p>\n\n<ol class=\"wp-block-list\">\n<li><strong>R\u00e9gi f\u00e1n vir\u00e1gz\u00f3k:<\/strong> Ezek a fajt\u00e1k, mint p\u00e9ld\u00e1ul a nagy level\u0171 \u00e9s a t\u00f6lgylevel\u0171 hortenzi\u00e1k, az el\u0151z\u0151 szezonban n\u0151tt f\u00e1n k\u00e9peznek vir\u00e1gr\u00fcgyeket. A vir\u00e1gz\u00e1s befejez\u0151d\u00e9se ut\u00e1n t\u00f6rt\u00e9n\u0151 metsz\u00e9s elengedhetetlen ezen r\u00fcgyek meg\u0151rz\u00e9s\u00e9hez.<\/li>\n<li><strong>\u00daj f\u00e1n vir\u00e1gz\u00f3k:<\/strong> A sima, bug\u00e1s \u00e9s fut\u00f3 hortenzi\u00e1k \u00faj hajt\u00e1sokon n\u00f6vesztenek vir\u00e1gr\u00fcgyeket. Ezeknek a fajt\u00e1knak a t\u00e9l v\u00e9g\u00e9n vagy kora tavasszal t\u00f6rt\u00e9n\u0151 metsz\u00e9se serkenti az er\u0151teljes n\u00f6veked\u00e9st \u00e9s a b\u0151 vir\u00e1gz\u00e1st.<\/li>\n<\/ol>\n\n<h2 class=\"wp-block-heading\">Specifikus hortenziafajt\u00e1k metsz\u00e9se<\/h2>\n\n<h2 class=\"wp-block-heading\">Nagy level\u0171 hortenzi\u00e1k (Hydrangea macrophylla)<\/h2>\n\n<ul class=\"wp-block-list\">\n<li>R\u00e9gi f\u00e1n vir\u00e1goznak.<\/li>\n<li>A vir\u00e1gz\u00e1s ut\u00e1n azonnal v\u00e1gjuk vissza, a n\u00f6veked\u00e9s egyharmad\u00e1n\u00e1l soha ne v\u00e1gjunk t\u00f6bbet.<\/li>\n<li>V\u00e1ghat\u00f3k a m\u00e9ret \u00e9s forma szab\u00e1lyoz\u00e1s\u00e1ra, de ker\u00fclj\u00fck a t\u00falzott metsz\u00e9st.<\/li>\n<\/ul>\n\n<h2 class=\"wp-block-heading\">Sima hortenzi\u00e1k (H. arborescens)<\/h2>\n\n<ul class=\"wp-block-list\">\n<li>\u00daj f\u00e1n vir\u00e1goznak.<\/li>\n<li>Kora tavasszal v\u00e1gjuk vissza az elhalt vagy s\u00e9r\u00fclt \u00e1gak elt\u00e1vol\u00edt\u00e1s\u00e1hoz \u00e9s a n\u00f6v\u00e9ny form\u00e1z\u00e1s\u00e1hoz.<\/li>\n<li>J\u00f3l t\u0171rik az er\u0151teljes metsz\u00e9st, a talajt\u00f3l 12-18 cm-re visszav\u00e1gva nagyobb vir\u00e1gfejeket hoznak.<\/li>\n<\/ul>\n\n<h2 class=\"wp-block-heading\">Bug\u00e1s (rizsszem) hortenzi\u00e1k (H. paniculata)<\/h2>\n\n<ul class=\"wp-block-list\">\n<li>\u00daj f\u00e1n vir\u00e1goznak.<\/li>\n<li>A teny\u00e9szid\u0151szak alatt v\u00e1gjuk vissza enyh\u00e9n az elny\u00edlt vir\u00e1gok elt\u00e1vol\u00edt\u00e1s\u00e1hoz \u00e9s az alak meg\u0151rz\u00e9s\u00e9hez.<\/li>\n<li>Az er\u0151teljes n\u00f6veked\u00e9s szab\u00e1lyoz\u00e1s\u00e1hoz \u00e9s az eg\u00e9szs\u00e9ges fejl\u0151d\u00e9s el\u0151seg\u00edt\u00e9s\u00e9hez t\u00e9l v\u00e9g\u00e9n vagy kora tavasszal v\u00e1gjuk vissza er\u0151teljesebben.<\/li>\n<\/ul>\n\n<h2 class=\"wp-block-heading\">T\u00f6lgylevel\u0171 hortenzi\u00e1k (H. quercifolia)<\/h2>\n\n<ul class=\"wp-block-list\">\n<li>R\u00e9gi f\u00e1n vir\u00e1goznak.<\/li>\n<li>A m\u00e9ret \u00e9s forma szab\u00e1lyoz\u00e1s\u00e1hoz a vir\u00e1gz\u00e1s ut\u00e1n azonnal v\u00e1gjuk vissza.<\/li>\n<li>Ker\u00fclj\u00fck az er\u0151teljes metsz\u00e9st, mert az k\u00e1ros\u00edthatja a lombozat min\u0151s\u00e9g\u00e9t.<\/li>\n<\/ul>\n\n<h2 class=\"wp-block-heading\">Hegyi hortenzi\u00e1k (H. serrata)<\/h2>\n\n<ul class=\"wp-block-list\">\n<li>R\u00e9gi f\u00e1n vir\u00e1goznak.<\/li>\n<li>A forma szab\u00e1lyoz\u00e1s\u00e1hoz \u00e1ltal\u00e1ban nincs sz\u00fcks\u00e9g metsz\u00e9sre.<\/li>\n<li>Az elhalt vagy haldokl\u00f3 sz\u00e1rak elt\u00e1vol\u00edt\u00e1s\u00e1hoz a vir\u00e1gz\u00e1s ut\u00e1n v\u00e1gjuk vissza.<\/li>\n<\/ul>\n\n<h2 class=\"wp-block-heading\">Fut\u00f3 hortenzi\u00e1k (H. anomala subsp. petiolaris)<\/h2>\n\n<ul class=\"wp-block-list\">\n<li>R\u00e9gi f\u00e1n vir\u00e1goznak.<\/li>\n<li>A m\u00e9ret \u00e9s forma szab\u00e1lyoz\u00e1s\u00e1hoz a vir\u00e1gz\u00e1s ut\u00e1n v\u00e1gjuk vissza.<\/li>\n<li>Az elhanyagolt n\u00f6v\u00e9nyekn\u00e9l fontoljuk meg a talajszintig t\u00f6rt\u00e9n\u0151 visszav\u00e1g\u00e1st kora tavasszal az \u00fajran\u00f6veked\u00e9s serkent\u00e9s\u00e9re.<\/li>\n<\/ul>\n\n<h2 class=\"wp-block-heading\">Tippek a hortenzi\u00e1k metsz\u00e9s\u00e9hez<\/h2>\n\n<ul class=\"wp-block-list\">\n<li>Haszn\u00e1ljunk \u00e9les, tiszta metsz\u0151oll\u00f3t a pontos v\u00e1g\u00e1sokhoz.<\/li>\n<li>T\u00e1vol\u00edtsuk el az elhalt, beteg vagy gyenge sz\u00e1<\/li>\n<\/ul>","protected":false},"excerpt":{"rendered":"<p>Hortenzi\u00e1k metsz\u00e9se: \u00e1tfog\u00f3 \u00fatmutat\u00f3 a b\u0151s\u00e9ges vir\u00e1gz\u00e1shoz A hortenzi\u00e1k metsz\u00e9s\u00e9nek alapjai A hortenzi\u00e1k gy\u00f6ny\u00f6r\u0171 vir\u00e1gaikkal sok kert kedvelt n\u00f6v\u00e9nyei. \u00c1m ahhoz, hogy sz\u00e9ps\u00e9g\u00fcket meg\u0151rizz\u00fck \u00e9s b\u0151s\u00e9gesen vir\u00e1gozzanak, elengedhetetlen a megfelel\u0151&hellip;<\/p>\n","protected":false},"author":4,"featured_media":0,"comment_status":"closed","ping_status":"closed","sticky":false,"template":"","format":"standard","meta":{"footnotes":""},"categories":[8813],"tags":[9559,8848,9335,8819,10238],"class_list":["post-5884","post","type-post","status-publish","format-standard","hentry","category-gardening","tag-hydrangeas","tag-gardening","tag-pruning","tag-landscaping","tag-blooms"],"_links":{"self":[{"href":"https:\/\/www.lifescienceart.com\/hu\/wp-json\/wp\/v2\/posts\/5884","targetHints":{"allow":["GET"]}}],"collection":[{"href":"https:\/\/www.lifescienceart.com\/hu\/wp-json\/wp\/v2\/posts"}],"about":[{"href":"https:\/\/www.lifescienceart.com\/hu\/wp-json\/wp\/v2\/types\/post"}],"author":[{"embeddable":true,"href":"https:\/\/www.lifescienceart.com\/hu\/wp-json\/wp\/v2\/users\/4"}],"replies":[{"embeddable":true,"href":"https:\/\/www.lifescienceart.com\/hu\/wp-json\/wp\/v2\/comments?post=5884"}],"version-history":[{"count":1,"href":"https:\/\/www.lifescienceart.com\/hu\/wp-json\/wp\/v2\/posts\/5884\/revisions"}],"predecessor-version":[{"id":5885,"href":"https:\/\/www.lifescienceart.com\/hu\/wp-json\/wp\/v2\/posts\/5884\/revisions\/5885"}],"wp:attachment":[{"href":"https:\/\/www.lifescienceart.com\/hu\/wp-json\/wp\/v2\/media?parent=5884"}],"wp:term":[{"taxonomy":"category","embeddable":true,"href":"https:\/\/www.lifescienceart.com\/hu\/wp-json\/wp\/v2\/categories?post=5884"},{"taxonomy":"post_tag","embeddable":true,"href":"https:\/\/www.lifescienceart.com\/hu\/wp-json\/wp\/v2\/tags?post=5884"}],"curies":[{"name":"wp","href":"https:\/\/api.w.org\/{rel}","templated":true}]}}