{"id":6236,"date":"2024-06-15T23:01:30","date_gmt":"2024-06-15T23:01:30","guid":{"rendered":"https:\/\/www.lifescienceart.com\/?p=6236"},"modified":"2024-06-15T23:01:30","modified_gmt":"2024-06-15T23:01:30","slug":"growing-and-caring-for-purple-heart","status":"publish","type":"post","link":"https:\/\/www.lifescienceart.com\/hu\/life\/gardening\/growing-and-caring-for-purple-heart\/","title":{"rendered":"Lila sz\u00edv: ig\u00e9nyei \u00e9s gondoz\u00e1sa"},"content":{"rendered":"<h2 class=\"wp-block-heading\">A lilaak\u00e1c termeszt\u00e9se \u00e9s gondoz\u00e1sa: \u00c1tfog\u00f3 \u00fatmutat\u00f3<\/h2>\n\n<h2 class=\"wp-block-heading\">\u00c1ttekint\u00e9s<\/h2>\n\n<p>A lilaak\u00e1c (Tradescantia pallida), m\u00e1s n\u00e9ven b\u00edborv\u00f6r\u00f6s veronikaf\u0171, egy n\u00e9pszer\u0171 \u00e9vel\u0151 k\u00fasz\u00f3n\u00f6v\u00e9ny, amely \u00e9l\u00e9nk lila sz\u00e1r\u00e1r\u00f3l \u00e9s apr\u00f3 r\u00f3zsasz\u00edn vir\u00e1gair\u00f3l ismert. K\u00f6z\u00e9p-Amerik\u00e1ban \u0151shonos, teljes naps\u00fct\u00e9sben vagy f\u00e9l\u00e1rny\u00e9kban, j\u00f3 v\u00edzelvezet\u0151 talajban fejl\u0151dik a legjobban.<\/p>\n\n<h2 class=\"wp-block-heading\">Gondoz\u00e1si k\u00f6vetelm\u00e9nyek<\/h2>\n\n<p><strong>Napf\u00e9ny:<\/strong> A lilaak\u00e1c teljes naps\u00fct\u00e9st kedveli, de f\u00e9l\u00e1rny\u00e9kot is elvisel. Gyenge f\u00e9nyviszonyok k\u00f6z\u00f6tt a sz\u00e1ra ink\u00e1bb z\u00f6ldnek, mint lil\u00e1nak t\u0171nhet.<\/p>\n\n<p><strong>Talaj:<\/strong> J\u00f3 v\u00edzelvezet\u0151 talajt kell biztos\u00edtani, amelynek pH-\u00e9rt\u00e9ke enyh\u00e9n savas \u00e9s enyh\u00e9n l\u00fagos k\u00f6z\u00f6tt van. A v\u00e1lyogos, homokos, agyagos vagy iszapos talaj egyar\u00e1nt megfelel\u0151.<\/p>\n\n<p><strong>V\u00edz:<\/strong> A lilaak\u00e1c sz\u00e1razs\u00e1gt\u0171r\u0151, \u00e9s m\u00e9rs\u00e9kelt \u00f6nt\u00f6z\u00e9st ig\u00e9nyel. Hagyja, hogy a talaj fels\u0151 r\u00e9tege kiss\u00e9 kisz\u00e1radjon az \u00f6nt\u00f6z\u00e9s el\u0151tt. A fiatal n\u00f6v\u00e9nyeknek gyakoribb \u00f6nt\u00f6z\u00e9sre lehet sz\u00fcks\u00e9g\u00fck.<\/p>\n\n<p><strong>M\u0171tr\u00e1gya:<\/strong> A m\u0171tr\u00e1gy\u00e1z\u00e1s nem sz\u00fcks\u00e9ges a kinti n\u00f6v\u00e9nyek sz\u00e1m\u00e1ra, de benti n\u00f6v\u00e9nyek eset\u00e9ben a teny\u00e9szid\u0151szak alatt megengedett egyszer-k\u00e9tszer. H\u00edg\u00edtott oldatot haszn\u00e1ljon, f\u00e9l er\u0151ss\u00e9gben.<\/p>\n\n<p><strong>Visszav\u00e1g\u00e1s:<\/strong> A lilaak\u00e1cot a melegebb h\u00f3napokban, a vir\u00e1gz\u00e1si id\u0151szak ut\u00e1n v\u00e1gja vissza, hogy megakad\u00e1lyozza az elny\u00fal\u00e1s\u00e1t. \u00c9les oll\u00f3t haszn\u00e1ljon, \u00e9s viseljen keszty\u0171t, mivel a nedv b\u0151rirrit\u00e1ci\u00f3t okozhat.<\/p>\n\n<h2 class=\"wp-block-heading\">Szapor\u00edt\u00e1s<\/h2>\n\n<p>A lilaak\u00e1c k\u00f6nnyen szapor\u00edthat\u00f3 sz\u00e1rr\u00e9szekkel:<\/p>\n\n<ol class=\"wp-block-list\">\n<li>V\u00e1gjon le egy 3-6 h\u00fcvelykes sz\u00e1rat legal\u00e1bb egy n\u00f6veked\u00e9si csom\u00f3val.<\/li>\n<li>T\u00e1vol\u00edtsa el a leveleket a dugv\u00e1ny als\u00f3 v\u00e9g\u00e9r\u0151l.<\/li>\n<li>M\u00e1rtsa a v\u00e9g\u00e9t gy\u00f6kereztet\u0151 hormonba (nem k\u00f6telez\u0151).<\/li>\n<li>\u00dcltesse a dugv\u00e1nyt talaj n\u00e9lk\u00fcli vir\u00e1gf\u00f6ldbe, \u00e9s tartsa nedvesen.<\/li>\n<li>N\u00e9h\u00e1ny h\u00e9ten bel\u00fcl gy\u00f6kerek fejl\u0151dnek ki.<\/li>\n<\/ol>\n\n<h2 class=\"wp-block-heading\">\u00dcltet\u00e9s cser\u00e9pbe \u00e9s \u00e1t\u00fcltet\u00e9s<\/h2>\n\n<ul class=\"wp-block-list\">\n<li>Haszn\u00e1ljon j\u00f3 v\u00edzelvezet\u0151 vir\u00e1gf\u00f6ldet, amely t\u0151zeget vagy k\u00f3kuszrostot, perlitet \u00e9s komposztot tartalmaz.<\/li>\n<li>V\u00e1lasszon olyan ed\u00e9nyt, amelynek v\u00edzelvezet\u0151 ny\u00edl\u00e1sai vannak a gy\u00f6k\u00e9rrothad\u00e1s megel\u0151z\u00e9se \u00e9rdek\u00e9ben.<\/li>\n<li>\u00dcltesse \u00e1t, amikor a gy\u00f6kerek elkezdenek kin\u0151ni a v\u00edzelvezet\u0151 ny\u00edl\u00e1sokon, jellemz\u0151en tavasszal.<\/li>\n<\/ul>\n\n<h2 class=\"wp-block-heading\">Telel\u00e9s<\/h2>\n\n<ul class=\"wp-block-list\">\n<li>A USDA 7-11 kem\u00e9nys\u00e9gi z\u00f3n\u00e1iban a lilaak\u00e1c a szabadban is \u00e1ttelelhet.<\/li>\n<li>Hidegebb z\u00f3n\u00e1kban hozza be az els\u0151 fagy el\u0151tt, \u00e9s helyezze napos helyre.<\/li>\n<li>\u00d6nt\u00f6zze m\u00e9rt\u00e9kkel, \u00e9s v\u00e1gja vissza az elny\u00falt sz\u00e1lakat.<\/li>\n<li>Az utols\u00f3 fagy ut\u00e1n vigye ki \u00fajra a n\u00f6v\u00e9nyt.<\/li>\n<\/ul>\n\n<h2 class=\"wp-block-heading\">K\u00e1rtev\u0151k \u00e9s betegs\u00e9gek<\/h2>\n\n<p>A lilaak\u00e1c \u00e1ltal\u00e1ban ellen\u00e1ll a k\u00e1rtev\u0151knek, de vonzhatja:<\/p>\n\n<ul class=\"wp-block-list\">\n<li>Herny\u00f3kat<\/li>\n<li>Csig\u00e1kat<\/li>\n<li>Lev\u00e9ltetveket<\/li>\n<li>Sz\u0151l\u0151orm\u00e1nyosokat<\/li>\n<li>Lisztesk\u00e9ket<\/li>\n<li>Pajzstetveket<\/li>\n<\/ul>\n\n<p>Hozzon l\u00e9tre v\u00e9d\u0151r\u00e9teget a n\u00f6v\u00e9ny k\u00f6r\u00fcl kaviccsal, faforg\u00e1ccsal vagy kovamoszatf\u00f6lddel.<\/p>\n\n<h2 class=\"wp-block-heading\">A vir\u00e1gz\u00e1s \u00f6szt\u00f6nz\u00e9se<\/h2>\n\n<ul class=\"wp-block-list\">\n<li>Biztos\u00edtson elegend\u0151 napf\u00e9nyt (napi 6 \u00f3ra vagy t\u00f6bb).<\/li>\n<li>Ker\u00fclje a t\u00falzott tr\u00e1gy\u00e1z\u00e1st.<\/li>\n<li>T\u00e1vol\u00edtsa el az elny\u00edlt vir\u00e1gokat az \u00faj n\u00f6veked\u00e9s el\u0151seg\u00edt\u00e9s\u00e9re.<\/li>\n<\/ul>\n\n<h2 class=\"wp-block-heading\">Hibaelh\u00e1r\u00edt\u00e1s<\/h2>\n\n<ul class=\"wp-block-list\">\n<li><strong>Mi\u00e9rt z\u00f6ld\u00fcl be a lilaak\u00e1com?<\/strong> El\u00e9gtelen napf\u00e9ny.<\/li>\n<li><strong>A lilaak\u00e1c pozsg\u00e1s n\u00f6v\u00e9ny?<\/strong> Igen, vastag levelei vizet t\u00e1rolnak.<\/li>\n<li><strong>Hogyan akad\u00e1lyozhatom meg, hogy a lilaak\u00e1c elny\u00faljon?<\/strong> Cs\u00edpje le az \u00faj sz\u00e1rak v\u00e9geit, \u00e9s viseljen keszty\u0171t a b\u0151rirrit\u00e1ci\u00f3 elker\u00fcl\u00e9se \u00e9rdek\u00e9ben.<\/li>\n<li><strong>A lilaak\u00e1c ugyanaz, mint a M\u00f3zes b\u00f6lcs\u0151je?<\/strong> Nem, ezek k\u00fcl\u00f6nb\u00f6z\u0151 fajok, hasonl\u00f3 gondoz\u00e1si ig\u00e9nyekkel.<\/li>\n<\/ul>\n\n<h2 class=\"wp-block-heading\">Tov\u00e1bbi tippek<\/h2>\n\n<ul class=\"wp-block-list\">\n<li>Fontolja meg egy n\u00f6veked\u00e9si l\u00e1mpa haszn\u00e1lat\u00e1t benti n\u00f6v\u00e9nyek sz\u00e1m\u00e1ra a megfelel\u0151 napf\u00e9ny biztos\u00edt\u00e1sa \u00e9rdek\u00e9ben.<\/li>\n<li>V\u00e1gja vissza az elny\u00falt n\u00f6v\u00e9nyeket a bokros n\u00f6veked\u00e9s el\u0151seg\u00edt\u00e9s\u00e9re.<\/li>\n<li>T\u00e1vol\u00edtsa el az elny\u00edlt vir\u00e1gokat a vir\u00e1gz\u00e1s meghosszabb\u00edt\u00e1sa \u00e9rdek\u00e9ben.<\/li>\n<\/ul>","protected":false},"excerpt":{"rendered":"<p>A lilaak\u00e1c termeszt\u00e9se \u00e9s gondoz\u00e1sa: \u00c1tfog\u00f3 \u00fatmutat\u00f3 \u00c1ttekint\u00e9s A lilaak\u00e1c (Tradescantia pallida), m\u00e1s n\u00e9ven b\u00edborv\u00f6r\u00f6s veronikaf\u0171, egy n\u00e9pszer\u0171 \u00e9vel\u0151 k\u00fasz\u00f3n\u00f6v\u00e9ny, amely \u00e9l\u00e9nk lila sz\u00e1r\u00e1r\u00f3l \u00e9s apr\u00f3 r\u00f3zsasz\u00edn vir\u00e1gair\u00f3l ismert. K\u00f6z\u00e9p-Amerik\u00e1ban&hellip;<\/p>\n","protected":false},"author":5,"featured_media":23666,"comment_status":"closed","ping_status":"closed","sticky":false,"template":"","format":"standard","meta":{"footnotes":""},"categories":[8813],"tags":[10646,99,10648,8848,8849,10647],"class_list":["post-6236","post","type-post","status-publish","format-standard","has-post-thumbnail","hentry","category-gardening","tag-purple-heart","tag-lifescienceart","tag-perennial-vine","tag-gardening","tag-plant-care","tag-tradescantia-pallida"],"_links":{"self":[{"href":"https:\/\/www.lifescienceart.com\/hu\/wp-json\/wp\/v2\/posts\/6236","targetHints":{"allow":["GET"]}}],"collection":[{"href":"https:\/\/www.lifescienceart.com\/hu\/wp-json\/wp\/v2\/posts"}],"about":[{"href":"https:\/\/www.lifescienceart.com\/hu\/wp-json\/wp\/v2\/types\/post"}],"author":[{"embeddable":true,"href":"https:\/\/www.lifescienceart.com\/hu\/wp-json\/wp\/v2\/users\/5"}],"replies":[{"embeddable":true,"href":"https:\/\/www.lifescienceart.com\/hu\/wp-json\/wp\/v2\/comments?post=6236"}],"version-history":[{"count":1,"href":"https:\/\/www.lifescienceart.com\/hu\/wp-json\/wp\/v2\/posts\/6236\/revisions"}],"predecessor-version":[{"id":6237,"href":"https:\/\/www.lifescienceart.com\/hu\/wp-json\/wp\/v2\/posts\/6236\/revisions\/6237"}],"wp:featuredmedia":[{"embeddable":true,"href":"https:\/\/www.lifescienceart.com\/hu\/wp-json\/wp\/v2\/media\/23666"}],"wp:attachment":[{"href":"https:\/\/www.lifescienceart.com\/hu\/wp-json\/wp\/v2\/media?parent=6236"}],"wp:term":[{"taxonomy":"category","embeddable":true,"href":"https:\/\/www.lifescienceart.com\/hu\/wp-json\/wp\/v2\/categories?post=6236"},{"taxonomy":"post_tag","embeddable":true,"href":"https:\/\/www.lifescienceart.com\/hu\/wp-json\/wp\/v2\/tags?post=6236"}],"curies":[{"name":"wp","href":"https:\/\/api.w.org\/{rel}","templated":true}]}}