{"id":6776,"date":"2022-11-16T00:55:52","date_gmt":"2022-11-16T00:55:52","guid":{"rendered":"https:\/\/www.lifescienceart.com\/?p=6776"},"modified":"2022-11-16T00:55:52","modified_gmt":"2022-11-16T00:55:52","slug":"bathroom-ventilation-code-and-best-practices","status":"publish","type":"post","link":"https:\/\/www.lifescienceart.com\/hu\/life\/home-improvement\/bathroom-ventilation-code-and-best-practices\/","title":{"rendered":"F\u00fcrd\u0151szoba-szell\u0151z\u00e9s: Alapvet\u0151 \u00e9p\u00edt\u00e9si el\u0151\u00edr\u00e1sok \u00e9s legjobb gyakorlatok"},"content":{"rendered":"<h2 class=\"wp-block-heading\">F\u00fcrd\u0151szoba-szell\u0151z\u00e9s: Alapvet\u0151 \u00e9p\u00edt\u00e9si el\u0151\u00edr\u00e1sok \u00e9s legjobb gyakorlatok<\/h2>\n\n<h2 class=\"wp-block-heading\">Mi is a f\u00fcrd\u0151szoba-szell\u0151z\u00e9s \u00e9s mi\u00e9rt fontos?<\/h2>\n\n<p>A f\u00fcrd\u0151szob\u00e1k hajlamosak a nedvess\u00e9g \u00e9s szagok felhalmoz\u00e1s\u00e1ra, ami pen\u00e9sz \u00e9s gomb\u00e1k kialakul\u00e1s\u00e1hoz vezethet. A megfelel\u0151 szell\u0151z\u00e9s seg\u00edt elt\u00e1vol\u00edtani ezeket a k\u00e1ros anyagokat a leveg\u0151b\u0151l, v\u00e9dve eg\u00e9szs\u00e9g\u00e9t \u00e9s f\u00fcrd\u0151szob\u00e1ja \u00e9ps\u00e9g\u00e9t.<\/p>\n\n<h2 class=\"wp-block-heading\">F\u00fcrd\u0151szoba-szell\u0151ztet\u00e9sre vonatkoz\u00f3 \u00e9p\u00edt\u00e9si el\u0151\u00edr\u00e1sok<\/h2>\n\n<p>Az \u00e9p\u00edt\u00e9si el\u0151\u00edr\u00e1sok telep\u00fcl\u00e9st\u0151l f\u00fcgg\u0151en v\u00e1ltoznak, de a legt\u00f6bbnek vannak konkr\u00e9t k\u00f6vetelm\u00e9nyei a f\u00fcrd\u0151szob\u00e1k szell\u0151z\u00e9s\u00e9re vonatkoz\u00f3an. Ezek a k\u00f3dok biztos\u00edtj\u00e1k, hogy a f\u00fcrd\u0151szob\u00e1k megfelel\u0151 szell\u0151z\u00e9ssel rendelkezzenek a nedvess\u00e9g felhalmoz\u00f3d\u00e1s\u00e1nak \u00e9s az azzal j\u00e1r\u00f3 probl\u00e9m\u00e1k megel\u0151z\u00e9se \u00e9rdek\u00e9ben.<\/p>\n\n<h2 class=\"wp-block-heading\">Ablakok<\/h2>\n\n<p>N\u00e9h\u00e1ny \u00e9p\u00edt\u00e9si el\u0151\u00edr\u00e1s lehet\u0151v\u00e9 teszi, hogy ablakokat haszn\u00e1ljanak a f\u00fcrd\u0151szob\u00e1k szell\u0151z\u00e9s\u00e9re. Az ablakoknak azonban meg kell felelni\u00fck bizonyos krit\u00e9riumoknak, p\u00e9ld\u00e1ul legal\u00e1bb 3 n\u00e9gyzetm\u00e9ter \u00fcvegfel\u00fclettel kell rendelkezni\u00fck, \u00e9s legal\u00e1bb 50%-ban nyithat\u00f3nak kell lenni\u00fck.<\/p>\n\n<h2 class=\"wp-block-heading\">Kipufog\u00f3ventil\u00e1torok<\/h2>\n\n<p>Bizonyos esetekben kipufog\u00f3ventil\u00e1torokra lehet sz\u00fcks\u00e9g az ablakok mellett vagy helyett\u00fck. A kipufog\u00f3ventil\u00e1torok akt\u00edvan elt\u00e1vol\u00edtj\u00e1k a nedvess\u00e9ggel teli leveg\u0151t a f\u00fcrd\u0151szob\u00e1b\u00f3l, \u00e9s a k\u00fclt\u00e9rre szell\u0151ztetik. Az \u00e9p\u00edt\u00e9si el\u0151\u00edr\u00e1sok \u00e1ltal\u00e1ban meghat\u00e1rozz\u00e1k a f\u00fcrd\u0151szobai kipufog\u00f3ventil\u00e1torok minim\u00e1lis elsz\u00edv\u00e1si kapacit\u00e1s\u00e1t, ami \u00e1ltal\u00e1ban k\u00f6r\u00fclbel\u00fcl 50 k\u00f6bl\u00e1b\/perc (cfm).<\/p>\n\n<h2 class=\"wp-block-heading\">Leveg\u0151 kivezet\u00e9se<\/h2>\n\n<p>A kipufog\u00f3ventil\u00e1torokat az \u00e9p\u00fclet k\u00fclsej\u00e9re kell szell\u0151ztetni, nem pedig bels\u0151 t\u00e9rbe, p\u00e9ld\u00e1ul padl\u00e1sra vagy alagsori helyis\u00e9gbe. Ez megakad\u00e1lyozza, hogy a nedvess\u00e9g felhalmoz\u00f3djon ezekben a ter\u00fcleteken, \u00e9s potenci\u00e1lisan k\u00e1rokat okozzon.<\/p>\n\n<h2 class=\"wp-block-heading\">Zajszint besorol\u00e1s<\/h2>\n\n<p>B\u00e1r nem \u00e9p\u00edt\u00e9si el\u0151\u00edr\u00e1s, fontolja meg egy alacsony zajszint\u0171 (sone) kipufog\u00f3ventil\u00e1tor v\u00e1s\u00e1rl\u00e1s\u00e1t a f\u00fcrd\u0151szoba zajszintj\u00e9nek minimaliz\u00e1l\u00e1sa \u00e9rdek\u00e9ben. A sone a ventil\u00e1tor hangerej\u00e9t m\u00e9ri, az alacsonyabb sz\u00e1mok halkabb m\u0171k\u00f6d\u00e9st jeleznek.<\/p>\n\n<h2 class=\"wp-block-heading\">Mi\u00e9rt kellene kipufog\u00f3ventil\u00e1tor a f\u00fcrd\u0151szob\u00e1j\u00e1ban?<\/h2>\n\n<p>M\u00e9g ha f\u00fcrd\u0151szob\u00e1j\u00e1ban van is ablak, egy kipufog\u00f3ventil\u00e1tor telep\u00edt\u00e9se er\u0151sen aj\u00e1nlott. A kipufog\u00f3ventil\u00e1torok sz\u00e1mos fontos el\u0151nnyel j\u00e1rnak:<\/p>\n\n<ul class=\"wp-block-list\">\n<li><strong>Nedvess\u00e9g-szab\u00e1lyoz\u00e1s:<\/strong> A kipufog\u00f3ventil\u00e1torok hat\u00e9konyan elt\u00e1vol\u00edtj\u00e1k a nedvess\u00e9get a leveg\u0151b\u0151l, megakad\u00e1lyozva a p\u00e1ralecsap\u00f3d\u00e1st a falakon, a mennyezeten \u00e9s a berendez\u00e9seken. Ez seg\u00edt megel\u0151zni a pen\u00e9sz \u00e9s a gomb\u00e1k n\u00f6veked\u00e9s\u00e9t.<\/li>\n<li><strong>Szagtalan\u00edt\u00e1s:<\/strong> A kipufog\u00f3ventil\u00e1torok megsz\u00fcntetik a f\u00fcrd\u0151szoba kellemetlen szagait, p\u00e9ld\u00e1ul a f\u00fcrd\u00e9st\u0151l, a tiszt\u00edt\u00e1st\u00f3l \u00e9s a hullad\u00e9kt\u00f3l sz\u00e1rmaz\u00f3 szagokat.<\/li>\n<li><strong>Jav\u00edtott leveg\u0151min\u0151s\u00e9g:<\/strong> A kipufog\u00f3ventil\u00e1torok friss leveg\u0151t keringetnek a f\u00fcrd\u0151szob\u00e1ban, jav\u00edtva az \u00e1ltal\u00e1nos leveg\u0151min\u0151s\u00e9get \u00e9s cs\u00f6kkentve a l\u00e9gz\u00e9si probl\u00e9m\u00e1k kock\u00e1zat\u00e1t.<\/li>\n<\/ul>\n\n<h2 class=\"wp-block-heading\">A f\u00fcrd\u0151szob\u00e1j\u00e1nak megfelel\u0151 kipufog\u00f3ventil\u00e1tor kiv\u00e1laszt\u00e1sa<\/h2>\n\n<p>Amikor f\u00fcrd\u0151szob\u00e1ja sz\u00e1m\u00e1ra kipufog\u00f3ventil\u00e1tort v\u00e1laszt, vegye figyelembe a k\u00f6vetkez\u0151 t\u00e9nyez\u0151ket:<\/p>\n\n<ul class=\"wp-block-list\">\n<li><strong>F\u00fcrd\u0151szoba m\u00e9rete:<\/strong> V\u00e1lasszon olyan ventil\u00e1tort, amelynek elsz\u00edv\u00e1si kapacit\u00e1sa megfelel a f\u00fcrd\u0151szoba m\u00e9ret\u00e9nek.<\/li>\n<li><strong>Zajszint:<\/strong> V\u00e1lasszon alacsony zajszint\u0171 ventil\u00e1tort, ha minimaliz\u00e1lni szeretn\u00e9 a zajt.<\/li>\n<li><strong>Funkci\u00f3k:<\/strong> N\u00e9h\u00e1ny ventil\u00e1tor tov\u00e1bbi funkci\u00f3kat k\u00edn\u00e1l, mint p\u00e9ld\u00e1ul p\u00e1ratartalom-\u00e9rz\u00e9kel\u0151k, id\u0151z\u00edt\u0151k \u00e9s mozg\u00e1s\u00e9rz\u00e9kel\u0151k.<\/li>\n<li><strong>Energiahat\u00e9konys\u00e1g:<\/strong> V\u00e1lasszon olyan ventil\u00e1torokat, amelyek Energy Star min\u0151s\u00edt\u00e9ssel rendelkeznek az energia megtakar\u00edt\u00e1sa \u00e9rdek\u00e9ben.<\/li>\n<\/ul>\n\n<h2 class=\"wp-block-heading\">F\u00fcrd\u0151szobai kipufog\u00f3ventil\u00e1tor telep\u00edt\u00e9se<\/h2>\n\n<p>Egy f\u00fcrd\u0151szobai kipufog\u00f3ventil\u00e1tor telep\u00edt\u00e9se viszonylag egyszer\u0171 projekt, amely n\u00e9h\u00e1ny \u00f3ra alatt elv\u00e9gezhet\u0151. Fontos, hogy gondosan k\u00f6vesse a gy\u00e1rt\u00f3 utas\u00edt\u00e1sait, \u00e9s gy\u0151z\u0151dj\u00f6n meg arr\u00f3l, hogy a ventil\u00e1tor megfelel\u0151en van szell\u0151ztetve a k\u00fclt\u00e9r fel\u00e9.<\/p>\n\n<h2 class=\"wp-block-heading\">Kipufog\u00f3ventil\u00e1tor karbantart\u00e1sa<\/h2>\n\n<p>Az optim\u00e1lis teljes\u00edtm\u00e9ny biztos\u00edt\u00e1sa \u00e9rdek\u00e9ben rendszeresen tiszt\u00edtsa meg kipufog\u00f3ventil\u00e1tor\u00e1t, t\u00e1vol\u00edtsa el a port \u00e9s a szennyez\u0151d\u00e9seket a r\u00e1csr\u00f3l \u00e9s a lap\u00e1tokr\u00f3l. A l\u00e9g\u00e1raml\u00e1s fenntart\u00e1sa \u00e9rdek\u00e9ben n\u00e9h\u00e1ny havonta cser\u00e9lje ki a sz\u0171r\u0151t is.<\/p>\n\n<h2 class=\"wp-block-heading\">Tov\u00e1bbi tippek a f\u00fcrd\u0151szob\u00e1ban l\u00e9v\u0151 nedvess\u00e9g szab\u00e1lyoz\u00e1s\u00e1hoz<\/h2>\n\n<p>A kipufog\u00f3ventil\u00e1tor haszn\u00e1lata mellett sz\u00e1mos m\u00e1s l\u00e9p\u00e9st is tehet a f\u00fcrd\u0151szoba p\u00e1ratartalm\u00e1nak szab\u00e1lyoz\u00e1s\u00e1ra:<\/p>\n\n<ul class=\"wp-block-list\">\n<li><strong>R\u00f6videbb zuhanyoz\u00e1s:<\/strong> A forr\u00f3 zuhanyok sok g\u0151zt termelnek, ez\u00e9rt pr\u00f3b\u00e1lja meg min\u00e9l r\u00f6videbbre fogni a zuhanyoz\u00e1st.<\/li>\n<li><strong>Haszn\u00e1ljon p\u00e1r\u00e1tlan\u00edt\u00f3t:<\/strong> A p\u00e1r\u00e1tlan\u00edt\u00f3 seg\u00edt elt\u00e1vol\u00edtani a felesleges nedvess\u00e9get a leveg\u0151b\u0151l.<\/li>\n<li><strong>T\u00f6r\u00f6lje le a fel\u00fcleteket:<\/strong> Zuhanyoz\u00e1s vagy f\u00fcrd\u00e9s ut\u00e1n t\u00f6r\u00f6lje le a nedves fel\u00fcleteket, p\u00e9ld\u00e1ul a falakat, a t\u00fckr\u00f6t \u00e9s a berendez\u00e9seket.<\/li>\n<li><strong>Nyisson ablakot:<\/strong> Ha lehets\u00e9ges, zuhanyoz\u00e1s vagy f\u00fcrd\u00e9s k\u00f6zben vagy ut\u00e1n nyisson ki egy ablakot vagy ajt\u00f3t a f\u00fcrd\u0151szoba term\u00e9szetes szell\u0151ztet\u00e9s\u00e9hez.<\/li>\n<\/ul>\n\n<p>Ha betartja ezeket a tippeket \u00e9s megfelel az \u00e9p\u00edt\u00e9si el\u0151\u00edr\u00e1soknak, biztos\u00edthatja, hogy f\u00fcrd\u0151szob\u00e1ja j\u00f3l szell\u0151z\u0151 \u00e9s mentes legyen a nedvess\u00e9g okozta probl\u00e9m\u00e1kt\u00f3l.<\/p>","protected":false},"excerpt":{"rendered":"<p>F\u00fcrd\u0151szoba-szell\u0151z\u00e9s: Alapvet\u0151 \u00e9p\u00edt\u00e9si el\u0151\u00edr\u00e1sok \u00e9s legjobb gyakorlatok Mi is a f\u00fcrd\u0151szoba-szell\u0151z\u00e9s \u00e9s mi\u00e9rt fontos? A f\u00fcrd\u0151szob\u00e1k hajlamosak a nedvess\u00e9g \u00e9s szagok felhalmoz\u00e1s\u00e1ra, ami pen\u00e9sz \u00e9s gomb\u00e1k kialakul\u00e1s\u00e1hoz vezethet. A megfelel\u0151&hellip;<\/p>\n","protected":false},"author":4,"featured_media":0,"comment_status":"closed","ping_status":"closed","sticky":false,"template":"","format":"standard","meta":{"footnotes":""},"categories":[8844],"tags":[11216,11217,9237,3274,11218,9756],"class_list":["post-6776","post","type-post","status-publish","format-standard","hentry","category-home-improvement","tag-bathroom-ventilation","tag-exhaust-fans","tag-building-codes","tag-air-quality","tag-moisture-control","tag-mold-prevention"],"_links":{"self":[{"href":"https:\/\/www.lifescienceart.com\/hu\/wp-json\/wp\/v2\/posts\/6776","targetHints":{"allow":["GET"]}}],"collection":[{"href":"https:\/\/www.lifescienceart.com\/hu\/wp-json\/wp\/v2\/posts"}],"about":[{"href":"https:\/\/www.lifescienceart.com\/hu\/wp-json\/wp\/v2\/types\/post"}],"author":[{"embeddable":true,"href":"https:\/\/www.lifescienceart.com\/hu\/wp-json\/wp\/v2\/users\/4"}],"replies":[{"embeddable":true,"href":"https:\/\/www.lifescienceart.com\/hu\/wp-json\/wp\/v2\/comments?post=6776"}],"version-history":[{"count":1,"href":"https:\/\/www.lifescienceart.com\/hu\/wp-json\/wp\/v2\/posts\/6776\/revisions"}],"predecessor-version":[{"id":6777,"href":"https:\/\/www.lifescienceart.com\/hu\/wp-json\/wp\/v2\/posts\/6776\/revisions\/6777"}],"wp:attachment":[{"href":"https:\/\/www.lifescienceart.com\/hu\/wp-json\/wp\/v2\/media?parent=6776"}],"wp:term":[{"taxonomy":"category","embeddable":true,"href":"https:\/\/www.lifescienceart.com\/hu\/wp-json\/wp\/v2\/categories?post=6776"},{"taxonomy":"post_tag","embeddable":true,"href":"https:\/\/www.lifescienceart.com\/hu\/wp-json\/wp\/v2\/tags?post=6776"}],"curies":[{"name":"wp","href":"https:\/\/api.w.org\/{rel}","templated":true}]}}