{"id":7212,"date":"2024-08-21T03:37:45","date_gmt":"2024-08-21T03:37:45","guid":{"rendered":"https:\/\/www.lifescienceart.com\/?p=7212"},"modified":"2024-08-21T03:37:45","modified_gmt":"2024-08-21T03:37:45","slug":"purple-fountain-grass-planting-care-propagation","status":"publish","type":"post","link":"https:\/\/www.lifescienceart.com\/hu\/life\/nature-and-the-outdoors\/purple-fountain-grass-planting-care-propagation\/","title":{"rendered":"B\u00edbor sz\u00f6k\u0151k\u00fat f\u0171: \u00fcltet\u00e9s, gondoz\u00e1s \u00e9s szapor\u00edt\u00e1s"},"content":{"rendered":"<h2 class=\"wp-block-heading\">B\u00edbor sz\u00f6k\u0151k\u00fat f\u0171: \u00datmutat\u00f3 az \u00fcltet\u00e9s\u00e9hez, gondoz\u00e1s\u00e1hoz \u00e9s szapor\u00edt\u00e1s\u00e1hoz<\/h2>\n\n<h3 class=\"wp-block-heading\">Le\u00edr\u00e1s \u00e9s jellemz\u0151k<\/h3>\n\n<p>A b\u00edbor sz\u00f6k\u0151k\u00fat f\u0171, m\u00e1s n\u00e9ven v\u00f6r\u00f6s sz\u00f6k\u0151k\u00fat f\u0171 egy \u00e9l\u00e9nk sz\u00edn\u0171 d\u00edszf\u0171, amelyet a b\u00edbor vir\u00e1gok kecsesen \u00edvelt buga vir\u00e1gzatai miatt kedvelnek. V\u00e9kony, bord\u00f3 sz\u00edn\u0171 levelei felt\u0171n\u0151 kontrasztot alkotnak, text\u00far\u00e1t \u00e9s mozg\u00e1st adva a t\u00e1jnak. Ez a gyorsan n\u00f6v\u0151 f\u0171 3-5 l\u00e1b magasra \u00e9s 2-4 l\u00e1b sz\u00e9lesre n\u0151.<\/p>\n\n<h3 class=\"wp-block-heading\">\u00dcltet\u00e9s \u00e9s gondoz\u00e1s<\/h3>\n\n<h2 class=\"wp-block-heading\">\u00dcltet\u00e9s:<\/h2>\n\n<p>A b\u00edbor sz\u00f6k\u0151k\u00fat f\u0171 teljes napf\u00e9nyt vagy r\u00e9szleges \u00e1rny\u00e9kot \u00e9s j\u00f3l \u0434\u0440\u0435\u043d\u0438\u00e1lt talajt kedvel. Tavasszal \u00fcltess\u00fck, 3 l\u00e1b t\u00e1vols\u00e1gra egym\u00e1st\u00f3l. \u00c1ssunk el\u00e9g m\u00e9ly \u00e9s sz\u00e9les g\u00f6dr\u00f6t a gy\u00f6kerek befogad\u00e1s\u00e1hoz. \u00dcltet\u00e9s ut\u00e1n alaposan \u00f6nt\u00f6zz\u00fck meg.<\/p>\n\n<h2 class=\"wp-block-heading\">F\u00e9ny:<\/h2>\n\n<p>A b\u00edbor sz\u00f6k\u0151k\u00fat f\u0171 t\u0171ri a f\u00e9l\u00e1rny\u00e9kot, de teljes naps\u00fct\u00e9sben fejl\u0151dik a legjobban. V\u00e1lasszuk azokat a ter\u00fcleteket, ahol naponta legal\u00e1bb 6-8 \u00f3ra k\u00f6zvetlen napf\u00e9ny \u00e9ri.<\/p>\n\n<h2 class=\"wp-block-heading\">Talaj:<\/h2>\n\n<p>B\u00e1r nem t\u00fal v\u00e1logat\u00f3s a talajviszonyok tekintet\u00e9ben, a b\u00edbor sz\u00f6k\u0151k\u00fat f\u0171 v\u00e1lyogos talajban fejl\u0151dik a legjobban. Sz\u00e1mos m\u00e1s talajt\u00edpusban is meg\u00e9l, amennyiben azok j\u00f3l \u0434\u0440\u0435\u043d\u0438\u00e1ltak.<\/p>\n\n<h2 class=\"wp-block-heading\">V\u00edz:<\/h2>\n\n<p>Rendszeresen \u00f6nt\u00f6zz\u00fck, k\u00fcl\u00f6n\u00f6sen az \u00fcltet\u00e9s ut\u00e1ni els\u0151 n\u00e9h\u00e1ny h\u00e9tben. \u00d6nt\u00f6z\u00e9sek k\u00f6z\u00f6tt hagyjuk, hogy a talaj tapint\u00e1sra kisz\u00e1radjon. Az \u00e9rett n\u00f6v\u00e9nyek sz\u00e1razs\u00e1gt\u0171r\u0151k, \u00e9s csak a forr\u00f3, sz\u00e1raz id\u0151szakokban lehet sz\u00fcks\u00e9g\u00fck alkalmank\u00e9nti \u00f6nt\u00f6z\u00e9sre.<\/p>\n\n<h2 class=\"wp-block-heading\">H\u0151m\u00e9rs\u00e9klet \u00e9s p\u00e1ratartalom:<\/h2>\n\n<p>A b\u00edbor sz\u00f6k\u0151k\u00fat f\u0171 20 Fahrenheit fokig ellen\u00e1ll a hidegnek. Hidegebb \u00e9ghajlaton egyny\u00e1ri n\u00f6v\u00e9nyk\u00e9nt termeszthet\u0151, vagy t\u00e9len bent tarthat\u00f3. Nincsenek k\u00fcl\u00f6nleges p\u00e1ratartalom ig\u00e9nyei.<\/p>\n\n<h2 class=\"wp-block-heading\">M\u0171tr\u00e1gya:<\/h2>\n\n<p>Ny\u00e1ron havonta egyszer tr\u00e1gy\u00e1zzuk \u00e1ltal\u00e1nos c\u00e9l\u00fa, lassan old\u00f3d\u00f3 m\u0171tr\u00e1gy\u00e1val.<\/p>\n\n<h3 class=\"wp-block-heading\">B\u00edbor sz\u00f6k\u0151k\u00fat f\u0171 t\u00edpusok<\/h3>\n\n<ul class=\"wp-block-list\">\n<li><strong>Pennisetum setaceum \u2018Fireworks\u2019:<\/strong> A levelek k\u00f6zepe bord\u00f3, sz\u00e9le pedig \u00e9l\u00e9nk r\u00f3zsasz\u00edn.<\/li>\n<li><strong>P. alopecuroides \u2018Burgundy Bunny\u2019:<\/strong> Hidegt\u0171r\u0151 fajta bord\u00f3 lombozattal, amely \u0151sszel v\u00f6r\u00f6ses-b\u00edbor sz\u00edn\u0171re m\u00e9ly\u00fcl.<\/li>\n<li><strong>P. alopecuroides \u2018Little Bunny\u2019:<\/strong> Kompakt v\u00e1ltozat buff sz\u00edn\u0171 vir\u00e1gokkal.<\/li>\n<\/ul>\n\n<h3 class=\"wp-block-heading\">Metsz\u00e9s<\/h3>\n\n<p>A d\u00edszf\u00fcveket, mint p\u00e9ld\u00e1ul a b\u00edbor sz\u00f6k\u0151k\u00fat f\u00fcvet, t\u00e9l v\u00e9g\u00e9n vagy kora tavasszal, az \u00faj n\u00f6veked\u00e9s megindul\u00e1sa el\u0151tt metssz\u00fck vissza. V\u00e1gjuk vissza er\u0151sen a leveleket, 4-6 h\u00fcvelykre a n\u00f6v\u00e9ny t\u00f6v\u00e9t\u0151l. Ez elt\u00e1vol\u00edtja az elhalt leveleket, \u00e9s el\u0151seg\u00edti az eg\u00e9szs\u00e9ges \u00faj n\u00f6veked\u00e9st.<\/p>\n\n<h3 class=\"wp-block-heading\">Szapor\u00edt\u00e1s<\/h3>\n\n<p>A b\u00edbor sz\u00f6k\u0151k\u00fat f\u0171 szapor\u00edthat\u00f3 oszt\u00e1ssal vagy magr\u00f3l.<\/p>\n\n<h2 class=\"wp-block-heading\">Oszt\u00e1s:<\/h2>\n\n<ul class=\"wp-block-list\">\n<li>\u0150sszel \u00e1ssuk ki a n\u00f6v\u00e9nyt, amikor nyugalmi \u00e1llapotba ker\u00fcl.<\/li>\n<li>Osszuk eg\u00e9szs\u00e9ges gy\u00f6kerekkel \u00e9s levelekkel rendelkez\u0151 r\u00e9szekre.<\/li>\n<li>Azonnal \u00fcltess\u00fck \u00fajra, \u00e9s tartsuk nedvesen a talajt.<\/li>\n<\/ul>\n\n<h2 class=\"wp-block-heading\">Magok:<\/h2>\n\n<ul class=\"wp-block-list\">\n<li>\u0150sszel gy\u0171jts\u00fck \u00f6ssze a magokat a vir\u00e1gz\u00f3 sz\u00e1rakr\u00f3l.<\/li>\n<li>Sz\u00f3rjuk a magokat a vir\u00e1gf\u00f6ld felsz\u00edn\u00e9re, \u00e9s tartsuk nedvesen.<\/li>\n<li>Amikor k\u00e9t p\u00e1r val\u00f3di level\u00fck van, \u00fcltess\u00fck \u00e1t a pal\u00e1nt\u00e1kat nagyobb cserepekbe.<\/li>\n<li>Tavasszal szoktassuk a n\u00f6v\u00e9nyeket a szabadt\u00e9ri k\u00f6r\u00fclm\u00e9nyekhez, miel\u0151tt ki\u00fcltetn\u00e9nk \u0151ket.<\/li>\n<\/ul>\n\n<h3 class=\"wp-block-heading\">Teleltet\u00e9s<\/h3>\n\n<p>Hidegebb \u00e9ghajlaton \u00e1ssuk ki a b\u00edbor sz\u00f6k\u0151k\u00fat f\u00fcvet, \u00e9s helyezz\u00fck egy ed\u00e9nybe. V\u00e1gjuk vissza 3 h\u00fcvelykre, \u00e9s vigy\u00fck be egy h\u0171v\u00f6s, j\u00f3l megvil\u00e1g\u00edtott helyis\u00e9gbe. M\u00e9rs\u00e9kelten \u00f6nt\u00f6zz\u00fck, \u00e9s ker\u00fclj\u00fck a fagypontot. Tavasszal szoktassuk a n\u00f6v\u00e9nyt a szabadt\u00e9ri k\u00f6r\u00fclm\u00e9nyekhez, miel\u0151tt ki\u00fcltetn\u00e9nk.<\/p>\n\n<h3 class=\"wp-block-heading\">Gyakori k\u00e1rtev\u0151k \u00e9s betegs\u00e9gek<\/h3>\n\n<ul class=\"wp-block-list\">\n<li><strong>Csig\u00e1k \u00e9s meztelen csig\u00e1k:<\/strong> A levelekkel t\u00e1pl\u00e1lkoznak, de ritk\u00e1n okoznak jelent\u0151s k\u00e1rokat.<\/li>\n<li><strong>Rozsdagomba:<\/strong> A csapd\u00e1ba esett nedvess\u00e9g miatt fordulhat el\u0151. N\u00f6velj\u00fck a leveg\u0151 \u00e1raml\u00e1s\u00e1t az egyes n\u00f6v\u00e9nyek k\u00f6z\u00f6tti t\u00e1vols\u00e1g n\u00f6vel\u00e9s\u00e9vel.<\/li>\n<\/ul>\n\n<h3 class=\"wp-block-heading\">Gyakran ism\u00e9telt k\u00e9rd\u00e9sek<\/h3>\n\n<p><strong>K: K\u00f6nnyen gondozhat\u00f3 a b\u00edbor sz\u00f6k\u0151k\u00fat f\u0171?<\/strong>\nV: Igen, a b\u00edbor sz\u00f6k\u0151k\u00fat f\u0171 \u00e1ltal\u00e1ban ig\u00e9nytelen, csak alkalmank\u00e9nt kell \u00f6nt\u00f6zni \u00e9s tr\u00e1gy\u00e1zni.<\/p>\n\n<p><strong>K: Mennyi ideig \u00e9lhet a b\u00edbor sz\u00f6k\u0151k\u00fat f\u0171?<\/strong>\nV: Melegebb \u00e9ghajlaton t\u00f6bb \u00e9vszakon \u00e1t is \u00e9lhet. Hidegebb \u00e9ghajlaton gyakran egyny\u00e1rinak tekintik.<\/p>\n\n<p>**K: Meg lehet-e termeszteni a b\u00edbor sz\u00f6k\u0151k\u00fat f\u00fcvet b<\/p>","protected":false},"excerpt":{"rendered":"<p>B\u00edbor sz\u00f6k\u0151k\u00fat f\u0171: \u00datmutat\u00f3 az \u00fcltet\u00e9s\u00e9hez, gondoz\u00e1s\u00e1hoz \u00e9s szapor\u00edt\u00e1s\u00e1hoz Le\u00edr\u00e1s \u00e9s jellemz\u0151k A b\u00edbor sz\u00f6k\u0151k\u00fat f\u0171, m\u00e1s n\u00e9ven v\u00f6r\u00f6s sz\u00f6k\u0151k\u00fat f\u0171 egy \u00e9l\u00e9nk sz\u00edn\u0171 d\u00edszf\u0171, amelyet a b\u00edbor vir\u00e1gok kecsesen&hellip;<\/p>\n","protected":false},"author":1,"featured_media":24086,"comment_status":"closed","ping_status":"closed","sticky":false,"template":"","format":"standard","meta":{"footnotes":""},"categories":[11685],"tags":[8848,11684,10034,3598,252,10000],"class_list":["post-7212","post","type-post","status-publish","format-standard","has-post-thumbnail","hentry","category-nature-and-the-outdoors","tag-gardening","tag-purple-fountain-grass","tag-ornamental-grasses","tag-landscape-design","tag-nature","tag-flowering-plants"],"_links":{"self":[{"href":"https:\/\/www.lifescienceart.com\/hu\/wp-json\/wp\/v2\/posts\/7212","targetHints":{"allow":["GET"]}}],"collection":[{"href":"https:\/\/www.lifescienceart.com\/hu\/wp-json\/wp\/v2\/posts"}],"about":[{"href":"https:\/\/www.lifescienceart.com\/hu\/wp-json\/wp\/v2\/types\/post"}],"author":[{"embeddable":true,"href":"https:\/\/www.lifescienceart.com\/hu\/wp-json\/wp\/v2\/users\/1"}],"replies":[{"embeddable":true,"href":"https:\/\/www.lifescienceart.com\/hu\/wp-json\/wp\/v2\/comments?post=7212"}],"version-history":[{"count":1,"href":"https:\/\/www.lifescienceart.com\/hu\/wp-json\/wp\/v2\/posts\/7212\/revisions"}],"predecessor-version":[{"id":7213,"href":"https:\/\/www.lifescienceart.com\/hu\/wp-json\/wp\/v2\/posts\/7212\/revisions\/7213"}],"wp:featuredmedia":[{"embeddable":true,"href":"https:\/\/www.lifescienceart.com\/hu\/wp-json\/wp\/v2\/media\/24086"}],"wp:attachment":[{"href":"https:\/\/www.lifescienceart.com\/hu\/wp-json\/wp\/v2\/media?parent=7212"}],"wp:term":[{"taxonomy":"category","embeddable":true,"href":"https:\/\/www.lifescienceart.com\/hu\/wp-json\/wp\/v2\/categories?post=7212"},{"taxonomy":"post_tag","embeddable":true,"href":"https:\/\/www.lifescienceart.com\/hu\/wp-json\/wp\/v2\/tags?post=7212"}],"curies":[{"name":"wp","href":"https:\/\/api.w.org\/{rel}","templated":true}]}}