{"id":7250,"date":"2020-11-13T06:51:16","date_gmt":"2020-11-13T06:51:16","guid":{"rendered":"https:\/\/www.lifescienceart.com\/?p=7250"},"modified":"2020-11-13T06:51:16","modified_gmt":"2020-11-13T06:51:16","slug":"ash-trees-identification-benefits-and-care","status":"publish","type":"post","link":"https:\/\/www.lifescienceart.com\/hu\/life\/nature-and-environment\/ash-trees-identification-benefits-and-care\/","title":{"rendered":"Hamuf\u00e1k: azonos\u00edt\u00e1s, el\u0151ny\u00f6k \u00e9s gondoz\u00e1s"},"content":{"rendered":"<h2 class=\"wp-block-heading\">Hamuf\u00e1k: azonos\u00edt\u00e1s, el\u0151ny\u00f6k \u00e9s gondoz\u00e1s<\/h2>\n\n<h2 class=\"wp-block-heading\">Azonos\u00edt\u00e1s<\/h2>\n\n<p>A hamuf\u00e1k (Fraxinus spp.) a k\u00e9tszik\u0171ek (Magnoliopsida) oszt\u00e1ly\u00e1ba, az ajakosvir\u00e1g\u00faak (Lamiales) rendj\u00e9be, az olajfaf\u00e9l\u00e9k (Oleaceae) csal\u00e1dj\u00e1ba tartoz\u00f3 lombhullat\u00f3 f\u00e1k nemzets\u00e9ge. Jellemz\u0151 r\u00e1juk az \u00e1tellenes \u00e1gelrendez\u0151d\u00e9s, az \u00f6sszetett levelek, melyeket lev\u00e9lk\u00e9k alkotnak, valamint a fajt\u00f3l f\u00fcgg\u0151en elt\u00e9r\u0151 k\u00e9reg.<\/p>\n\n<h2 class=\"wp-block-heading\">El\u0151ny\u00f6k<\/h2>\n\n<p>A hamuf\u00e1kat nagyra \u00e9rt\u00e9kelik eszt\u00e9tikai \u00e9s \u00f6kol\u00f3giai el\u0151nyeik miatt. \u00c1rny\u00e9kot biztos\u00edtanak otthonok \u00e9s \u00fczletek sz\u00e1m\u00e1ra, cs\u00f6kkentik a l\u00e9gszennyez\u00e9st \u00e9s t\u00e1mogatj\u00e1k a vadvil\u00e1got. F\u00e1jukat szint\u00e9n nagyra \u00e9rt\u00e9kelik szil\u00e1rds\u00e1ga \u00e9s tart\u00f3ss\u00e1ga miatt.<\/p>\n\n<h2 class=\"wp-block-heading\">Smaragd hamuk\u00e9reg-ront\u00f3<\/h2>\n\n<p>A smaragd hamuk\u00e9reg-ront\u00f3 (Agrilus planipennis) egy puszt\u00edt\u00f3 invaz\u00edv k\u00e1rtev\u0151, amely \u00c9szak-Amerik\u00e1ban tizedelte a hamufa-\u00e1llom\u00e1nyokat. A kifejlett bog\u00e1r csek\u00e9ly k\u00e1rt okoz, de l\u00e1rv\u00e1i a fa bels\u0151 sz\u00f6vetein t\u00e1pl\u00e1lkoznak, megzavarva a v\u00edz- \u00e9s t\u00e1panyagsz\u00e1ll\u00edt\u00e1s k\u00e9pess\u00e9g\u00e9t.<\/p>\n\n<h2 class=\"wp-block-heading\">A fert\u0151z\u00e9s azonos\u00edt\u00e1sa<\/h2>\n\n<p>A smaragd hamuk\u00e9reg-ront\u00f3 fert\u0151z\u00e9s\u00e9nek k\u00f6vetkez\u0151 jeleit keresse:<\/p>\n\n<ul class=\"wp-block-list\">\n<li>K\u00e9rgesed\u00e9s a fels\u0151 \u00e1gakban<\/li>\n<li>Elhalt \u00e1gak a fa tetej\u00e9n<\/li>\n<li>K\u00e9rgreped\u00e9sek, amelyeket a k\u00e9reg alatt alagutat \u00e1s\u00f3 l\u00e1rv\u00e1k okoznak<\/li>\n<\/ul>\n\n<h2 class=\"wp-block-heading\">A smaragd hamuk\u00e9reg-ront\u00f3 kezel\u00e9se<\/h2>\n\n<p>A hamuf\u00e1k smaragd hamuk\u00e9reg-ront\u00f3t\u00f3l val\u00f3 meg\u00f3v\u00e1sa \u00e9rdek\u00e9ben fontolja meg a k\u00f6vetkez\u0151 int\u00e9zked\u00e9seket:<\/p>\n\n<ul class=\"wp-block-list\">\n<li><strong>Rovarirt\u00f3 kezel\u00e9s:<\/strong> Az imidakloprid hat\u00f3anyag\u00fa sziszt\u00e9m\u00e1s rovar\u00f6l\u0151 szereket talaj\u00f6nt\u00f6z\u00e9s form\u00e1j\u00e1ban lehet kijuttatni az egyes f\u00e1k v\u00e9delm\u00e9re.<\/li>\n<li><strong>Biol\u00f3giai v\u00e9dekez\u00e9s:<\/strong> A kutat\u00f3k term\u00e9szetes ragadoz\u00f3k \u00e9s biol\u00f3giai szerekkel t\u00f6rt\u00e9n\u0151 v\u00e9dekez\u00e9st vizsg\u00e1lnak a bog\u00e1r terjed\u00e9s\u00e9nek megf\u00e9kez\u00e9s\u00e9re.<\/li>\n<\/ul>\n\n<h2 class=\"wp-block-heading\">Hamufafajok<\/h2>\n\n<p>Sz\u00e1mos hamufafaj l\u00e9tezik, mindegyiknek megvannak a maga egyedi jellemz\u0151i. \u00cdme n\u00e9h\u00e1ny n\u00e9pszer\u0171 faj:<\/p>\n\n<ul class=\"wp-block-list\">\n<li><strong>Fekete hamu (Fraxinus nigra):<\/strong> Az \u00c9szak-Amerika keleti r\u00e9sz\u00e9n \u0151shonos fekete hamu hajl\u00e9kony f\u00e1j\u00e1r\u00f3l ismert, amelyet sz\u00f6v\u00e9shez \u00e9s kos\u00e1rfon\u00e1shoz haszn\u00e1lnak.<\/li>\n<li><strong>Z\u00f6ld hamu (Fraxinus pennsylvanica):<\/strong> Az \u00c9szak-Amerika keleti \u00e9s \u00e9szaki r\u00e9sz\u00e9n \u0151shonos z\u00f6ld hamu egy gyakori \u00e1rny\u00e9kfa, amely j\u00f3l t\u0171ri a v\u00e1rosi k\u00f6r\u00fclm\u00e9nyeket.<\/li>\n<li><strong>Feh\u00e9r hamu (Fraxinus americana):<\/strong> Az \u00c9szak-Amerika keleti r\u00e9sz\u00e9n \u0151shonos nagy, impoz\u00e1ns fa, a feh\u00e9r hamuf\u00e1t er\u0151s \u00e9s tart\u00f3s f\u00e1j\u00e1\u00e9rt nagyra \u00e9rt\u00e9kelik.<\/li>\n<li><strong>K\u00e9k hamu (Fraxinus quadrangulata):<\/strong> A k\u00f6z\u00e9pnyugati r\u00e9gi\u00f3ban \u0151shonos k\u00e9k hamuf\u00e1t bels\u0151 k\u00e9rg\u00e9nek k\u00e9k \u00e1rnyalata alapj\u00e1n nevezt\u00e9k el. \u00dagy tartj\u00e1k, hogy bizonyos ellen\u00e1ll\u00f3 k\u00e9pess\u00e9ggel rendelkezik a smaragd hamuk\u00e9reg-ront\u00f3val szemben.<\/li>\n<li><strong>Kaliforniai hamu (Fraxinus dipetala):<\/strong> Kalifornia, Arizona, Utah \u00e9s Nevada \u0151shonos cserje vagy kis fa, a kaliforniai hamu j\u00f3l alkalmazkodott a sz\u00e1razs\u00e1ghoz.<\/li>\n<\/ul>\n\n<h2 class=\"wp-block-heading\">Gondoz\u00e1s \u00e9s karbantart\u00e1s<\/h2>\n\n<p>A hamuf\u00e1k viszonylag k\u00f6nnyen termeszthet\u0151k \u00e9s gondozhat\u00f3k. Teljes napf\u00e9nyt \u00e9s j\u00f3l \u0434\u0440\u0435\u043d\u0438\u0440\u043e\u0432\u0430\u043d\u043d\u0443\u044e \u043f\u043e\u0447\u0432\u0443 kedvelik. \u00d6nt\u00f6z\u00e9sre csak hosszantart\u00f3 sz\u00e1razs\u00e1g vagy magas h\u0151m\u00e9rs\u00e9klet eset\u00e9n van sz\u00fcks\u00e9g. A metsz\u00e9st korl\u00e1tozni kell az elhalt \u00e1gak elt\u00e1vol\u00edt\u00e1s\u00e1ra. Tr\u00e1gy\u00e1z\u00e1s \u00e1ltal\u00e1ban nem sz\u00fcks\u00e9ges, kiv\u00e9ve, ha a n\u00f6veked\u00e9s gyenge.<\/p>\n\n<h2 class=\"wp-block-heading\">GYIK<\/h2>\n\n<ul class=\"wp-block-list\">\n<li><strong>Mik a hamuf\u00e1kkal kapcsolatos probl\u00e9m\u00e1k?<\/strong> A smaragd hamuk\u00e9reg-ront\u00f3 a legf\u0151bb fenyeget\u00e9s a hamuf\u00e1kra n\u00e9zve. M\u00e1s k\u00e1rtev\u0151k \u00e9s betegs\u00e9gek is \u00e9rinthetik \u0151ket.<\/li>\n<li><strong>Gyorsan n\u0151nek a hamuf\u00e1k?<\/strong> Igen, a hamuf\u00e1knak \u00e1ltal\u00e1ban gyors a n\u00f6veked\u00e9si \u00fctem\u00fck.<\/li>\n<li><strong>Sok v\u00edzre van sz\u00fcks\u00e9g\u00fck a hamuf\u00e1knak?<\/strong> A fiatal hamuf\u00e1knak rendszeres \u00f6nt\u00f6z\u00e9sre van sz\u00fcks\u00e9g\u00fck, m\u00edg az \u00e9rett f\u00e1knak csak sz\u00e1razs\u00e1g idej\u00e9n van sz\u00fcks\u00e9g\u00fck alkalmank\u00e9nti \u00f6nt\u00f6z\u00e9sre.<\/li>\n<li><strong>Milyen f\u00e1kat lehet \u00f6sszet\u00e9veszteni a hamuf\u00e1kkal?<\/strong> Az \u00f6sszetett leveleik miatt a hamuf\u00e1kat \u00f6ssze lehet t\u00e9veszteni a hikori- vagy di\u00f3f\u00e1kkal. A hamuf\u00e1knak azonban gy\u00e9m\u00e1nt alak\u00fa, bar\u00e1zd\u00e1lt k\u00e9rg\u00fck van, \u00e9s nem teremnek di\u00f3t.<\/li>\n<li><strong>Hol n\u0151nek legjobban a hamuf\u00e1k?<\/strong> A hamuf\u00e1k a talajt\u00edpusok \u00e9s a pH-\u00e9rt\u00e9kek sz\u00e9les sk\u00e1l\u00e1j\u00e1n k\u00e9pesek n\u00f6vekedni, de \u00e1ltal\u00e1ban a teljes napf\u00e9nyt kedvelik.<\/li>\n<\/ul>\n\n<h2 class=\"wp-block-heading\">K\u00f6vetkeztet\u00e9s<\/h2>\n\n<p>A hamuf\u00e1k \u00e9rt\u00e9kes kieg\u00e9sz\u00edt\u0151i b\u00e1rmely t\u00e1jk\u00e9pnek vagy \u00f6kosziszt\u00e9m\u00e1nak. Ha meg\u00e9rtj\u00fck az azonos\u00edt\u00e1sukat, el\u0151nyeiket \u00e9s gondoz\u00e1si ig\u00e9nyeiket, seg\u00edthet\u00fcnk megv\u00e9deni \u00e9s meg\u0151rizni ezeket a fens\u00e9ges f\u00e1kat.<\/p>","protected":false},"excerpt":{"rendered":"<p>Hamuf\u00e1k: azonos\u00edt\u00e1s, el\u0151ny\u00f6k \u00e9s gondoz\u00e1s Azonos\u00edt\u00e1s A hamuf\u00e1k (Fraxinus spp.) a k\u00e9tszik\u0171ek (Magnoliopsida) oszt\u00e1ly\u00e1ba, az ajakosvir\u00e1g\u00faak (Lamiales) rendj\u00e9be, az olajfaf\u00e9l\u00e9k (Oleaceae) csal\u00e1dj\u00e1ba tartoz\u00f3 lombhullat\u00f3 f\u00e1k nemzets\u00e9ge. Jellemz\u0151 r\u00e1juk az \u00e1tellenes&hellip;<\/p>\n","protected":false},"author":4,"featured_media":0,"comment_status":"closed","ping_status":"closed","sticky":false,"template":"","format":"standard","meta":{"footnotes":""},"categories":[237],"tags":[9177,11714,11713,11715,8819,252],"class_list":["post-7250","post","type-post","status-publish","format-standard","hentry","category-nature-and-environment","tag-tree-care","tag-tree-identification","tag-ash-trees","tag-emerald-ash-borer","tag-landscaping","tag-nature"],"_links":{"self":[{"href":"https:\/\/www.lifescienceart.com\/hu\/wp-json\/wp\/v2\/posts\/7250","targetHints":{"allow":["GET"]}}],"collection":[{"href":"https:\/\/www.lifescienceart.com\/hu\/wp-json\/wp\/v2\/posts"}],"about":[{"href":"https:\/\/www.lifescienceart.com\/hu\/wp-json\/wp\/v2\/types\/post"}],"author":[{"embeddable":true,"href":"https:\/\/www.lifescienceart.com\/hu\/wp-json\/wp\/v2\/users\/4"}],"replies":[{"embeddable":true,"href":"https:\/\/www.lifescienceart.com\/hu\/wp-json\/wp\/v2\/comments?post=7250"}],"version-history":[{"count":1,"href":"https:\/\/www.lifescienceart.com\/hu\/wp-json\/wp\/v2\/posts\/7250\/revisions"}],"predecessor-version":[{"id":7251,"href":"https:\/\/www.lifescienceart.com\/hu\/wp-json\/wp\/v2\/posts\/7250\/revisions\/7251"}],"wp:attachment":[{"href":"https:\/\/www.lifescienceart.com\/hu\/wp-json\/wp\/v2\/media?parent=7250"}],"wp:term":[{"taxonomy":"category","embeddable":true,"href":"https:\/\/www.lifescienceart.com\/hu\/wp-json\/wp\/v2\/categories?post=7250"},{"taxonomy":"post_tag","embeddable":true,"href":"https:\/\/www.lifescienceart.com\/hu\/wp-json\/wp\/v2\/tags?post=7250"}],"curies":[{"name":"wp","href":"https:\/\/api.w.org\/{rel}","templated":true}]}}