{"id":7292,"date":"2020-10-24T04:27:26","date_gmt":"2020-10-24T04:27:26","guid":{"rendered":"https:\/\/www.lifescienceart.com\/?p=7292"},"modified":"2020-10-24T04:27:26","modified_gmt":"2020-10-24T04:27:26","slug":"how-to-clean-a-yoga-mat-a-comprehensive-guide","status":"publish","type":"post","link":"https:\/\/www.lifescienceart.com\/hu\/life\/wellness\/how-to-clean-a-yoga-mat-a-comprehensive-guide\/","title":{"rendered":"J\u00f3gamatrac tiszt\u00edt\u00e1sa: egy \u00e1tfog\u00f3 \u00fatmutat\u00f3"},"content":{"rendered":"<h2 class=\"wp-block-heading\">J\u00f3gamatrac tiszt\u00edt\u00e1sa: egy \u00e1tfog\u00f3 \u00fatmutat\u00f3<\/h2>\n\n<h2 class=\"wp-block-heading\">A j\u00f3gamatrac higi\u00e9ni\u00e1j\u00e1nak fenntart\u00e1sa az optim\u00e1lis teljes\u00edtm\u00e9ny \u00e9s \u00e9lettartam \u00e9rdek\u00e9ben<\/h2>\n\n<p>A j\u00f3gamatracok elengedhetetlen kell\u00e9kei a j\u00f3ga szerelmeseinek, mivel stabil \u00e9s k\u00e9nyelmes fel\u00fcletet biztos\u00edtanak a gyakorl\u00e1shoz. Azonban a rendszeres haszn\u00e1lat verejt\u00e9ket, szennyez\u0151d\u00e9st \u00e9s bakt\u00e9riumokat halmozhat fel, vesz\u00e9lyeztetve a matrac higi\u00e9ni\u00e1j\u00e1t \u00e9s teljes\u00edtm\u00e9ny\u00e9t. A rendszeres tiszt\u00edt\u00e1si rutin elengedhetetlen annak biztos\u00edt\u00e1s\u00e1hoz, hogy a j\u00f3gamatrac tiszta, fert\u0151tlen\u00edtett \u00e9s j\u00f3 \u00e1llapotban maradjon.<\/p>\n\n<h3 class=\"wp-block-heading\">Tiszt\u00edt\u00e1si gyakoris\u00e1g<\/h3>\n\n<ul class=\"wp-block-list\">\n<li><strong>Minden haszn\u00e1lat ut\u00e1n:<\/strong> T\u00f6r\u00f6lje le a matracot egy tiszta t\u00f6r\u00fclk\u00f6z\u0151vel a verejt\u00e9k \u00e9s a laza szennyez\u0151d\u00e9sek elt\u00e1vol\u00edt\u00e1s\u00e1hoz.<\/li>\n<li><strong>Hetente:<\/strong> Tiszt\u00edtsa meg alaposan a matracot, k\u00fcl\u00f6n\u00f6sen akkor, ha naponta haszn\u00e1lja, a szagok megel\u0151z\u00e9se \u00e9s az \u00e9lettartam meghosszabb\u00edt\u00e1sa \u00e9rdek\u00e9ben.<\/li>\n<li><strong>Havonta vagy k\u00e9thavonta:<\/strong> V\u00e9gezzen alapos m\u00e9lytiszt\u00edt\u00e1st a bakt\u00e9riumok \u00e9s gomb\u00e1k elt\u00e1vol\u00edt\u00e1s\u00e1ra.<\/li>\n<\/ul>\n\n<h3 class=\"wp-block-heading\">Sz\u00fcks\u00e9ges anyagok<\/h3>\n\n<h2 class=\"wp-block-heading\">Eszk\u00f6z\u00f6k:<\/h2>\n\n<ul class=\"wp-block-list\">\n<li>K\u00e1d vagy v\u00f6d\u00f6r<\/li>\n<li>Szivacs vagy puha ruha<\/li>\n<li>Permetez\u0151flakon<\/li>\n<li>Mikrosz\u00e1las t\u00f6r\u00f6lk\u00f6z\u0151<\/li>\n<\/ul>\n\n<h2 class=\"wp-block-heading\">Anyagok:<\/h2>\n\n<ul class=\"wp-block-list\">\n<li>Ecet<\/li>\n<li>Ill\u00f3olaj<\/li>\n<li>Mosogat\u00f3szer vagy k\u00edm\u00e9l\u0151 mos\u00f3szer<\/li>\n<li>V\u00edz<\/li>\n<li>Hidrog\u00e9n-peroxid vagy izopropil-alkohol<\/li>\n<\/ul>\n\n<h3 class=\"wp-block-heading\">Tiszt\u00edt\u00e1si m\u00f3dszerek<\/h3>\n\n<h2 class=\"wp-block-heading\">Permetez\u0151flakonos m\u00f3dszer<\/h2>\n\n<ol class=\"wp-block-list\">\n<li><strong>K\u00e9sz\u00edtse el az oldatot:<\/strong> Keverjen \u00f6ssze k\u00e9t r\u00e9sz vizet \u00e9s egy r\u00e9sz ecetet egy permetez\u0151flakonban. Adjon hozz\u00e1 h\u00e1rom-\u00f6t csepp ill\u00f3olajat a frissess\u00e9g kedv\u00e9\u00e9rt.<\/li>\n<li><strong>R\u00e1zza fel \u00e9s f\u00fajja:<\/strong> R\u00e1zza fel a matracot a laza szennyez\u0151d\u00e9sek elt\u00e1vol\u00edt\u00e1s\u00e1hoz. F\u00fajja r\u00e1 az ecetoldatot az egyik oldal\u00e1ra, \u00e9s t\u00f6r\u00f6lje le egy mikrosz\u00e1las kend\u0151vel.<\/li>\n<li><strong>Hagyja megsz\u00e1radni:<\/strong> Hagyja, hogy a matrac teljesen megsz\u00e1radjon a leveg\u0151n, miel\u0151tt a m\u00e1sik oldal\u00e1t megtiszt\u00edtja.<\/li>\n<\/ol>\n\n<h2 class=\"wp-block-heading\">M\u00e9lytiszt\u00edt\u00e1s a k\u00e1dban<\/h2>\n\n<ol class=\"wp-block-list\">\n<li><strong>Keverje \u00f6ssze az oldatot:<\/strong> T\u00f6ltse meg a k\u00e1dat meleg v\u00edzzel, \u00e9s adjon hozz\u00e1 mosogat\u00f3szert vagy k\u00edm\u00e9l\u0151 mos\u00f3szert (egy te\u00e1skan\u00e1l literenk\u00e9nt).<\/li>\n<li><strong>\u00c1ztassa a matracot:<\/strong> Mer\u00edtse a matracot az oldatba, \u00e9s \u00e1ztassa 10 percig, hogy fellazuljon a kosz.<\/li>\n<li><strong>D\u00f6rzs\u00f6lje \u00e1t \u00e9s t\u00f6r\u00f6lje le:<\/strong> Haszn\u00e1ljon puha ruh\u00e1t vagy szivacsot a matrac mindk\u00e9t oldal\u00e1nak \u00e1td\u00f6rzs\u00f6l\u00e9s\u00e9hez \u00e9s let\u00f6rl\u00e9s\u00e9hez, k\u00fcl\u00f6n\u00f6s tekintettel a nagy ig\u00e9nybev\u00e9telnek kitett ter\u00fcletekre.<\/li>\n<li><strong>Engedje le a vizet \u00e9s \u00f6bl\u00edtse le:<\/strong> Engedje le a szappanos vizet, \u00e9s \u00f6bl\u00edtse le alaposan a matracot tiszta v\u00edzzel. Ism\u00e9telje meg, am\u00edg az \u00f6bl\u00edt\u0151v\u00edz tiszta nem lesz.<\/li>\n<li><strong>T\u00e1vol\u00edtsa el a f\u00f6l\u00f6sleges vizet:<\/strong> R\u00e1zza le a felesleges vizet, \u00e9s tekerje fel a matracot egy nagy t\u00f6r\u00fclk\u00f6z\u0151be, hogy felsz\u00edvja a nedvess\u00e9get. A matracot k\u00e9t t\u00f6r\u00f6lk\u00f6z\u0151 k\u00f6z\u00e9 is helyezheti, \u00e9s a fels\u0151 t\u00f6r\u00fclk\u00f6z\u0151n s\u00e9t\u00e1lhat a tov\u00e1bbi nedvsz\u00edv\u00e1s \u00e9rdek\u00e9ben.<\/li>\n<li><strong>Fert\u0151tlen\u00edtse:<\/strong> F\u00fajja le a matracot egy kereskedelemben kaphat\u00f3 fert\u0151tlen\u00edt\u0151szerrel, vagy k\u00e9sz\u00edtsen h\u00e1zi oldatot h\u00e1rom r\u00e9sz v\u00edzb\u0151l \u00e9s egy r\u00e9sz hidrog\u00e9n-peroxidb\u00f3l vagy izopropil-alkoholb\u00f3l.<\/li>\n<li><strong>Akassza ki sz\u00e1radni:<\/strong> Fesz\u00edtse ki a matracot egy sz\u00e1r\u00edt\u00f3ra, vagy akassza ki egy szabadt\u00e9ri sz\u00e1r\u00edt\u00f3k\u00f6t\u00e9lre. Ker\u00fclje a sz\u00e1r\u00edt\u00f3g\u00e9p haszn\u00e1lat\u00e1t, mert a h\u0151 \u00e9s a r\u00e1z\u00e1s k\u00e1ros\u00edthatja a matracot.<\/li>\n<\/ol>\n\n<h3 class=\"wp-block-heading\">Kimoshat\u00f3-e a j\u00f3gamatrac a mos\u00f3g\u00e9pben?<\/h3>\n\n<p>N\u00e9h\u00e1ny j\u00f3gamatrac mos\u00f3g\u00e9pben moshat\u00f3, de a legjobb, ha ellen\u0151rzi a gy\u00e1rt\u00f3 utas\u00edt\u00e1sait. Haszn\u00e1ljon el\u00f6lt\u00f6lt\u0151s vagy nagy hat\u00e9konys\u00e1g\u00fa fel\u00fclt\u00f6lt\u0151s mos\u00f3g\u00e9pet k\u00f6zponti kever\u0151 n\u00e9lk\u00fcl. V\u00e1lassza a k\u00edm\u00e9l\u0151 ciklust, \u00e9s haszn\u00e1ljon kis mennyis\u00e9g\u0171 enyhe mosogat\u00f3szert. A mos\u00e1s befejez\u00e9se ut\u00e1n sz\u00e1r\u00edtsa meg a matracot a leveg\u0151n, ker\u00fclve a sz\u00e1r\u00edt\u00f3g\u00e9pet. A t\u00falzott mos\u00e1s k\u00e1ros\u00edthatja a matracot, ez\u00e9rt \u00e1ltal\u00e1ban a k\u00e9zi mos\u00e1s aj\u00e1nlott.<\/p>\n\n<h3 class=\"wp-block-heading\">Tippek a tart\u00f3s tisztas\u00e1ghoz<\/h3>\n\n<ul class=\"wp-block-list\">\n<li>Minden haszn\u00e1lat ut\u00e1n t\u00f6r\u00f6lje le a matracot, \u00e9s hagyja megsz\u00e1radni, miel\u0151tt elteszi.<\/li>\n<li>Akassza fel a matracot a felteker\u00e9s helyett, hogy jobban szell\u0151zz\u00f6n.<\/li>\n<li>Haszn\u00e1lat el\u0151tt mossa meg a kez\u00e9t \u00e9s a l\u00e1b\u00e1t.<\/li>\n<li>Tartsa t\u00e1vol a matracot a k\u00f6zvetlen napf\u00e9nyt\u0151l, mert az t\u00f6r\u00e9kenny\u00e9 teheti.<\/li>\n<li>Sz\u00f3rjon sz\u00f3dabikarb\u00f3n\u00e1t a matracra a szagok elt\u00e1vol\u00edt\u00e1sa \u00e9s a tapad\u00e1s helyre\u00e1ll\u00edt\u00e1sa \u00e9rdek\u00e9ben.<\/li>\n<li>Ker\u00fclje a kr\u00e9mek, test\u00e1pol\u00f3k \u00e9s ill\u00f3olajok haszn\u00e1lat\u00e1t, amelyek befoltozhatj\u00e1k vagy k\u00e1ros\u00edthatj\u00e1k a matracot.<\/li>\n<li>Izzaszt\u00f3 edz\u00e9sek sor\u00e1n haszn\u00e1ljon j\u00f3gat\u00f6r\u00f6lk\u00f6z\u0151t a matrac tetej\u00e9n a k\u00f6nnyebb tiszt\u00edt\u00e1s \u00e9rdek\u00e9ben.<\/li>\n<li>Cser\u00e9lje ki a matracot, ha megrepedt vagy s\u00e9r\u00fclt, mivel a tiszt\u00edt\u00e1s ronthat az \u00e1llapot\u00e1n.<\/li>\n<\/ul>\n\n<h3 class=\"wp-block-heading\">Gyakran ism\u00e9telt k\u00e9rd\u00e9sek<\/h3>\n\n<h2 class=\"wp-block-heading\">K: Sz\u00fcks\u00e9ges a j\u00f3gamatracok tiszt\u00edt\u00e1sa?<\/h2>\n\n<p>V: Igen, a rendszeres tiszt\u00edt\u00e1s elengedhetetlen a verejt\u00e9k, szennyez\u0151d\u00e9s \u00e9s bakt\u00e9riumok felhalmoz\u00f3d\u00e1s\u00e1nak megakad\u00e1lyoz\u00e1s\u00e1ra, amelyek befoly\u00e1solhatj\u00e1k a matrac higi\u00e9ni\u00e1j\u00e1t, teljes\u00edtm\u00e9ny\u00e9t \u00e9s tart\u00f3ss\u00e1g\u00e1t.<\/p>\n\n<h2 class=\"wp-block-heading\">K: Mi t\u00f6rt\u00e9nik, ha nem tiszt\u00edt meg egy j\u00f3gamatracot?<\/h2>\n\n<p>V: Egy tiszt\u00e1talan j\u00f3gamatrac b\u00fcd\u00f6s, szennyezett \u00e9s bakt\u00e9riumokat tartalmazhat, ami kellemetlenn\u00e9 \u00e9s potenci\u00e1lisan eg\u00e9szs\u00e9gk\u00e1ros\u00edt\u00f3v\u00e1 teszi a haszn\u00e1lat\u00e1t. T\u00f6r\u00e9kenny\u00e9 \u00e9s nehezen haszn\u00e1lhat\u00f3v\u00e1 is v\u00e1lhat, \u00edgy cser\u00e9re szorul.<\/p>\n\n<h2 class=\"wp-block-heading\">K: Milyen gyakran kell alaposan megtiszt\u00edtanom a j\u00f3gamatracom?<\/h2>\n\n<p>V: A m\u00e9lytiszt\u00edt\u00e1st havonta vagy k\u00e9thavonta kell elv\u00e9gezni, a haszn\u00e1latt\u00f3l \u00e9s az izzad\u00e1s szintj\u00e9t\u0151l f\u00fcgg\u0151en. A forr\u00f3 j\u00f3g\u00e1ban vagy m\u00e1s izzaszt\u00f3 edz\u00e9sekben haszn\u00e1lt matracok eset\u00e9ben gyakrabban aj\u00e1nlott a m\u00e9lytiszt\u00edt\u00e1s.<\/p>","protected":false},"excerpt":{"rendered":"<p>J\u00f3gamatrac tiszt\u00edt\u00e1sa: egy \u00e1tfog\u00f3 \u00fatmutat\u00f3 A j\u00f3gamatrac higi\u00e9ni\u00e1j\u00e1nak fenntart\u00e1sa az optim\u00e1lis teljes\u00edtm\u00e9ny \u00e9s \u00e9lettartam \u00e9rdek\u00e9ben A j\u00f3gamatracok elengedhetetlen kell\u00e9kei a j\u00f3ga szerelmeseinek, mivel stabil \u00e9s k\u00e9nyelmes fel\u00fcletet biztos\u00edtanak a gyakorl\u00e1shoz.&hellip;<\/p>\n","protected":false},"author":3,"featured_media":0,"comment_status":"closed","ping_status":"","sticky":false,"template":"","format":"standard","meta":{"footnotes":""},"categories":[1130],"tags":[3867,3216,11756,8943,8891],"class_list":["post-7292","post","type-post","status-publish","format-standard","hentry","category-wellness","tag-fitness","tag-hygiene","tag-yoga","tag-maintenance","tag-cleaning"],"_links":{"self":[{"href":"https:\/\/www.lifescienceart.com\/hu\/wp-json\/wp\/v2\/posts\/7292","targetHints":{"allow":["GET"]}}],"collection":[{"href":"https:\/\/www.lifescienceart.com\/hu\/wp-json\/wp\/v2\/posts"}],"about":[{"href":"https:\/\/www.lifescienceart.com\/hu\/wp-json\/wp\/v2\/types\/post"}],"author":[{"embeddable":true,"href":"https:\/\/www.lifescienceart.com\/hu\/wp-json\/wp\/v2\/users\/3"}],"replies":[{"embeddable":true,"href":"https:\/\/www.lifescienceart.com\/hu\/wp-json\/wp\/v2\/comments?post=7292"}],"version-history":[{"count":1,"href":"https:\/\/www.lifescienceart.com\/hu\/wp-json\/wp\/v2\/posts\/7292\/revisions"}],"predecessor-version":[{"id":7293,"href":"https:\/\/www.lifescienceart.com\/hu\/wp-json\/wp\/v2\/posts\/7292\/revisions\/7293"}],"wp:attachment":[{"href":"https:\/\/www.lifescienceart.com\/hu\/wp-json\/wp\/v2\/media?parent=7292"}],"wp:term":[{"taxonomy":"category","embeddable":true,"href":"https:\/\/www.lifescienceart.com\/hu\/wp-json\/wp\/v2\/categories?post=7292"},{"taxonomy":"post_tag","embeddable":true,"href":"https:\/\/www.lifescienceart.com\/hu\/wp-json\/wp\/v2\/tags?post=7292"}],"curies":[{"name":"wp","href":"https:\/\/api.w.org\/{rel}","templated":true}]}}