{"id":7539,"date":"2022-09-01T19:51:10","date_gmt":"2022-09-01T19:51:10","guid":{"rendered":"https:\/\/www.lifescienceart.com\/?p=7539"},"modified":"2022-09-01T19:51:10","modified_gmt":"2022-09-01T19:51:10","slug":"growing-a-lush-lawn-in-dry-conditions","status":"publish","type":"post","link":"https:\/\/www.lifescienceart.com\/hu\/life\/gardening\/growing-a-lush-lawn-in-dry-conditions\/","title":{"rendered":"\u00c9l\u00e9nk gyep sz\u00e1raz k\u00f6r\u00fclm\u00e9nyek k\u00f6z\u00f6tt: \u00c1tfog\u00f3 \u00fatmutat\u00f3"},"content":{"rendered":"<h2 class=\"wp-block-heading\">\u00c9l\u00e9nk gyep termeszt\u00e9se sz\u00e1raz k\u00f6r\u00fclm\u00e9nyek k\u00f6z\u00f6tt: \u00c1tfog\u00f3 \u00fatmutat\u00f3<\/h2>\n\n<h2 class=\"wp-block-heading\">\u00d6nt\u00f6z\u00e9si strat\u00e9gi\u00e1k sz\u00e1raz \u00e9ghajlatra<\/h2>\n\n<p>Sz\u00e1raz r\u00e9gi\u00f3kban a v\u00edzmeg\u0151rz\u00e9s kiemelked\u0151 fontoss\u00e1g\u00fa. Eg\u00e9szs\u00e9ges gyep fenntart\u00e1s\u00e1hoz d\u00f6nt\u0151 fontoss\u00e1g\u00fa a helyes \u00e9s hat\u00e9kony \u00f6nt\u00f6z\u00e9s.<\/p>\n\n<ul class=\"wp-block-list\">\n<li><strong>\u00d6nt\u00f6z\u00e9s gyakoris\u00e1ga:<\/strong> A k\u00f6zhiedelemmel ellent\u00e9tben a t\u00fal\u00f6nt\u00f6z\u00e9s gyeng\u00edtheti a p\u00e1zsitot. C\u00e9lozzon hetente 1-1,5 h\u00fcvelyk v\u00edzre, ritk\u00e1bban \u00f6nt\u00f6zve m\u00e9lyen.\n&#8211;<strong>\u00d6nt\u00f6z\u00e9si technika:<\/strong> \u00d6nt\u00f6zz\u00f6n reggel, hogy minimaliz\u00e1lja a p\u00e1rolg\u00e1st. Ker\u00fclje az \u00f6nt\u00f6z\u00e9st szeles napokon vagy intenz melegben.<\/li>\n<\/ul>\n\n<h2 class=\"wp-block-heading\">Alkalmazkod\u00e1s a ny\u00e1ri meleghez<\/h2>\n\n<p>A perzsel\u0151 ny\u00e1ri h\u00f3napokban p\u00e1zsitj\u00e1nak k\u00fcl\u00f6nleges gondoz\u00e1sra van sz\u00fcks\u00e9ge.<\/p>\n\n<ul class=\"wp-block-list\">\n<li><strong>Cs\u00f6kkentse a gyalogos forgalmat \u00e9s a karbantart\u00e1st:<\/strong> Korl\u00e1tozza a p\u00e1zsiton v\u00e9gzett tev\u00e9kenys\u00e9geket, \u00e9s halassza el a szell\u0151ztet\u00e9st \u00e9s a gyepszell\u0151ztet\u00e9st a h\u0171v\u00f6sebb \u00e9vszakokra.<\/li>\n<li><strong>Magasabbra ny\u00edrja a f\u00fcvet:<\/strong> A f\u0171sz\u00e1lak nedvess\u00e9get t\u00e1rolnak. Magasabbra ny\u00edrva \u00e1rny\u00e9kot biztos\u00edt a talaj sz\u00e1m\u00e1ra, cs\u00f6kkentve a nedvess\u00e9gvesztes\u00e9get.<\/li>\n<li><strong>Cs\u00f6kkentse a stresszt sz\u00e1razs\u00e1g idej\u00e9n:<\/strong> Ker\u00fclje a nagyobb gyepkarbantart\u00e1st sz\u00e1raz id\u0151szakokban, \u00e9s a gy\u00f6k\u00e9rrendszerre \u00f6sszpontos\u00edtva m\u00e9lyen \u00f6nt\u00f6zze, hogy \u00e9letben tartsa.<\/li>\n<\/ul>\n\n<h2 class=\"wp-block-heading\">Sz\u00e1razs\u00e1gt\u0171r\u0151 f\u0171f\u00e9l\u00e9k v\u00e1laszt\u00e1sa<\/h2>\n\n<p>N\u00e9h\u00e1ny f\u0171fajta jobban ellen\u00e1ll a v\u00edzhi\u00e1nynak, mint m\u00e1sok.<\/p>\n\n<ul class=\"wp-block-list\">\n<li><strong>H\u0171v\u00f6s \u00e9vszak f\u0171f\u00e9l\u00e9k:<\/strong> A csenkeszfajt\u00e1k ismertek sz\u00e1razs\u00e1gt\u0171r\u00e9s\u00fckr\u0151l, kevesebb v\u00edzre van sz\u00fcks\u00e9g\u00fck, mint a Kentucky bluegrass, amely a h\u0171v\u00f6s \u00e9vszak\u00fa \u00e9ghajlatok hagyom\u00e1nyos v\u00e1laszt\u00e1sa.<\/li>\n<li><strong>Meleg \u00e9vszak f\u0171f\u00e9l\u00e9k:<\/strong> A meleg \u00e9vszak\u00fa r\u00e9gi\u00f3k sz\u00e1razs\u00e1gt\u0171r\u0151 f\u0171fajok sz\u00e9les v\u00e1laszt\u00e9k\u00e1t k\u00edn\u00e1lj\u00e1k, bele\u00e9rtve kifejezetten sz\u00e1raz k\u00f6rnyezethez nemes\u00edtett fajt\u00e1kat.<\/li>\n<\/ul>\n\n<h2 class=\"wp-block-heading\">Megfelel\u0151 f\u0171ny\u00edr\u00e1si gyakorlatok<\/h2>\n\n<p>A f\u0171ny\u00edr\u00e1s jelent\u0151s szerepet j\u00e1tszik a gyep eg\u00e9szs\u00e9g\u00e9ben.<\/p>\n\n<ul class=\"wp-block-list\">\n<li><strong>Ny\u00edrja a megfelel\u0151 magass\u00e1gra:<\/strong> Sz\u00e1raz k\u00f6r\u00fclm\u00e9nyek k\u00f6z\u00f6tt ny\u00edrja magasabbra, hogy meg\u0151rizze a nedvess\u00e9get \u00e9s \u00e1rny\u00e9kolja a talajt.<\/li>\n<li><strong>Ker\u00fclje a f\u0171ny\u00edr\u00e1st sz\u00e1razs\u00e1g idej\u00e9n:<\/strong> \u00c1ll\u00edtsa le a f\u0171ny\u00edr\u00e1st sz\u00e1razs\u00e1g idej\u00e9n, hogy minimaliz\u00e1lja a f\u0171 stressz\u00e9t.<\/li>\n<\/ul>\n\n<h2 class=\"wp-block-heading\">A talaj d\u00fas\u00edt\u00e1sa<\/h2>\n\n<p>Az eg\u00e9szs\u00e9ges talaj t\u00e1mogatja a vir\u00e1gz\u00f3 gyepet.<\/p>\n\n<ul class=\"wp-block-list\">\n<li><strong>Talajjav\u00edt\u00e1s:<\/strong> Dolgozzon szerves anyagot vagy komposztot a talajba, hogy jav\u00edtsa nedvess\u00e9gmegtart\u00f3 k\u00e9pess\u00e9g\u00e9t.<\/li>\n<li><strong>Haszn\u00e1ljon mulcsoz\u00f3 f\u0171ny\u00edr\u00f3t:<\/strong> Hagyja a f\u0171nyesed\u00e9ket a p\u00e1zsiton, hogy szerves anyagot biztos\u00edtson \u00e9s megtartsa a nedvess\u00e9get.<\/li>\n<\/ul>\n\n<h2 class=\"wp-block-heading\">Fontolja meg a gyepm\u00e9ret cs\u00f6kkent\u00e9s\u00e9t<\/h2>\n\n<p>S\u00falyos v\u00edzhi\u00e1ny eset\u00e9n a p\u00e1zsit m\u00e9ret\u00e9nek cs\u00f6kkent\u00e9se lehet praktikus megold\u00e1s.<\/p>\n\n<ul class=\"wp-block-list\">\n<li><strong>Nem f\u00fcves ter\u00fcletek l\u00e9trehoz\u00e1sa:<\/strong> Adjon hozz\u00e1 fed\u00e9lzeteket, teraszokat vagy m\u00e1s kem\u00e9ny fel\u00fcleteket, hogy cs\u00f6kkentse a v\u00edz ig\u00e9nyes f\u0171 sz\u00fcks\u00e9gess\u00e9g\u00e9t.<\/li>\n<li><strong>Cs\u00f6kkentse a gyep m\u00e9ret\u00e9t:<\/strong> Tegye a fennmarad\u00f3 gyepet kisebb\u00e9 \u00e9s kezelhet\u0151bb\u00e9, \u00f6sszpontos\u00edtva azokra a ter\u00fcletekre, amelyeket tev\u00e9kenys\u00e9gekhez vagy eszt\u00e9tik\u00e1hoz haszn\u00e1lnak.<\/li>\n<\/ul>\n\n<h2 class=\"wp-block-heading\">Alternat\u00edv talajtakar\u00f3k<\/h2>\n\n<p>\u00c1lland\u00f3 v\u00edzhi\u00e1ny eset\u00e9n fontolja meg a f\u0171 helyettes\u00edt\u00e9s\u00e9t alternat\u00edv talajtakar\u00f3kkal, amelyek kevesebb vizet ig\u00e9nyelnek.<\/p>\n\n<ul class=\"wp-block-list\">\n<li><strong>\u00c1rny\u00e9kos ter\u00fcletek:<\/strong> A met\u00e9ng, a k\u00fasz\u00f3 mah\u00f3nia, a szagos m\u00fcge \u00e9s a k\u00fasz\u00f3 kakukkf\u0171 alkalmas talajtakar\u00f3 \u00e1rny\u00e9kos ter\u00fcletekre.<\/li>\n<li><strong>Napos ter\u00fcletek:<\/strong> A napr\u00f3vir\u00e1g\u00fa sziklaperje, a ny\u00e1ri h\u00f3, a moha phlox \u00e9s a borosty\u00e1nvir\u00e1g napos, sz\u00e1raz k\u00f6r\u00fclm\u00e9nyek k\u00f6z\u00f6tt fejl\u0151dik.<\/li>\n<\/ul>\n\n<h2 class=\"wp-block-heading\">M\u0171f\u0171<\/h2>\n\n<p>A m\u0171f\u0171 v\u00edztakar\u00e9kos alternat\u00edv\u00e1t k\u00edn\u00e1l a hagyom\u00e1nyos gyephez k\u00e9pest.<\/p>\n\n<ul class=\"wp-block-list\">\n<li><strong>Alacsony karbantart\u00e1si ig\u00e9ny:<\/strong> A m\u0171f\u0171 minim\u00e1lis karbantart\u00e1st ig\u00e9nyel, megsz\u00fcntetve az \u00f6nt\u00f6z\u00e9s, a f\u0171ny\u00edr\u00e1s \u00e9s a tr\u00e1gy\u00e1z\u00e1s sz\u00fcks\u00e9gess\u00e9g\u00e9t.<\/li>\n<li><strong>Realisztikus megjelen\u00e9s:<\/strong> A technol\u00f3giai fejl\u0151d\u00e9s olyan szintetikus gyepet eredm\u00e9nyezett, amely megjelen\u00e9s\u00e9ben \u00e9s text\u00far\u00e1j\u00e1ban is nagyon hasonl\u00edt a term\u00e9szetes f\u0171h\u00f6z.<\/li>\n<\/ul>\n\n<h2 class=\"wp-block-heading\">Tr\u00e1gy\u00e1z\u00e1s sz\u00e1raz k\u00f6r\u00fclm\u00e9nyek k\u00f6z\u00f6tt<\/h2>\n\n<p>P\u00e1zsitj\u00e1nak tr\u00e1gy\u00e1z\u00e1sa sz\u00e1raz id\u0151szakokban \u00f3vatosan t\u00f6rt\u00e9njen.<\/p>\n\n<ul class=\"wp-block-list\">\n<li><strong>Ker\u00fclje a nitrog\u00e9nm\u0171tr\u00e1gy\u00e1t:<\/strong> A t\u00faltr\u00e1gy\u00e1z\u00e1s nitrog\u00e9nnel meg\u00e9getheti a p\u00e1zsitot forr\u00f3, sz\u00e1raz k\u00f6r\u00fclm\u00e9nyek k\u00f6z\u00f6tt.<\/li>\n<li><strong>\u0150sszel vagy t\u00e9len tr\u00e1gy\u00e1zzon:<\/strong> Vigyen fel m\u0171tr\u00e1gy\u00e1t, amikor az id\u0151j\u00e1r\u00e1s h\u0171v\u00f6sebb, hogy el\u0151seg\u00edtse az eg\u00e9szs\u00e9ges n\u00f6veked\u00e9st stressz okoz\u00e1sa n\u00e9lk\u00fcl.<\/li>\n<\/ul>\n\n<h2 class=\"wp-block-heading\">Gyakran ism\u00e9telt k\u00e9rd\u00e9sek<\/h2>\n\n<ul class=\"wp-block-list\">\n<li><strong>Sz\u00fcks\u00e9ges a p\u00e1zsitot naponta \u00f6nt\u00f6zni sz\u00e1razs\u00e1g idej\u00e9n?<\/strong> Nem, heti t\u00f6bb alkalommal t\u00f6rt\u00e9n\u0151 m\u00e9ly \u00f6nt\u00f6z\u00e9s hat\u00e9konyabb, mint a napi \u00f6nt\u00f6z\u00e9s.<\/li>\n<li><strong>Mi t\u00f6rt\u00e9nik, ha a f\u0171 t\u00fal sz\u00e1raz lesz?<\/strong> A sz\u00e1razs\u00e1gt\u00f3l stresszes f\u0171 elfonnyadhat \u00e9s megbarnulhat, de megfelel\u0151 \u00f6nt\u00f6z\u00e9ssel \u00e9s ide\u00e1lis h\u0151m\u00e9rs\u00e9klettel helyre\u00e1llhat.<\/li>\n<li><strong>Jobb a f\u00fcvet sz\u00e1razs\u00e1g idej\u00e9n hosszabban vagy r\u00f6videbben hagyni?<\/strong> A hosszabb f\u0171 h\u0171v\u00f6sebben tartja a talajt \u00e9s cs\u00f6kkenti a p\u00e1rolg\u00e1st, el\u0151seg\u00edtve egy er\u0151sebb gy\u00f6k\u00e9rrendszer kialakul\u00e1s\u00e1t.<\/li>\n<\/ul>","protected":false},"excerpt":{"rendered":"<p>\u00c9l\u00e9nk gyep termeszt\u00e9se sz\u00e1raz k\u00f6r\u00fclm\u00e9nyek k\u00f6z\u00f6tt: \u00c1tfog\u00f3 \u00fatmutat\u00f3 \u00d6nt\u00f6z\u00e9si strat\u00e9gi\u00e1k sz\u00e1raz \u00e9ghajlatra Sz\u00e1raz r\u00e9gi\u00f3kban a v\u00edzmeg\u0151rz\u00e9s kiemelked\u0151 fontoss\u00e1g\u00fa. Eg\u00e9szs\u00e9ges gyep fenntart\u00e1s\u00e1hoz d\u00f6nt\u0151 fontoss\u00e1g\u00fa a helyes \u00e9s hat\u00e9kony \u00f6nt\u00f6z\u00e9s. \u00d6nt\u00f6z\u00e9s gyakoris\u00e1ga:&hellip;<\/p>\n","protected":false},"author":5,"featured_media":0,"comment_status":"closed","ping_status":"","sticky":false,"template":"","format":"standard","meta":{"footnotes":""},"categories":[8813],"tags":[12029,10247,8864,12030,441],"class_list":["post-7539","post","type-post","status-publish","format-standard","hentry","category-gardening","tag-drought-tolerant-grasses","tag-sustainable-landscaping","tag-lawn-care","tag-dry-climates","tag-water-conservation"],"_links":{"self":[{"href":"https:\/\/www.lifescienceart.com\/hu\/wp-json\/wp\/v2\/posts\/7539","targetHints":{"allow":["GET"]}}],"collection":[{"href":"https:\/\/www.lifescienceart.com\/hu\/wp-json\/wp\/v2\/posts"}],"about":[{"href":"https:\/\/www.lifescienceart.com\/hu\/wp-json\/wp\/v2\/types\/post"}],"author":[{"embeddable":true,"href":"https:\/\/www.lifescienceart.com\/hu\/wp-json\/wp\/v2\/users\/5"}],"replies":[{"embeddable":true,"href":"https:\/\/www.lifescienceart.com\/hu\/wp-json\/wp\/v2\/comments?post=7539"}],"version-history":[{"count":1,"href":"https:\/\/www.lifescienceart.com\/hu\/wp-json\/wp\/v2\/posts\/7539\/revisions"}],"predecessor-version":[{"id":7540,"href":"https:\/\/www.lifescienceart.com\/hu\/wp-json\/wp\/v2\/posts\/7539\/revisions\/7540"}],"wp:attachment":[{"href":"https:\/\/www.lifescienceart.com\/hu\/wp-json\/wp\/v2\/media?parent=7539"}],"wp:term":[{"taxonomy":"category","embeddable":true,"href":"https:\/\/www.lifescienceart.com\/hu\/wp-json\/wp\/v2\/categories?post=7539"},{"taxonomy":"post_tag","embeddable":true,"href":"https:\/\/www.lifescienceart.com\/hu\/wp-json\/wp\/v2\/tags?post=7539"}],"curies":[{"name":"wp","href":"https:\/\/api.w.org\/{rel}","templated":true}]}}