{"id":7562,"date":"2023-08-18T09:51:56","date_gmt":"2023-08-18T09:51:56","guid":{"rendered":"https:\/\/www.lifescienceart.com\/?p=7562"},"modified":"2023-08-18T09:51:56","modified_gmt":"2023-08-18T09:51:56","slug":"window-header-size-types-installation","status":"publish","type":"post","link":"https:\/\/www.lifescienceart.com\/hu\/uncategorized\/window-header-size-types-installation\/","title":{"rendered":"Ablakfej: m\u00e9ret, t\u00edpusok \u00e9s beszerel\u00e9s"},"content":{"rendered":"<h2 class=\"wp-block-heading\">Ablakfej: M\u00e9ret, t\u00edpusok \u00e9s beszerel\u00e9s<\/h2>\n\n<h2 class=\"wp-block-heading\">Mi az ablakfej?<\/h2>\n\n<p>Az ablakfej egy olyan szerkezeti gerenda, amely egy ablakny\u00edl\u00e1s tetej\u00e9n h\u00faz\u00f3dik v\u00e9gig, lehet\u0151v\u00e9 t\u00e9ve, hogy az alatta l\u00e9v\u0151 t\u00e9r nyitva maradjon. A k\u00fcls\u0151 fal egy r\u00e9sz\u00e9t helyettes\u00edti, fenntartva a szerkezeti integrit\u00e1st az alatta l\u00e9v\u0151 s\u00faly megt\u00e1maszt\u00e1s\u00e1val.<\/p>\n\n<h2 class=\"wp-block-heading\">Mi\u00e9rt fontos az ablakfej megfelel\u0151 m\u00e9retez\u00e9se?<\/h2>\n\n<p>Az ablakfej megfelel\u0151 m\u00e9retez\u00e9se t\u00f6bb okb\u00f3l is d\u00f6nt\u0151 fontoss\u00e1g\u00fa:<\/p>\n\n<ul class=\"wp-block-list\">\n<li><strong>Ablak m\u0171k\u00f6d\u00e9se:<\/strong> Egy helytelen\u00fcl m\u00e9retezett fej megakad\u00e1lyozhatja az ablakok sima nyit\u00e1s\u00e1t \u00e9s z\u00e1r\u00e1s\u00e1t.<\/li>\n<li><strong>Szerkezeti integrit\u00e1s:<\/strong> Egy t\u00fal kicsi fej szerkezeti probl\u00e9m\u00e1khoz vezethet, ami k\u00e1ros\u00edthatja az \u00e9p\u00fcletet.<\/li>\n<li><strong>V\u00edz- \u00e9s l\u00e9gz\u00e1r\u00e1s:<\/strong> Egy alulm\u00e9retezett fej nem biztos\u00edt megfelel\u0151 al\u00e1t\u00e1maszt\u00e1st az ablakkerete<\/li>\n<\/ul>","protected":false},"excerpt":{"rendered":"<p>Ablakfej: M\u00e9ret, t\u00edpusok \u00e9s beszerel\u00e9s Mi az ablakfej? Az ablakfej egy olyan szerkezeti gerenda, amely egy ablakny\u00edl\u00e1s tetej\u00e9n h\u00faz\u00f3dik v\u00e9gig, lehet\u0151v\u00e9 t\u00e9ve, hogy az alatta l\u00e9v\u0151 t\u00e9r nyitva maradjon. A&hellip;<\/p>\n","protected":false},"author":1,"featured_media":0,"comment_status":"closed","ping_status":"","sticky":false,"template":"","format":"standard","meta":{"footnotes":""},"categories":[1],"tags":[12044,12043,8820,11628],"class_list":["post-7562","post","type-post","status-publish","format-standard","hentry","category-uncategorized","tag-window-installation","tag-window-header","tag-home-improvement","tag-structural-integrity"],"_links":{"self":[{"href":"https:\/\/www.lifescienceart.com\/hu\/wp-json\/wp\/v2\/posts\/7562","targetHints":{"allow":["GET"]}}],"collection":[{"href":"https:\/\/www.lifescienceart.com\/hu\/wp-json\/wp\/v2\/posts"}],"about":[{"href":"https:\/\/www.lifescienceart.com\/hu\/wp-json\/wp\/v2\/types\/post"}],"author":[{"embeddable":true,"href":"https:\/\/www.lifescienceart.com\/hu\/wp-json\/wp\/v2\/users\/1"}],"replies":[{"embeddable":true,"href":"https:\/\/www.lifescienceart.com\/hu\/wp-json\/wp\/v2\/comments?post=7562"}],"version-history":[{"count":1,"href":"https:\/\/www.lifescienceart.com\/hu\/wp-json\/wp\/v2\/posts\/7562\/revisions"}],"predecessor-version":[{"id":7563,"href":"https:\/\/www.lifescienceart.com\/hu\/wp-json\/wp\/v2\/posts\/7562\/revisions\/7563"}],"wp:attachment":[{"href":"https:\/\/www.lifescienceart.com\/hu\/wp-json\/wp\/v2\/media?parent=7562"}],"wp:term":[{"taxonomy":"category","embeddable":true,"href":"https:\/\/www.lifescienceart.com\/hu\/wp-json\/wp\/v2\/categories?post=7562"},{"taxonomy":"post_tag","embeddable":true,"href":"https:\/\/www.lifescienceart.com\/hu\/wp-json\/wp\/v2\/tags?post=7562"}],"curies":[{"name":"wp","href":"https:\/\/api.w.org\/{rel}","templated":true}]}}