{"id":7658,"date":"2024-07-09T12:15:34","date_gmt":"2024-07-09T12:15:34","guid":{"rendered":"https:\/\/www.lifescienceart.com\/?p=7658"},"modified":"2024-07-09T12:15:34","modified_gmt":"2024-07-09T12:15:34","slug":"diy-pool-vacuum-step-by-step-guide","status":"publish","type":"post","link":"https:\/\/www.lifescienceart.com\/hu\/life\/home-and-garden\/diy-pool-vacuum-step-by-step-guide\/","title":{"rendered":"H\u00e1zi medenceporsz\u00edv\u00f3 k\u00e9sz\u00edt\u00e9se: l\u00e9p\u00e9sr\u0151l l\u00e9p\u00e9sre \u00fatmutat\u00f3"},"content":{"rendered":"<h2 class=\"wp-block-heading\">Hogyan k\u00e9sz\u00edts\u00fcnk h\u00e1zi medenceporsz\u00edv\u00f3t: l\u00e9p\u00e9sr\u0151l l\u00e9p\u00e9sre \u00fatmutat\u00f3<\/h2>\n\n<h3 class=\"wp-block-heading\">Amire sz\u00fcks\u00e9ge lesz<\/h3>\n\n<h2 class=\"wp-block-heading\">Szersz\u00e1mok:<\/h2>\n\n<ul class=\"wp-block-list\">\n<li>Csavarh\u00faz\u00f3<\/li>\n<li>K\u00e9s<\/li>\n<\/ul>\n\n<h2 class=\"wp-block-heading\">Anyagok:<\/h2>\n\n<ul class=\"wp-block-list\">\n<li>T\u00f6ml\u0151bilincsek<\/li>\n<li>Medencet\u00f6ml\u0151<\/li>\n<li>T\u00f6lcs\u00e9r vagy porsz\u00edv\u00f3fej<\/li>\n<li>T\u00f6ml\u0151adapter (opcion\u00e1lis)<\/li>\n<li>Ragaszt\u00f3szalag<\/li>\n<li>Sepr\u0171ny\u00e9l<\/li>\n<\/ul>\n\n<h3 class=\"wp-block-heading\">H\u00e1zi medenceporsz\u00edv\u00f3 k\u00e9sz\u00edt\u00e9se<\/h3>\n\n<h2 class=\"wp-block-heading\">1. l\u00e9p\u00e9s: A t\u00f6lcs\u00e9r el\u0151k\u00e9sz\u00edt\u00e9se<\/h2>\n\n<p>Helyezze a t\u00f6lcs\u00e9rt fejjel lefel\u00e9 a szkimmerkos\u00e1r tetej\u00e9re. Ez egy adapterk\u00e9nt fog m\u0171k\u00f6dni a szkimmer sz\u00edv\u00f3erej\u00e9nek a porsz\u00edv\u00f3j\u00e1hoz val\u00f3 csatlakoztat\u00e1s\u00e1hoz.<\/p>\n\n<h2 class=\"wp-block-heading\">2. l\u00e9p\u00e9s: A t\u00f6ml\u0151 csatlakoztat\u00e1sa a t\u00f6lcs\u00e9rhez<\/h2>\n\n<p>R\u00f6gz\u00edtse a t\u00f6ml\u0151t a t\u00f6lcs\u00e9r keskeny v\u00e9g\u00e9re, \u00fcgyelve arra, hogy szorosan illeszkedjen. Sz\u00fcks\u00e9g eset\u00e9n haszn\u00e1ljon t\u00f6ml\u0151adaptert.<\/p>\n\n<h2 class=\"wp-block-heading\">3. l\u00e9p\u00e9s: A t\u00f6ml\u0151 r\u00f6gz\u00edt\u00e9se a porsz\u00edv\u00f3fejhez<\/h2>\n\n<p>Csatlakoztassa a t\u00f6ml\u0151 m\u00e1sik v\u00e9g\u00e9t a porsz\u00edv\u00f3fejhez, ism\u00e9t \u00fcgyelve arra, hogy szorosan illeszkedjen. Sz\u00fcks\u00e9g eset\u00e9n haszn\u00e1ljon t\u00f6ml\u0151adaptert vagy ragaszt\u00f3szalagot.<\/p>\n\n<h2 class=\"wp-block-heading\">4. l\u00e9p\u00e9s: A sepr\u0171ny\u00e9l r\u00f6gz\u00edt\u00e9se<\/h2>\n\n<p>R\u00f6gz\u00edtse a sepr\u0171nyelet a porsz\u00edv\u00f3fejhez ragaszt\u00f3szalaggal, hogy l\u00e9trehozzon egy rudat a porsz\u00edv\u00f3 ir\u00e1ny\u00edt\u00e1s\u00e1hoz.<\/p>\n\n<h2 class=\"wp-block-heading\">5. l\u00e9p\u00e9s: \u00dajra \u00f6sszeszerel\u00e9s \u00e9s r\u00f6gz\u00edt\u00e9s<\/h2>\n\n<ul class=\"wp-block-list\">\n<li>R\u00f6gz\u00edtse a t\u00f6lcs\u00e9rt a szkimmerny\u00edl\u00e1shoz.<\/li>\n<li>Csatlakoztassa a t\u00f6ml\u0151t a t\u00f6lcs\u00e9rhez, \u00e9s r\u00f6gz\u00edtse adapterrel vagy ragaszt\u00f3szalaggal.<\/li>\n<li>R\u00f6gz\u00edtse a porsz\u00edv\u00f3fejet a t\u00f6ml\u0151h\u00f6z adapterrel vagy ragaszt\u00f3szalaggal.<\/li>\n<li>Ragassza le a sepr\u0171nyelet a porsz\u00edv\u00f3fejhez \u00e9s a t\u00f6ml\u0151h\u00f6z ragaszt\u00f3szalaggal a nagyobb stabilit\u00e1s \u00e9rdek\u00e9ben.<\/li>\n<\/ul>\n\n<h2 class=\"wp-block-heading\">6. l\u00e9p\u00e9s: A porsz\u00edv\u00f3 felt\u00f6lt\u00e9se<\/h2>\n\n<ul class=\"wp-block-list\">\n<li>Mer\u00edtse a t\u00f6ml\u0151t v\u00edzbe, kezdve a porsz\u00edv\u00f3fej v\u00e9g\u00e9t\u0151l.<\/li>\n<li>Haladjon v\u00e9gig a t\u00f6ml\u0151n, hagyva, hogy v\u00edzzel teljen meg.<\/li>\n<li>Amikor el\u00e9ri a t\u00f6lcs\u00e9r v\u00e9g\u00e9t, ford\u00edtsa fejjel lefel\u00e9 a t\u00f6lcs\u00e9rt a szkimmerkos\u00e1r f\u00f6l\u00e9, mik\u00f6zben a szivatty\u00fa m\u0171k\u00f6dik.<\/li>\n<li>L\u00e1tnia kell, hogy v\u00edz \u00e1ramlik ki a t\u00f6lcs\u00e9rb\u0151l.<\/li>\n<\/ul>\n\n<h2 class=\"wp-block-heading\">7. l\u00e9p\u00e9s: A porsz\u00edv\u00f3 tesztel\u00e9se<\/h2>\n\n<ul class=\"wp-block-list\">\n<li>\u00d3vatosan emelje fel a porsz\u00edv\u00f3fejet an\u00e9lk\u00fcl, hogy kivenn\u00e9 a v\u00edzb\u0151l.<\/li>\n<li>\u00c9rezze a sz\u00edv\u00f3er\u0151t. Ha \u00e9rzi, akkor a h\u00e1zi k\u00e9sz\u00edt\u00e9s\u0171 medenceporsz\u00edv\u00f3ja sikeres!<\/li>\n<\/ul>\n\n<h3 class=\"wp-block-heading\">Hibaelh\u00e1r\u00edt\u00e1s<\/h3>\n\n<h2 class=\"wp-block-heading\">Ha a porsz\u00edv\u00f3 nem m\u0171k\u00f6dik, vagy folyamatosan elakad a b\u00e9l\u00e9sben:<\/h2>\n\n<ul class=\"wp-block-list\">\n<li>Ellen\u0151rizze, hogy van-e leveg\u0151 a szivatty\u00faban. V\u00e1lassza le a t\u00f6ml\u0151t, \u00e9s v\u00e1rja meg, am\u00edg a szivatty\u00fa \u00fajra felt\u00f6lt\u0151dik.<\/li>\n<li>Gy\u0151z\u0151dj\u00f6n meg arr\u00f3l, hogy a porsz\u00edv\u00f3fej nincs laposan a b\u00e9l\u00e9sen, mert ez felszak\u00edthatja vagy megny\u00fajthatja azt.<\/li>\n<li>H\u00edvjon egy medence szakembert seg\u00edts\u00e9g\u00e9rt.<\/li>\n<\/ul>\n\n<h3 class=\"wp-block-heading\">A h\u00e1zi k\u00e9sz\u00edt\u00e9s\u0171 medenceporsz\u00edv\u00f3 el\u0151nyei<\/h3>\n\n<ul class=\"wp-block-list\">\n<li><strong>K\u00f6lts\u00e9ghat\u00e9kony:<\/strong> A h\u00e1zi k\u00e9sz\u00edt\u00e9s\u0171 medenceporsz\u00edv\u00f3k sokkal megfizethet\u0151bbek, mint a robotiz\u00e1lt medenceporsz\u00edv\u00f3k.<\/li>\n<li><strong>K\u00f6nnyen haszn\u00e1lhat\u00f3:<\/strong> A h\u00e1zi k\u00e9sz\u00edt\u00e9s\u0171 medenceporsz\u00edv\u00f3k k\u00e9sz\u00edt\u00e9se \u00e9s haszn\u00e1lata viszonylag egyszer\u0171, m\u00e9g kezd\u0151k sz\u00e1m\u00e1ra is.<\/li>\n<li><strong>Sokoldal\u00fa:<\/strong> A h\u00e1zi k\u00e9sz\u00edt\u00e9s\u0171 medenceporsz\u00edv\u00f3k k\u00fcl\u00f6nf\u00e9le medencefel\u00fcletekhez \u00e9s t\u00f6rmel\u00e9kt\u00edpusokhoz haszn\u00e1lhat\u00f3k.<\/li>\n<\/ul>\n\n<h3 class=\"wp-block-heading\">Figyelembe veend\u0151 szempontok<\/h3>\n\n<h2 class=\"wp-block-heading\">Miel\u0151tt megpr\u00f3b\u00e1ln\u00e1 elk\u00e9sz\u00edteni a h\u00e1zi medenceporsz\u00edv\u00f3t, vegye figyelembe a k\u00f6vetkez\u0151ket:<\/h2>\n\n<ul class=\"wp-block-list\">\n<li><strong>Biztons\u00e1g:<\/strong> Viseljen megfelel\u0151 biztons\u00e1gi felszerel\u00e9st, p\u00e9ld\u00e1ul keszty\u0171t \u00e9s v\u00e9d\u0151szem\u00fcveget, amikor elektromos szersz\u00e1mokkal \u00e9s v\u00edzzel dolgozik.<\/li>\n<li><strong>J\u00e1rtass\u00e1gi szint:<\/strong> B\u00e1r a h\u00e1zi k\u00e9sz\u00edt\u00e9s\u0171 medenceporsz\u00edv\u00f3k \u00e1ltal\u00e1ban k\u00f6nnyen elk\u00e9sz\u00edthet\u0151k, n\u00e9mi \u00f6sszeszerel\u00e9si \u00e9s m\u0171szaki j\u00e1rtass\u00e1gra sz\u00fcks\u00e9g lehet.<\/li>\n<li><strong>Id\u0151k\u00f6lts\u00e9g:<\/strong> A felhaszn\u00e1lt anyagokt\u00f3l \u00e9s az \u00f6sszeszerel\u00e9si m\u00f3dszert\u0151l f\u00fcgg\u0151en a h\u00e1zi k\u00e9sz\u00edt\u00e9s\u0171 medenceporsz\u00edv\u00f3 elk\u00e9sz\u00edt\u00e9se t\u00f6bb \u00f3r\u00e1t is ig\u00e9nybe vehet.<\/li>\n<\/ul>","protected":false},"excerpt":{"rendered":"<p>Hogyan k\u00e9sz\u00edts\u00fcnk h\u00e1zi medenceporsz\u00edv\u00f3t: l\u00e9p\u00e9sr\u0151l l\u00e9p\u00e9sre \u00fatmutat\u00f3 Amire sz\u00fcks\u00e9ge lesz Szersz\u00e1mok: Csavarh\u00faz\u00f3 K\u00e9s Anyagok: T\u00f6ml\u0151bilincsek Medencet\u00f6ml\u0151 T\u00f6lcs\u00e9r vagy porsz\u00edv\u00f3fej T\u00f6ml\u0151adapter (opcion\u00e1lis) Ragaszt\u00f3szalag Sepr\u0171ny\u00e9l H\u00e1zi medenceporsz\u00edv\u00f3 k\u00e9sz\u00edt\u00e9se 1. l\u00e9p\u00e9s: A t\u00f6lcs\u00e9r&hellip;<\/p>\n","protected":false},"author":5,"featured_media":23800,"comment_status":"closed","ping_status":"closed","sticky":false,"template":"","format":"standard","meta":{"footnotes":""},"categories":[8825],"tags":[1761,8998,8958,12140],"class_list":["post-7658","post","type-post","status-publish","format-standard","has-post-thumbnail","hentry","category-home-and-garden","tag-diy","tag-life-hack","tag-pool-maintenance","tag-pool-vacuum"],"_links":{"self":[{"href":"https:\/\/www.lifescienceart.com\/hu\/wp-json\/wp\/v2\/posts\/7658","targetHints":{"allow":["GET"]}}],"collection":[{"href":"https:\/\/www.lifescienceart.com\/hu\/wp-json\/wp\/v2\/posts"}],"about":[{"href":"https:\/\/www.lifescienceart.com\/hu\/wp-json\/wp\/v2\/types\/post"}],"author":[{"embeddable":true,"href":"https:\/\/www.lifescienceart.com\/hu\/wp-json\/wp\/v2\/users\/5"}],"replies":[{"embeddable":true,"href":"https:\/\/www.lifescienceart.com\/hu\/wp-json\/wp\/v2\/comments?post=7658"}],"version-history":[{"count":1,"href":"https:\/\/www.lifescienceart.com\/hu\/wp-json\/wp\/v2\/posts\/7658\/revisions"}],"predecessor-version":[{"id":7659,"href":"https:\/\/www.lifescienceart.com\/hu\/wp-json\/wp\/v2\/posts\/7658\/revisions\/7659"}],"wp:featuredmedia":[{"embeddable":true,"href":"https:\/\/www.lifescienceart.com\/hu\/wp-json\/wp\/v2\/media\/23800"}],"wp:attachment":[{"href":"https:\/\/www.lifescienceart.com\/hu\/wp-json\/wp\/v2\/media?parent=7658"}],"wp:term":[{"taxonomy":"category","embeddable":true,"href":"https:\/\/www.lifescienceart.com\/hu\/wp-json\/wp\/v2\/categories?post=7658"},{"taxonomy":"post_tag","embeddable":true,"href":"https:\/\/www.lifescienceart.com\/hu\/wp-json\/wp\/v2\/tags?post=7658"}],"curies":[{"name":"wp","href":"https:\/\/api.w.org\/{rel}","templated":true}]}}