{"id":7992,"date":"2022-01-20T19:56:13","date_gmt":"2022-01-20T19:56:13","guid":{"rendered":"https:\/\/www.lifescienceart.com\/?p=7992"},"modified":"2022-01-20T19:56:13","modified_gmt":"2022-01-20T19:56:13","slug":"choosing-the-best-plants-at-the-nursery-this-spring","status":"publish","type":"post","link":"https:\/\/www.lifescienceart.com\/hu\/life\/gardening\/choosing-the-best-plants-at-the-nursery-this-spring\/","title":{"rendered":"Eg\u00e9szs\u00e9ges n\u00f6v\u00e9nyek kiv\u00e1laszt\u00e1sa a kert\u00e9szetekben tavasszal"},"content":{"rendered":"<h2 class=\"wp-block-heading\">A legeg\u00e9szs\u00e9gesebb n\u00f6v\u00e9nyek kiv\u00e1laszt\u00e1sa a kert\u00e9szetben tavasszal<\/h2>\n\n<p>A tavasz t\u00f6k\u00e9letes id\u0151szak arra, hogy kertedet gy\u00f6ny\u00f6r\u0171 vir\u00e1gokkal \u00e9s buja z\u00f6lddel t\u00f6ltsd meg. \u00c1m a v\u00e1laszt\u00e9k \u00f3ri\u00e1si, ez\u00e9rt neh\u00e9z lehet tudni, hol is kezdj\u00fck. \u00cdme \u00f6t tipp, ami seg\u00edt kiv\u00e1lasztani a legjobb n\u00f6v\u00e9nyeket a kert\u00e9szetben tavasszal:<\/p>\n\n<h2 class=\"wp-block-heading\">Levelek \u00e9s sz\u00e1rak vizsg\u00e1lata<\/h2>\n\n<p>Vedd szem\u00fcgyre alaposan annak a n\u00f6v\u00e9nynek a leveleit \u00e9s sz\u00e1r\u00e1t, amit kin\u00e9zt\u00e9l magadnak. A levelek \u00e9l\u00e9nkeknek \u00e9s f\u00e9nyeseknek kell lenni\u00fck, a sz\u00e1rak pedig szil\u00e1rdak. Ker\u00fcld el azokat a n\u00f6v\u00e9nyeket, amelyeken s\u00e9r\u00fcl\u00e9s vagy elsz\u00ednez\u0151d\u00e9s l\u00e1that\u00f3 a leveleken vagy a sz\u00e1ron. Az eg\u00e9szs\u00e9ges lombozat j\u00f3 jel arra, hogy a n\u00f6v\u00e9ny eg\u00e9sz\u00e9ben v\u00e9ve eg\u00e9szs\u00e9ges.<\/p>\n\n<h2 class=\"wp-block-heading\">A talaj ellen\u0151rz\u00e9se<\/h2>\n\n<p>A n\u00f6v\u00e9ny ed\u00e9ny\u00e9ben l\u00e9v\u0151 talajnak egyenletesen nedvesnek kell lennie, de nem v\u00edzj\u00e1rta vagy t\u00fals\u00e1gosan sz\u00e1raz. Ha a talaj t\u00fal sz\u00e1raz, akkor lehets\u00e9ges, hogy a n\u00f6v\u00e9ny nem kap el\u00e9g vizet. Ha a talaj t\u00fal nedves, akkor fenn\u00e1ll a n\u00f6v\u00e9ny gy\u00f6k\u00e9rrothad\u00e1s\u00e1nak vesz\u00e9lye.<\/p>\n\n<h2 class=\"wp-block-heading\">\u00c1ss egy kicsit m\u00e9lyebbre<\/h2>\n\n<p>Ha lehets\u00e9ges, vizsg\u00e1ld meg a n\u00f6v\u00e9ny gy\u00f6kereit. A gy\u00f6kereknek szil\u00e1rdaknak, feh\u00e9reknek \u00e9s egyenletesen eloszl\u00f3aknak kell lenni\u00fck a talajban. Ker\u00fcld el azokat a n\u00f6v\u00e9nyeket, amelyek gy\u00f6k\u00e9rk\u00f6tegekben vannak, vagy amelyek b\u00e1rmelyik gy\u00f6kere \u00fagy n\u00e9z ki, mintha rothadna.<\/p>\n\n<h2 class=\"wp-block-heading\">Ellen\u0151rizd a k\u00e1rtev\u0151ket<\/h2>\n\n<p>Alaposan ellen\u0151rizd a n\u00f6v\u00e9ny leveleinek fels\u0151 \u00e9s als\u00f3 fel\u00fclet\u00e9t a kert\u00e9szetben, hogy l\u00e1tod-e, hogy b\u00e1rmilyen bog\u00e1r vagy rovar tany\u00e1zik-e rajtuk. M\u00e1r n\u00e9h\u00e1ny k\u00e1rtev\u0151 is gyorsan megfert\u0151zheti a t\u00f6bbi n\u00f6v\u00e9nyedet, ez\u00e9rt fontos, hogy id\u0151ben elkapd \u0151ket.<\/p>\n\n<h2 class=\"wp-block-heading\">Vir\u00e1gokn\u00e1l t\u00f6bb a t\u00f6bb<\/h2>\n\n<p>Ha vir\u00e1gz\u00f3 n\u00f6v\u00e9nyeket v\u00e1lasztasz, v\u00e1lassz olyan n\u00f6v\u00e9nyeket, amelyeken sok bimb\u00f3 van. Ez azt jelenti, hogy a n\u00f6v\u00e9nyed heteken \u00e1t fog vir\u00e1gozni, \u00edgy t\u00f6bb \u00f6r\u00f6m\u00f6d lesz benne a p\u00e9nzed\u00e9rt.<\/p>\n\n<h2 class=\"wp-block-heading\">Ne habozz seg\u00edts\u00e9get k\u00e9rni<\/h2>\n\n<p>Ha nem vagy benne biztos, hogy melyik n\u00f6v\u00e9nyeket v\u00e1laszd, vagy hogyan gondozd \u0151ket, ne habozz seg\u00edts\u00e9get k\u00e9rni a kert\u00e9szet munkat\u00e1rsait\u00f3l. \u00c1ltal\u00e1ban j\u00f3l k\u00e9pzettek \u00e9s sz\u00edvesen seg\u00edtenek neked meghozni a legjobb d\u00f6nt\u00e9seket a kerted sz\u00e1m\u00e1ra.<\/p>\n\n<h2 class=\"wp-block-heading\">Tov\u00e1bbi tippek eg\u00e9szs\u00e9ges n\u00f6v\u00e9nyek kiv\u00e1laszt\u00e1s\u00e1hoz a kert\u00e9szetben<\/h2>\n\n<ul class=\"wp-block-list\">\n<li>V\u00e1lassz olyan n\u00f6v\u00e9nyeket, amelyek megfelelnek az \u00e9ghajlatodnak \u00e9s a n\u00f6veked\u00e9si k\u00f6r\u00fclm\u00e9nyeidnek.<\/li>\n<li>A kertben val\u00f3 elhelyez\u00e9skor vedd figyelembe a n\u00f6v\u00e9ny m\u00e9ret\u00e9t \u00e9s form\u00e1j\u00e1t.<\/li>\n<li>Gy\u0151z\u0151dj meg r\u00f3la, hogy a n\u00f6v\u00e9nynek j\u00f3 a v\u00edzelvezet\u00e9se.<\/li>\n<li>\u00d6nt\u00f6zd meg a n\u00f6v\u00e9nyt m\u00e9lyrehat\u00f3an \u00e9s rendszeresen, k\u00fcl\u00f6n\u00f6sen meleg id\u0151ben.<\/li>\n<li>Tr\u00e1gy\u00e1zd meg a n\u00f6v\u00e9nyt a gy\u00e1rt\u00f3 utas\u00edt\u00e1sai szerint.<\/li>\n<li>V\u00e9d meg a n\u00f6v\u00e9nyt a k\u00e1rtev\u0151kt\u0151l \u00e9s betegs\u00e9gekt\u0151l.<\/li>\n<\/ul>\n\n<p>Ezeket a tippeket k\u00f6vetve ki tudod v\u00e1lasztani a legeg\u00e9szs\u00e9gesebb n\u00f6v\u00e9nyeket a kerted sz\u00e1m\u00e1ra, \u00e9s gy\u00f6ny\u00f6rk\u00f6dhetsz a gy\u00f6ny\u00f6r\u0171 vir\u00e1gokban \u00e9s buja z\u00f6ldben eg\u00e9sz szezonban.<\/p>","protected":false},"excerpt":{"rendered":"<p>A legeg\u00e9szs\u00e9gesebb n\u00f6v\u00e9nyek kiv\u00e1laszt\u00e1sa a kert\u00e9szetben tavasszal A tavasz t\u00f6k\u00e9letes id\u0151szak arra, hogy kertedet gy\u00f6ny\u00f6r\u0171 vir\u00e1gokkal \u00e9s buja z\u00f6lddel t\u00f6ltsd meg. \u00c1m a v\u00e1laszt\u00e9k \u00f3ri\u00e1si, ez\u00e9rt neh\u00e9z lehet tudni, hol&hellip;<\/p>\n","protected":false},"author":5,"featured_media":0,"comment_status":"closed","ping_status":"closed","sticky":false,"template":"","format":"standard","meta":{"footnotes":""},"categories":[8813],"tags":[8848,8849,12434,7135],"class_list":["post-7992","post","type-post","status-publish","format-standard","hentry","category-gardening","tag-gardening","tag-plant-care","tag-nursery","tag-spring"],"_links":{"self":[{"href":"https:\/\/www.lifescienceart.com\/hu\/wp-json\/wp\/v2\/posts\/7992","targetHints":{"allow":["GET"]}}],"collection":[{"href":"https:\/\/www.lifescienceart.com\/hu\/wp-json\/wp\/v2\/posts"}],"about":[{"href":"https:\/\/www.lifescienceart.com\/hu\/wp-json\/wp\/v2\/types\/post"}],"author":[{"embeddable":true,"href":"https:\/\/www.lifescienceart.com\/hu\/wp-json\/wp\/v2\/users\/5"}],"replies":[{"embeddable":true,"href":"https:\/\/www.lifescienceart.com\/hu\/wp-json\/wp\/v2\/comments?post=7992"}],"version-history":[{"count":1,"href":"https:\/\/www.lifescienceart.com\/hu\/wp-json\/wp\/v2\/posts\/7992\/revisions"}],"predecessor-version":[{"id":7993,"href":"https:\/\/www.lifescienceart.com\/hu\/wp-json\/wp\/v2\/posts\/7992\/revisions\/7993"}],"wp:attachment":[{"href":"https:\/\/www.lifescienceart.com\/hu\/wp-json\/wp\/v2\/media?parent=7992"}],"wp:term":[{"taxonomy":"category","embeddable":true,"href":"https:\/\/www.lifescienceart.com\/hu\/wp-json\/wp\/v2\/categories?post=7992"},{"taxonomy":"post_tag","embeddable":true,"href":"https:\/\/www.lifescienceart.com\/hu\/wp-json\/wp\/v2\/tags?post=7992"}],"curies":[{"name":"wp","href":"https:\/\/api.w.org\/{rel}","templated":true}]}}