{"id":830,"date":"2024-09-16T20:51:45","date_gmt":"2024-09-16T20:51:45","guid":{"rendered":"https:\/\/www.lifescienceart.com\/?p=830"},"modified":"2024-09-16T20:51:45","modified_gmt":"2024-09-16T20:51:45","slug":"preserving-silence-in-national-parks-the-battle-against-noise-pollution","status":"publish","type":"post","link":"https:\/\/www.lifescienceart.com\/hu\/science\/ecology\/preserving-silence-in-national-parks-the-battle-against-noise-pollution\/","title":{"rendered":"A nemzeti parkok csendj\u00e9nek meg\u0151rz\u00e9se: a zajszennyez\u00e9s elleni harc"},"content":{"rendered":"<h2 class=\"wp-block-heading\">A nemzeti parkok csendj\u00e9nek meg\u0151rz\u00e9se: a zajszennyez\u00e9s elleni harc<\/h2>\n\n<h2 class=\"wp-block-heading\">A term\u00e9szetes hangulat meg\u00f3v\u00e1sa<\/h2>\n\n<p>A nemzeti parkok a vadon \u00e9l\u0151 \u00e1llatok \u00e9s a term\u00e9szeti sz\u00e9ps\u00e9g mened\u00e9kei, de egyre ink\u00e1bb fenyegeti \u0151ket a zajszennyez\u00e9s. A rep\u00fcl\u0151g\u00e9pek, aut\u00f3k \u00e9s egy\u00e9b emberi tev\u00e9kenys\u00e9gek hangjai elnyomhatj\u00e1k azokat a term\u00e9szetes hangulatokat, amelyek sok \u00e1llat \u00e9s n\u00f6v\u00e9ny sz\u00e1m\u00e1ra n\u00e9lk\u00fcl\u00f6zhetetlenek.<\/p>\n\n<p>A Nemzeti Park Szolg\u00e1lat felismerte a term\u00e9szetes hangulat meg\u00f3v\u00e1s\u00e1nak fontoss\u00e1g\u00e1t, \u00e9s l\u00e9trehozott egy Term\u00e9szetes Hangok Programot a probl\u00e9ma kezel\u00e9s\u00e9re. A program c\u00e9lja a zajszennyez\u00e9s cs\u00f6kkent\u00e9se \u00e9s a parkok hangulat\u00e1nak \u00e9lvezet\u00e9nek el\u0151seg\u00edt\u00e9se.<\/p>\n\n<h2 class=\"wp-block-heading\">A zajszennyez\u00e9s hat\u00e1sai<\/h2>\n\n<p>A zajszennyez\u00e9s k\u00fcl\u00f6nf\u00e9le negat\u00edv hat\u00e1sokat gyakorolhat a vadon \u00e9l\u0151 \u00e1llatokra. Zavart okozhat a p\u00e1rz\u00e1si h\u00edv\u00e1sokban, a ragadoz\u00f3-zs\u00e1km\u00e1ny k\u00f6lcs\u00f6nhat\u00e1sokban \u00e9s m\u00e1s alapvet\u0151 viselked\u00e9sekben. A tanulm\u00e1nyok kimutatt\u00e1k, hogy a zajszennyez\u00e9s stresszhez, hall\u00e1sk\u00e1rosod\u00e1shoz \u00e9s egy\u00e9b eg\u00e9szs\u00e9g\u00fcgyi probl\u00e9m\u00e1khoz is vezethet az \u00e1llatokn\u00e1l.<\/p>\n\n<p>A zajszennyez\u00e9s negat\u00edv hat\u00e1ssal lehet a nemzeti parkok emberi l\u00e1togat\u00f3ira is. Megnehez\u00edtheti a term\u00e9szet nyugalm\u00e1nak \u00e9s csendj\u00e9nek \u00e9lvezet\u00e9t, \u00e9s zavarhatja a tolm\u00e1csol\u00f3 el\u0151ad\u00e1sokat \u00e9s egy\u00e9b oktat\u00e1si programokat.<\/p>\n\n<h2 class=\"wp-block-heading\">A zajszennyez\u00e9s elleni k\u00fczdelem<\/h2>\n\n<p>A Nemzeti Park Szolg\u00e1lat sz\u00e1mos l\u00e9p\u00e9st tesz a zajszennyez\u00e9s cs\u00f6kkent\u00e9s\u00e9re a nemzeti parkokban. Ezek a l\u00e9p\u00e9sek a k\u00f6vetkez\u0151k:<\/p>\n\n<ul class=\"wp-block-list\">\n<li>Zajhat\u00e1rok \u00e9s -szab\u00e1lyoz\u00e1sok meg\u00e1llap\u00edt\u00e1sa<\/li>\n<li>Zajcs\u00f6kkent\u0151 technol\u00f3gi\u00e1k alkalmaz\u00e1sa<\/li>\n<li>A l\u00e1togat\u00f3k oktat\u00e1sa a csend fontoss\u00e1g\u00e1r\u00f3l<\/li>\n<li>Egy\u00fcttm\u0171k\u00f6d\u00e9s m\u00e1s \u00fcgyn\u00f6ks\u00e9gekkel a k\u00fcls\u0151 forr\u00e1sokb\u00f3l sz\u00e1rmaz\u00f3 zajszennyez\u00e9s cs\u00f6kkent\u00e9se \u00e9rdek\u00e9ben<\/li>\n<\/ul>\n\n<h2 class=\"wp-block-heading\">A nemzeti parkok t\u00e1rsadalmi szerepe<\/h2>\n\n<p>A nemzeti parkok fontos t\u00e1rsadalmi szerepet j\u00e1tszanak, lehet\u0151s\u00e9get biztos\u00edtva az embereknek arra, hogy kapcsolatba l\u00e9pjenek a term\u00e9szettel \u00e9s t\u00f6bbet tudjanak meg a k\u00f6rnyezetr\u0151l. A term\u00e9szetes hangulat meg\u0151rz\u00e9se ennek a k\u00fcldet\u00e9snek a l\u00e9nyeges r\u00e9sze.<\/p>\n\n<p>Csendes helyek biztos\u00edt\u00e1s\u00e1val, ahol az emberek megtapasztalhatj\u00e1k a term\u00e9szeti vil\u00e1got, a nemzeti parkok seg\u00edthetnek az embereknek abban, hogy \u00e9rt\u00e9kelj\u00e9k bolyg\u00f3nk sz\u00e9ps\u00e9g\u00e9t \u00e9s t\u00f6r\u00e9kenys\u00e9g\u00e9t. Seg\u00edthetnek az embereknek abban is, hogy hely- \u00e9s hovatartoz\u00e1s-\u00e9rzetet fejlesszenek ki, \u00e9s megismerj\u00e9k a term\u00e9szetv\u00e9delem fontoss\u00e1g\u00e1t.<\/p>\n\n<h2 class=\"wp-block-heading\">Hogyan seg\u00edthetnek a nemzeti parkok a n\u00f6veked\u00e9s\u00fcnkben \u00e9s fejl\u0151d\u00e9s\u00fcnkben<\/h2>\n\n<p>A nemzeti parkok egyed\u00fcl\u00e1ll\u00f3 lehet\u0151s\u00e9get k\u00edn\u00e1lnak az embereknek a tanul\u00e1sra \u00e9s a fejl\u0151d\u00e9sre. Csendes term\u00e9szeti helyeken elt\u00f6lt\u00f6tt id\u0151vel m\u00e9lyebb betekint\u00e9st nyerhet\u00fcnk a term\u00e9szeti vil\u00e1gba \u00e9s a benne elfoglalt hely\u00fcnkbe. Megtanulhatjuk \u00e9rt\u00e9kelni a csend \u00e9s a mag\u00e1ny fontoss\u00e1g\u00e1t, valamint megtal\u00e1lni a b\u00e9k\u00e9t \u00e9s a meg\u00fajul\u00e1st a term\u00e9szetben.<\/p>\n\n<p>A n\u00f6veked\u00e9s\u00fcnk \u00e9s fejl\u0151d\u00e9s\u00fcnk sor\u00e1n val\u00f3sz\u00edn\u0171leg elm\u00e9ly\u00fcl a nemzeti parkok ir\u00e1nti h\u00e1l\u00e1nk. T\u00f6bbre fogjuk gondolni \u0151ket, mint csup\u00e1n sz\u00e9p helyekre, ahol \u00e9rdemes ell\u00e1togatni, hanem a vadon \u00e9l\u0151 \u00e1llatok, a term\u00e9szetes hangulat \u00e9s az emberi l\u00e9lek sz\u00e1m\u00e1ra n\u00e9lk\u00fcl\u00f6zhetetlen szent\u00e9lyeknek is.<\/p>\n\n<h2 class=\"wp-block-heading\">Long-Tail kulcsszavak:<\/h2>\n\n<ul class=\"wp-block-list\">\n<li>A csend meg\u0151rz\u00e9se a nemzeti parkokban<\/li>\n<li>A zaj elleni harc a nemzeti parkokban<\/li>\n<li>A term\u00e9szetes hangulat fontoss\u00e1ga a nemzeti parkokban<\/li>\n<li>A zajszennyez\u00e9s hat\u00e1sai az \u00e1llatokra \u00e9s az emberekre<\/li>\n<li>A nemzeti parkok t\u00e1rsadalmi feladata, hogy olyan term\u00e9szeti \u00e9lm\u00e9nyt ny\u00fajtsanak, amely egyszerre el\u00e9rhet\u0151 az emberek sz\u00e1m\u00e1ra olyanokk\u00e9nt, amilyenek, \u00e9s alkalmasak az emberekre olyanokk\u00e9nt, amilyenek lehetnek<\/li>\n<li>Hogyan seg\u00edthetnek a nemzeti parkok az emberek n\u00f6veked\u00e9s\u00e9ben \u00e9s fejl\u0151d\u00e9s\u00e9ben<\/li>\n<\/ul>","protected":false},"excerpt":{"rendered":"<p>A nemzeti parkok csendj\u00e9nek meg\u0151rz\u00e9se: a zajszennyez\u00e9s elleni harc A term\u00e9szetes hangulat meg\u00f3v\u00e1sa A nemzeti parkok a vadon \u00e9l\u0151 \u00e1llatok \u00e9s a term\u00e9szeti sz\u00e9ps\u00e9g mened\u00e9kei, de egyre ink\u00e1bb fenyegeti \u0151ket&hellip;<\/p>\n","protected":false},"author":2,"featured_media":24361,"comment_status":"closed","ping_status":"closed","sticky":false,"template":"","format":"standard","meta":{"footnotes":""},"categories":[590],"tags":[877,401,1972,250,587,254],"class_list":["post-830","post","type-post","status-publish","format-standard","has-post-thumbnail","hentry","category-ecology","tag-environmental-protection","tag-conservation","tag-natural-soundscapes","tag-national-parks","tag-noise-pollution","tag-wildlife"],"_links":{"self":[{"href":"https:\/\/www.lifescienceart.com\/hu\/wp-json\/wp\/v2\/posts\/830","targetHints":{"allow":["GET"]}}],"collection":[{"href":"https:\/\/www.lifescienceart.com\/hu\/wp-json\/wp\/v2\/posts"}],"about":[{"href":"https:\/\/www.lifescienceart.com\/hu\/wp-json\/wp\/v2\/types\/post"}],"author":[{"embeddable":true,"href":"https:\/\/www.lifescienceart.com\/hu\/wp-json\/wp\/v2\/users\/2"}],"replies":[{"embeddable":true,"href":"https:\/\/www.lifescienceart.com\/hu\/wp-json\/wp\/v2\/comments?post=830"}],"version-history":[{"count":2,"href":"https:\/\/www.lifescienceart.com\/hu\/wp-json\/wp\/v2\/posts\/830\/revisions"}],"predecessor-version":[{"id":24362,"href":"https:\/\/www.lifescienceart.com\/hu\/wp-json\/wp\/v2\/posts\/830\/revisions\/24362"}],"wp:featuredmedia":[{"embeddable":true,"href":"https:\/\/www.lifescienceart.com\/hu\/wp-json\/wp\/v2\/media\/24361"}],"wp:attachment":[{"href":"https:\/\/www.lifescienceart.com\/hu\/wp-json\/wp\/v2\/media?parent=830"}],"wp:term":[{"taxonomy":"category","embeddable":true,"href":"https:\/\/www.lifescienceart.com\/hu\/wp-json\/wp\/v2\/categories?post=830"},{"taxonomy":"post_tag","embeddable":true,"href":"https:\/\/www.lifescienceart.com\/hu\/wp-json\/wp\/v2\/tags?post=830"}],"curies":[{"name":"wp","href":"https:\/\/api.w.org\/{rel}","templated":true}]}}