{"id":8390,"date":"2022-07-25T08:48:08","date_gmt":"2022-07-25T08:48:08","guid":{"rendered":"https:\/\/www.lifescienceart.com\/?p=8390"},"modified":"2022-07-25T08:48:08","modified_gmt":"2022-07-25T08:48:08","slug":"common-radish-growing-problems-and-solutions","status":"publish","type":"post","link":"https:\/\/www.lifescienceart.com\/hu\/life\/gardening\/common-radish-growing-problems-and-solutions\/","title":{"rendered":"A retek termeszt\u00e9s\u00e9vel kapcsolatos gyakori probl\u00e9m\u00e1k \u00e9s azok megold\u00e1sa"},"content":{"rendered":"<h2 class=\"wp-block-heading\">A retek termeszt\u00e9s\u00e9vel kapcsolatos gyakori probl\u00e9m\u00e1k \u00e9s azok elker\u00fcl\u00e9se<\/h2>\n\n<p>A retek n\u00e9pszer\u0171 z\u00f6lds\u00e9g a h\u00e1zi kertekben, a termeszt\u00e9s\u00fck egyszer\u0171s\u00e9ge \u00e9s gyors n\u00f6veked\u00e9se miatt. A n\u00f6veked\u00e9si ciklusuk alatt azonban bizonyos probl\u00e9m\u00e1k mer\u00fclhetnek fel, amelyek befoly\u00e1solj\u00e1k a min\u0151s\u00e9g\u00fcket \u00e9s hozamukat. \u00cdme n\u00e9gy gyakori probl\u00e9ma \u00e9s azok megold\u00e1sa:<\/p>\n\n<h3 class=\"wp-block-heading\">T\u00fal cs\u00edp\u0151s retek<\/h3>\n\n<p>A cs\u00edp\u0151s retek \u00edze kellemetlen lehet, k\u00fcl\u00f6n\u00f6sen a g\u00f6mb alak\u00fa retekfajt\u00e1k eset\u00e9ben, amelyek \u00e1ltal\u00e1ban enyh\u00e9bbek. A t\u00falzott cs\u00edp\u0151ss\u00e9g gyakran a megny\u00falt n\u00f6veked\u00e9s vagy nem megfelel\u0151 n\u00f6veked\u00e9si k\u00f6r\u00fclm\u00e9nyek eredm\u00e9nye.<\/p>\n\n<ul class=\"wp-block-list\">\n<li><strong>Megold\u00e1s:<\/strong> Gy\u0151z\u0151dj\u00f6n meg arr\u00f3l, hogy a retek betakar\u00edt\u00e1sra ker\u00fclnek, amint el\u00e9rik az \u00e9retts\u00e9get. A h\u0171v\u00f6s id\u0151j\u00e1r\u00e1s \u00e9s a n\u00f6veked\u00e9s sor\u00e1n megfelel\u0151 nedvess\u00e9g elengedhetetlen a t\u00falzott cs\u00edp\u0151ss\u00e9g elker\u00fcl\u00e9s\u00e9hez. Fontolja meg a folyamatos \u00fcltet\u00e9s lehet\u0151s\u00e9g\u00e9t, hogy elker\u00fclje egy nagy adag t\u00fal\u00e9r\u00e9s\u00e9t.<\/li>\n<\/ul>\n\n<h3 class=\"wp-block-heading\">Megrepedt retek<\/h3>\n\n<p>A reped\u00e9sek a retekben akkor jelentkeznek, ha egyenetlen\u00fcl \u00f6nt\u00f6zik \u0151ket. A sz\u00e1raz id\u0151szakot k\u00f6vet\u0151 t\u00fal\u00f6nt\u00f6z\u00e9s miatti gyors n\u00f6veked\u00e9s a retek megreped\u00e9s\u00e9hez vezethet.<\/p>\n\n<ul class=\"wp-block-list\">\n<li><strong>Megold\u00e1s:<\/strong> Tartson fenn k\u00f6vetkezetes \u00f6nt\u00f6z\u00e9st, hetente legal\u00e1bb 1 h\u00fcvelyk vizet biztos\u00edtva. Ker\u00fclje a talajnedvess\u00e9g hirtelen ingadoz\u00e1s\u00e1t.<\/li>\n<\/ul>\n\n<h3 class=\"wp-block-heading\">Kem\u00e9ny, f\u00e1s retek<\/h3>\n\n<p>A retek hosszabb ideig a f\u00f6ldben hagy\u00e1sa kem\u00e9ny, f\u00e1s h\u00fast eredm\u00e9nyezhet. A retek h\u0171v\u00f6s h\u0151m\u00e9rs\u00e9kleten fejl\u0151dik, \u00e9s a gyeng\u00e9ds\u00e9g meg\u0151rz\u00e9s\u00e9hez rendszeres \u00f6nt\u00f6z\u00e9sre van sz\u00fcks\u00e9g.<\/p>\n\n<ul class=\"wp-block-list\">\n<li><strong>Megold\u00e1s:<\/strong> Arat\u00e1skor azonnal t\u00e1vol\u00edtsa el a reteket, amikor el\u00e9rik az \u00e9retts\u00e9get. Gy\u0151z\u0151dj\u00f6n meg arr\u00f3l, hogy a n\u00f6veked\u00e9si ciklusuk sor\u00e1n megfelel\u0151 vizet kapnak, k\u00fcl\u00f6n\u00f6sen melegebb h\u0151m\u00e9rs\u00e9kleten. A tavasz \u00e9s az \u0151sz ide\u00e1lis \u00e9vszak a retek termeszt\u00e9s\u00e9re.<\/li>\n<\/ul>\n\n<h3 class=\"wp-block-heading\">Csak levelek, nincs hagyma<\/h3>\n\n<p>A hagyma kialak\u00edt\u00e1s\u00e1ban sikertelen retekre gyakran hat\u00e1ssal van a meleg id\u0151j\u00e1r\u00e1s, amely arra k\u00e9szteti a n\u00f6v\u00e9nyt, hogy magokat termeljen \u00e9s vir\u00e1gokat hozzon l\u00e9tre. Egy\u00e9b t\u00e9nyez\u0151k k\u00f6z\u00e9 tartozik a t\u00falzs\u00fafolts\u00e1g \u00e9s a el\u00e9gtelen napf\u00e9ny.<\/p>\n\n<ul class=\"wp-block-list\">\n<li><strong>Megold\u00e1s:<\/strong> \u00dcltesse a reteket h\u0171v\u00f6sebb id\u0151ben, vagy \u00e1rny\u00e9kot biztos\u00edtson a meleg id\u0151szakokban. Ritk\u00edtsa meg a pal\u00e1nt\u00e1kat a megfelel\u0151 t\u00e9rk\u00f6z megtart\u00e1sa \u00e9rdek\u00e9ben (1-2 h\u00fcvelyk t\u00e1vols\u00e1gra). Gy\u0151z\u0151dj\u00f6n meg arr\u00f3l, hogy a n\u00f6v\u00e9nyek naponta t\u00f6bb \u00f3r\u00e1n \u00e1t k\u00f6zvetlen napf\u00e9nyt kapnak. Fontolja meg olyan fajt\u00e1kat, mint a \u201efeh\u00e9r j\u00e9gcsap\u201d, amelyek kevesebb helyet ig\u00e9nyelnek, \u00e9s elviselik a melegebb h\u0151m\u00e9rs\u00e9kleteket.<\/li>\n<\/ul>\n\n<h3 class=\"wp-block-heading\">Tov\u00e1bbi tippek az optim\u00e1lis retekn\u00f6veked\u00e9shez<\/h3>\n\n<ul class=\"wp-block-list\">\n<li>V\u00e1lassza ki a megfelel\u0151 fajt\u00e1kat az \u00e9ghajlat\u00e1hoz \u00e9s \u00e9vszak\u00e1hoz.<\/li>\n<li>\u00dcltesse a retek j\u00f3l v\u00edzelvezet\u0151 talajba, amelynek pH-\u00e9rt\u00e9ke 6,0 \u00e9s 7,0 k\u00f6z\u00f6tt van.<\/li>\n<li>Tr\u00e1gy\u00e1zza meg a retek enyh\u00e9n kiegyens\u00falyozott m\u0171tr\u00e1gy\u00e1val.<\/li>\n<li>V\u00e9dje meg a retek a k\u00e1rtev\u0151kt\u0151l \u00e9s betegs\u00e9gekt\u0151l megfelel\u0151 int\u00e9zked\u00e9sekkel.<\/li>\n<li>Arat\u00e1skor szedje ki a retek, amikor el\u00e9rik a k\u00edv\u00e1nt m\u00e9retet \u00e9s szil\u00e1rds\u00e1got.<\/li>\n<\/ul>\n\n<p>Ezen gyakori probl\u00e9m\u00e1k kezel\u00e9s\u00e9vel \u00e9s az aj\u00e1nlott megold\u00e1sok megval\u00f3s\u00edt\u00e1s\u00e1val a kert\u00e9szek \u00e9lvezhetik a sikeres retekterm\u00e9st, amely gyeng\u00e9d, \u00edzletes \u00e9s vizu\u00e1lisan vonz\u00f3.<\/p>","protected":false},"excerpt":{"rendered":"<p>A retek termeszt\u00e9s\u00e9vel kapcsolatos gyakori probl\u00e9m\u00e1k \u00e9s azok elker\u00fcl\u00e9se A retek n\u00e9pszer\u0171 z\u00f6lds\u00e9g a h\u00e1zi kertekben, a termeszt\u00e9s\u00fck egyszer\u0171s\u00e9ge \u00e9s gyors n\u00f6veked\u00e9se miatt. A n\u00f6veked\u00e9si ciklusuk alatt azonban bizonyos probl\u00e9m\u00e1k&hellip;<\/p>\n","protected":false},"author":4,"featured_media":0,"comment_status":"closed","ping_status":"","sticky":false,"template":"","format":"standard","meta":{"footnotes":""},"categories":[8813],"tags":[12821,12820,8932],"class_list":["post-8390","post","type-post","status-publish","format-standard","hentry","category-gardening","tag-gardening-problems","tag-radish-cultivation","tag-vegetable-gardening"],"_links":{"self":[{"href":"https:\/\/www.lifescienceart.com\/hu\/wp-json\/wp\/v2\/posts\/8390","targetHints":{"allow":["GET"]}}],"collection":[{"href":"https:\/\/www.lifescienceart.com\/hu\/wp-json\/wp\/v2\/posts"}],"about":[{"href":"https:\/\/www.lifescienceart.com\/hu\/wp-json\/wp\/v2\/types\/post"}],"author":[{"embeddable":true,"href":"https:\/\/www.lifescienceart.com\/hu\/wp-json\/wp\/v2\/users\/4"}],"replies":[{"embeddable":true,"href":"https:\/\/www.lifescienceart.com\/hu\/wp-json\/wp\/v2\/comments?post=8390"}],"version-history":[{"count":1,"href":"https:\/\/www.lifescienceart.com\/hu\/wp-json\/wp\/v2\/posts\/8390\/revisions"}],"predecessor-version":[{"id":8391,"href":"https:\/\/www.lifescienceart.com\/hu\/wp-json\/wp\/v2\/posts\/8390\/revisions\/8391"}],"wp:attachment":[{"href":"https:\/\/www.lifescienceart.com\/hu\/wp-json\/wp\/v2\/media?parent=8390"}],"wp:term":[{"taxonomy":"category","embeddable":true,"href":"https:\/\/www.lifescienceart.com\/hu\/wp-json\/wp\/v2\/categories?post=8390"},{"taxonomy":"post_tag","embeddable":true,"href":"https:\/\/www.lifescienceart.com\/hu\/wp-json\/wp\/v2\/tags?post=8390"}],"curies":[{"name":"wp","href":"https:\/\/api.w.org\/{rel}","templated":true}]}}