{"id":8438,"date":"2023-05-19T10:55:15","date_gmt":"2023-05-19T10:55:15","guid":{"rendered":"https:\/\/www.lifescienceart.com\/?p=8438"},"modified":"2023-05-19T10:55:15","modified_gmt":"2023-05-19T10:55:15","slug":"7-decorating-tips-designers-learned-from-their-moms","status":"publish","type":"post","link":"https:\/\/www.lifescienceart.com\/hu\/life\/home-and-family\/7-decorating-tips-designers-learned-from-their-moms\/","title":{"rendered":"Anyai tan\u00e1csok: 7 lakberendez\u00e9si tipp, ami \u00e1talak\u00edtja az otthonodat"},"content":{"rendered":"<h2 class=\"wp-block-heading\">7 dekor\u00e1ci\u00f3s tipp, amit a tervez\u0151k az \u00e9desanyjukt\u00f3l tanultak<\/h2>\n\n<h2 class=\"wp-block-heading\">R\u00e9gi \u00e9s \u00faj kever\u00e9se: Egy id\u0151tlen elegy<\/h2>\n\n<p>Nina Lichtenstein, a Nina Lichtenstein Custom Home Design alap\u00edt\u00f3j\u00e1nak \u00e9desanyj\u00e1nak k\u00f6sz\u00f6nheti, hogy elsaj\u00e1t\u00edtotta a r\u00e9gi \u00e9s \u00faj elemek belt\u00e9ri diz\u00e1jnban val\u00f3 kever\u00e9s\u00e9nek m\u0171v\u00e9szet\u00e9t. Csal\u00e1di erekly\u00e9k vagy retr\u00f3 leletek modern b\u00fatorokkal val\u00f3 \u00f6tv\u00f6z\u00e9s\u00e9vel karakteres \u00e9s m\u00e9lys\u00e9g\u0171 tereket hozhatsz l\u00e9tre. Ez a megk\u00f6zel\u00edt\u00e9s t\u00f6rt\u00e9nelmi r\u00e9tegeket \u00e9s szem\u00e9lyes jelent\u0151s\u00e9get ad egy szob\u00e1nak.<\/p>\n\n<h2 class=\"wp-block-heading\">Sz\u00e9ps\u00e9g a letisztults\u00e1gban: A rendrak\u00e1s ereje<\/h2>\n\n<p>Lichtenstein a diz\u00e1jnban a letisztults\u00e1g \u00e9rt\u00e9k\u00e9t is hangs\u00falyozza. A rendrak\u00e1s \u00e9s a terek rendben tart\u00e1sa nyugalmat \u00e9s egyens\u00falyt teremthet. Ha a lakberendez\u00e9sben, a rutinban \u00e9s az \u00e9letm\u00f3dban a minimalista szeml\u00e9letet k\u00f6veted, azonnal nyugodtabb \u00e9s vonz\u00f3bb l\u00e9gk\u00f6rt teremthetsz.<\/p>\n\n<h2 class=\"wp-block-heading\">Tisztelg\u00e9s az \u00f6r\u00f6ks\u00e9g el\u0151tt: Kultur\u00e1lis hat\u00e1sok az otthoni diz\u00e1jnban<\/h2>\n\n<p>Soni Mehra, a Marble Lotus alap\u00edt\u00f3j\u00e1t \u00e9desanyja inspir\u00e1lta arra, hogy a diz\u00e1jn r\u00e9v\u00e9n \u00e9rt\u00e9kelje d\u00e9l-\u00e1zsiai \u00f6r\u00f6ks\u00e9g\u00e9t. Csal\u00e1dja kult\u00far\u00e1j\u00e1ra jellemz\u0151 text\u00edli\u00e1k \u00e9s otthontervez\u00e9si technik\u00e1k be\u00e9p\u00edt\u00e9s\u00e9vel Mehra otthona k\u00f6rnyezet\u00e9ben k\u00e9nyelmet \u00e9s \u00f6sszetartoz\u00e1s \u00e9rz\u00e9s\u00e9t tal\u00e1lta. Ez arra inspir\u00e1lta, hogy elind\u00edtsa saj\u00e1t d\u00e9l-\u00e1zsiai dekor\u00e1ci\u00f3s m\u00e1rk\u00e1j\u00e1t, a Marble Lotust.<\/p>\n\n<h2 class=\"wp-block-heading\">K\u00e9nyelmes sarkok sz\u00f6gekkel: M\u00e9lys\u00e9g \u00e9s dimenzi\u00f3 l\u00e9trehoz\u00e1sa<\/h2>\n\n<p>Mehra azt is megtanulta, mennyire fontos a t\u00e1rgyak \u00e9s b\u00fatorok sz\u00f6gben val\u00f3 elhelyez\u00e9se egy szoba elrendez\u00e9s\u00e9nek megtervez\u00e9sekor. Ez a technika dimenzi\u00f3t, m\u00e9lys\u00e9get \u00e9s r\u00e9tegeket \u00e9p\u00edt otthonod minden sark\u00e1ba, \u00edgy \u00e1tgondolt, m\u00e9gis k\u00e9nyelmes, lakott hat\u00e1st kelt.<\/p>\n\n<h2 class=\"wp-block-heading\">Egys\u00e9ges sz\u00ednvil\u00e1g kialak\u00edt\u00e1sa: Harm\u00f3nia \u00e9s \u00e1raml\u00e1s<\/h2>\n\n<p>Mehra azt javasolja, hogy a dekor\u00e1ci\u00f3, a k\u00e1rpitozott b\u00fatorok \u00e9s a m\u0171alkot\u00e1sok sz\u00edneit igaz\u00edtsd az otthonban haszn\u00e1lt \u00e9p\u00edt\u00e9szethez \u00e9s anyagokhoz. A f\u00fcgg\u00f6ny\u00f6k, p\u00e1rn\u00e1k \u00e9s m\u0171alkot\u00e1sok \u00f6sszehangol\u00e1sa az otthonod term\u00e9szetes \u00f6sszet\u00e9tel\u00e9vel, illetve a dekor\u00e1ci\u00f3s elemek egym\u00e1shoz igaz\u00edt\u00e1sa azonnal egys\u00e9ges \u00e9s kifinomult megjelen\u00e9st k\u00f6lcs\u00f6n\u00f6z.<\/p>\n\n<h2 class=\"wp-block-heading\">A k\u00e9nyelem fontoss\u00e1ga: Egy vend\u00e9gszeret\u0151 \u00e9s h\u00edvogat\u00f3 t\u00e9r<\/h2>\n\n<p>Lichtenstein \u00e9desanyja a diz\u00e1jnban a k\u00e9nyelmet \u00e9s a funkcionalit\u00e1st helyezte el\u0151t\u00e9rbe, amit \u0151 is alapvet\u0151 elvk\u00e9nt alkalmaz munk\u00e1j\u00e1ban. K\u00e9nyelmes \u00fcl\u00e9sek, puha text\u00edli\u00e1k \u00e9s ergon\u00f3mikus elrendez\u00e9sek v\u00e1laszt\u00e1s\u00e1val olyan tereket hozhatsz l\u00e9tre, amelyek melegek, h\u00edvogat\u00f3ak \u00e9s k\u00e9nyelmesek a mindennapi \u00e9lethez \u00e9s a vend\u00e9gek fogad\u00e1s\u00e1hoz.<\/p>\n\n<h2 class=\"wp-block-heading\">Szem\u00e9lyess\u00e9 t\u00e9tel: T\u00f6rt\u00e9netek \u00e9s \u00e9rzelmek a dekor\u00e1ci\u00f3dban<\/h2>\n\n<p>Lichtenstein \u00e9desanyja mindenekel\u0151tt megtan\u00edtotta neki, hogy mennyire fontos, hogy egy teret szem\u00e9lyess\u00e9 \u00e9s jelent\u0151s\u00e9gteljess\u00e9 tegy\u00fcnk. Szem\u00e9lyes t\u00e1rgyak, csal\u00e1di f\u00e9nyk\u00e9pek \u00e9s kedves eml\u00e9kek be\u00e9p\u00edt\u00e9s\u00e9vel olyan otthont alak\u00edthatsz ki, amely val\u00f3ban t\u00fckr\u00f6zi a benne \u00e9l\u0151k \u00e9letm\u00f3dj\u00e1t \u00e9s szem\u00e9lyis\u00e9g\u00e9t.<\/p>\n\n<h2 class=\"wp-block-heading\">Tov\u00e1bbi tippek a tervez\u0151i szint\u0171 dekor\u00e1l\u00e1shoz<\/h2>\n\n<ul class=\"wp-block-list\">\n<li><strong>Vedd figyelembe a szem\u00e9lyes st\u00edlusodat:<\/strong> Milyen sz\u00edneket, mint\u00e1kat \u00e9s text\u00far\u00e1kat szeretsz? Az otthonodnak t\u00fckr\u00f6znie kell a szem\u00e9lyis\u00e9gedet, \u00e9s k\u00e9nyelmesnek \u00e9s boldognak kell lennie benne.<\/li>\n<li><strong>Ne f\u00e9lj keverni \u00e9s p\u00e1ros\u00edtani:<\/strong> A k\u00fcl\u00f6nb\u00f6z\u0151 st\u00edlusok \u00e9s korszakok egyedi \u00e9s eklektikus megjelen\u00e9st eredm\u00e9nyezhetnek.<\/li>\n<li><strong>Dekor\u00e1lj n\u00f6v\u00e9nyekkel:<\/strong> A n\u00f6v\u00e9nyek \u00e9letet \u00e9s frissess\u00e9get visznek b\u00e1rmely t\u00e9rbe.<\/li>\n<li><strong>Figyelj a vil\u00e1g\u00edt\u00e1sra:<\/strong> A j\u00f3 vil\u00e1g\u00edt\u00e1s nagyobb\u00e1 \u00e9s bar\u00e1ts\u00e1gosabb\u00e1 tehet egy szob\u00e1t.<\/li>\n<li><strong>Ne zs\u00fafold t\u00fal a teredet:<\/strong> A t\u00fal sok b\u00fator vagy dekor\u00e1ci\u00f3 zs\u00fafoltt\u00e1 \u00e9s k\u00e9nyelmetlenn\u00e9 teheti a szob\u00e1t.<\/li>\n<li><strong>\u00c9lvezd:<\/strong> Az otthonod dekor\u00e1l\u00e1s\u00e1nak \u00e9lvezetesnek kell lennie! Ne f\u00e9lj k\u00eds\u00e9rletezni \u00e9s \u00faj dolgokat kipr\u00f3b\u00e1lni.<\/li>\n<\/ul>","protected":false},"excerpt":{"rendered":"<p>7 dekor\u00e1ci\u00f3s tipp, amit a tervez\u0151k az \u00e9desanyjukt\u00f3l tanultak R\u00e9gi \u00e9s \u00faj kever\u00e9se: Egy id\u0151tlen elegy Nina Lichtenstein, a Nina Lichtenstein Custom Home Design alap\u00edt\u00f3j\u00e1nak \u00e9desanyj\u00e1nak k\u00f6sz\u00f6nheti, hogy elsaj\u00e1t\u00edtotta a&hellip;<\/p>\n","protected":false},"author":4,"featured_media":0,"comment_status":"closed","ping_status":"","sticky":false,"template":"","format":"standard","meta":{"footnotes":""},"categories":[9661],"tags":[8479,9213,8914,3377,10915],"class_list":["post-8438","post","type-post","status-publish","format-standard","hentry","category-home-and-family","tag-interior-design","tag-home-design","tag-decorating","tag-home-decor","tag-mothers-day"],"_links":{"self":[{"href":"https:\/\/www.lifescienceart.com\/hu\/wp-json\/wp\/v2\/posts\/8438","targetHints":{"allow":["GET"]}}],"collection":[{"href":"https:\/\/www.lifescienceart.com\/hu\/wp-json\/wp\/v2\/posts"}],"about":[{"href":"https:\/\/www.lifescienceart.com\/hu\/wp-json\/wp\/v2\/types\/post"}],"author":[{"embeddable":true,"href":"https:\/\/www.lifescienceart.com\/hu\/wp-json\/wp\/v2\/users\/4"}],"replies":[{"embeddable":true,"href":"https:\/\/www.lifescienceart.com\/hu\/wp-json\/wp\/v2\/comments?post=8438"}],"version-history":[{"count":1,"href":"https:\/\/www.lifescienceart.com\/hu\/wp-json\/wp\/v2\/posts\/8438\/revisions"}],"predecessor-version":[{"id":8439,"href":"https:\/\/www.lifescienceart.com\/hu\/wp-json\/wp\/v2\/posts\/8438\/revisions\/8439"}],"wp:attachment":[{"href":"https:\/\/www.lifescienceart.com\/hu\/wp-json\/wp\/v2\/media?parent=8438"}],"wp:term":[{"taxonomy":"category","embeddable":true,"href":"https:\/\/www.lifescienceart.com\/hu\/wp-json\/wp\/v2\/categories?post=8438"},{"taxonomy":"post_tag","embeddable":true,"href":"https:\/\/www.lifescienceart.com\/hu\/wp-json\/wp\/v2\/tags?post=8438"}],"curies":[{"name":"wp","href":"https:\/\/api.w.org\/{rel}","templated":true}]}}