{"id":8479,"date":"2024-04-12T12:38:44","date_gmt":"2024-04-12T12:38:44","guid":{"rendered":"https:\/\/www.lifescienceart.com\/?p=8479"},"modified":"2024-04-12T12:38:44","modified_gmt":"2024-04-12T12:38:44","slug":"mediterranean-pool-design-ideas","status":"publish","type":"post","link":"https:\/\/www.lifescienceart.com\/hu\/life\/home-and-garden\/mediterranean-pool-design-ideas\/","title":{"rendered":"A mediterr\u00e1n st\u00edlus\u00fa medenc\u00e9k alapvet\u0151 elemei"},"content":{"rendered":"<h2 class=\"wp-block-heading\">A mediterr\u00e1n st\u00edlus\u00fa medenc\u00e9k alapvet\u0151 elemei<\/h2>\n\n<p>A mediterr\u00e1n st\u00edlus\u00fa medenc\u00e9k az autentikuss\u00e1g \u00e9s a kikapcsol\u00f3d\u00e1s \u00e9rzet\u00e9t keltik, egy eur\u00f3pai nyaral\u00e1s l\u00e9nyeg\u00e9t ragadj\u00e1k meg. \u00cdme a legfontosabb elemek, amelyek meghat\u00e1rozz\u00e1k ezt a n\u00e9pszer\u0171 diz\u00e1jn eszt\u00e9tik\u00e1t:<\/p>\n\n<h2 class=\"wp-block-heading\">Sz\u00edn \u00e9s text\u00fara<\/h2>\n\n<p>A mediterr\u00e1n medenc\u00e9k gyakran \u00e9l\u00e9nk sz\u00edn\u0171 csemp\u00e9kkel rendelkeznek, kir\u00e1lyk\u00e9k, narancss\u00e1rga \u00e9s a term\u00e9szetben megtal\u00e1lhat\u00f3 \u00e9l\u00e9nk \u00e1rnyalatokban. Az olyan text\u00far\u00e1k, mint a rusztikus fa, a terrakotta \u00e9s a verdigris m\u00e9lys\u00e9get \u00e9s karaktert adnak.<\/p>\n\n<h2 class=\"wp-block-heading\">Alakzat \u00e9s egyszer\u0171s\u00e9g<\/h2>\n\n<p>A r\u00e9gi vil\u00e1g mediterr\u00e1n medenc\u00e9i \u00e1ltal\u00e1ban egyszer\u0171 alak\u00faak, gyakran t\u00e9glalap alak\u00faak. Hi\u00e1nyoznak bel\u0151l\u00fck a modern v\u00edziparkok kidolgozott cs\u00faszd\u00e1i \u00e9s m\u0171k\u0151szikl\u00e1i.<\/p>\n\n<h2 class=\"wp-block-heading\">Term\u00e9szetes elemek<\/h2>\n\n<p>A v\u00edz a mediterr\u00e1n kertek tervez\u00e9s\u00e9nek alapvet\u0151 eleme, \u00e9s az \u00fasz\u00f3medenc\u00e9ket gyakran be\u00e9p\u00edtik a t\u00e1jk\u00e9pbe. A mediterr\u00e1n \u00e9ghajlatra jellemz\u0151 n\u00f6v\u00e9nyeket, p\u00e9ld\u00e1ul az olajf\u00e1kat \u00e9s a citrusf\u00e1kat gyakran haszn\u00e1lj\u00e1k.<\/p>\n\n<h2 class=\"wp-block-heading\">\u00c9p\u00edt\u00e9szeti r\u00e9szletek<\/h2>\n\n<p>A mediterr\u00e1n medenc\u00e9k gyakran tartalmaznak olyan \u00e9p\u00edt\u00e9szeti elemeket, mint a macskak\u00f6vek, \u00edvek \u00e9s sz\u00f6k\u0151kutak. Az alacsony falak \u00e9s r\u00e1csos szerkezetek biztos\u00edtj\u00e1k a mag\u00e1n\u00e9letet, \u00e9s \u00e1rny\u00e9kos ter\u00fcleteket hoznak l\u00e9tre.<\/p>\n\n<h2 class=\"wp-block-heading\">Mediterr\u00e1n medence-tervez\u00e9si \u00f6tletek<\/h2>\n\n<h2 class=\"wp-block-heading\">Mag\u00e1n udvarok<\/h2>\n\n<p>Az udvari medenc\u00e9k elszigetelt o\u00e1zist k\u00edn\u00e1lnak, melyet buja n\u00f6v\u00e9nyzet \u00e9s \u00e9p\u00edt\u00e9szeti r\u00e9szletek vesznek k\u00f6r\u00fcl.<\/p>\n\n<h2 class=\"wp-block-heading\">Term\u00e9szetes t\u00e1jak<\/h2>\n\n<p>Azok a medenc\u00e9k, amelyek z\u00f6kken\u0151mentesen beleolvadnak a k\u00f6rnyez\u0151 t\u00e1jba, harmonikus \u00e9s vonz\u00f3 l\u00e9gk\u00f6rt teremtenek.<\/p>\n\n<h2 class=\"wp-block-heading\">Kis helyek<\/h2>\n\n<p>M\u00e9g a kis helyek is elf\u00e9rnek egy mediterr\u00e1n st\u00edlus\u00fa medenc\u00e9t. A f\u00fcgg\u0151leges t\u00e9r kreat\u00edv haszn\u00e1lata \u00e9s az \u00e1tgondolt t\u00e1jrendez\u00e9s maximaliz\u00e1lhatja a rendelkez\u00e9sre \u00e1ll\u00f3 ter\u00fcletet.<\/p>\n\n<h2 class=\"wp-block-heading\">Provence-i var\u00e1zs<\/h2>\n\n<p>A provence-i ihlet\u00e9s\u0171 medenc\u00e9k a francia vid\u00e9k rusztikus eleganci\u00e1j\u00e1t id\u00e9zik, lebomlott gr\u00e1nittal, levendul\u00e1val \u00e9s line\u00e1ris kert\u00e1gy\u00e1sokkal.<\/p>\n\n<h2 class=\"wp-block-heading\">Borvid\u00e9ki visszavonul\u00f3k<\/h2>\n\n<p>A sz\u0151l\u0151\u00fcltetv\u00e9nyek t\u00f6k\u00e9letes k\u00f6rnyezetet ny\u00fajtanak a mediterr\u00e1n medenc\u00e9k sz\u00e1m\u00e1ra, melyeket lank\u00e1s dombok \u00e9s buja n\u00f6v\u00e9nyzet vesz k\u00f6r\u00fcl.<\/p>\n\n<h2 class=\"wp-block-heading\">Modern mediterr\u00e1n<\/h2>\n\n<p>A kort\u00e1rs mediterr\u00e1n medenc\u00e9k a hagyom\u00e1nyos elemeket \u00f6tv\u00f6zik a modern jegyekkel, p\u00e9ld\u00e1ul a tiszta vonalakkal \u00e9s a geometriai form\u00e1kkal.<\/p>\n\n<h2 class=\"wp-block-heading\">Mediterr\u00e1n st\u00edlus\u00fa medence l\u00e9trehoz\u00e1sa<\/h2>\n\n<p>Amikor egy mediterr\u00e1n st\u00edlus\u00fa medenc\u00e9t tervezel, vedd figyelembe a k\u00f6vetkez\u0151 tippeket:<\/p>\n\n<h2 class=\"wp-block-heading\">V\u00e1laszd ki a megfelel\u0151 csemp\u00e9t<\/h2>\n\n<p>A sz\u00ednes, m\u00e1zas csemp\u00e9k autentikus hat\u00e1st k\u00f6lcs\u00f6n\u00f6znek a mediterr\u00e1n medenc\u00e9knek.<\/p>\n\n<h2 class=\"wp-block-heading\">\u00c9p\u00edts be text\u00far\u00e1t<\/h2>\n\n<p>Haszn\u00e1lj olyan anyagokat, mint a rusztikus fa, a terrakotta \u00e9s a verdigris, hogy r\u00e9teges \u00e9s \u00e9rdekes megjelen\u00e9st hozz l\u00e9tre.<\/p>\n\n<h2 class=\"wp-block-heading\">Tartsd egyszer\u0171en<\/h2>\n\n<p>V\u00e1lassz egyszer\u0171, t\u00e9glalap alak\u00fa form\u00e1kat, amelyek az \u00f3vil\u00e1gi eszt\u00e9tik\u00e1t id\u00e9zik.<\/p>\n\n<h2 class=\"wp-block-heading\">Adj hozz\u00e1 \u0151shonos n\u00f6v\u00e9nyeket<\/h2>\n\n<p>A mediterr\u00e1n st\u00edlus\u00fa t\u00e1jakhoz ide\u00e1lisak az olajf\u00e1k \u00e9s a citrusf\u00e1k, valamint a sz\u00e1razs\u00e1gt\u0171r\u0151 n\u00f6v\u00e9nyek.<\/p>\n\n<h2 class=\"wp-block-heading\">Adj hozz\u00e1 \u00e9p\u00edt\u00e9szeti r\u00e9szleteket<\/h2>\n\n<p>\u00c9p\u00edts be \u00edveket, sz\u00f6k\u0151kutakat \u00e9s alacsony falakat, hogy hely\u00e9rzetet \u00e9s mag\u00e1n\u00e9letet teremts.<\/p>\n\n<p>Ezeket az ir\u00e1nyelveket k\u00f6vetve olyan mediterr\u00e1n medenc\u00e9t hozhatsz l\u00e9tre, amely egy nyugodt \u00e9s vonz\u00f3 eur\u00f3pai mened\u00e9khelyre rep\u00edt.<\/p>","protected":false},"excerpt":{"rendered":"<p>A mediterr\u00e1n st\u00edlus\u00fa medenc\u00e9k alapvet\u0151 elemei A mediterr\u00e1n st\u00edlus\u00fa medenc\u00e9k az autentikuss\u00e1g \u00e9s a kikapcsol\u00f3d\u00e1s \u00e9rzet\u00e9t keltik, egy eur\u00f3pai nyaral\u00e1s l\u00e9nyeg\u00e9t ragadj\u00e1k meg. \u00cdme a legfontosabb elemek, amelyek meghat\u00e1rozz\u00e1k ezt&hellip;<\/p>\n","protected":false},"author":5,"featured_media":0,"comment_status":"closed","ping_status":"closed","sticky":false,"template":"","format":"standard","meta":{"footnotes":""},"categories":[8825],"tags":[9594,12885,12886,12884,8952,12887],"class_list":["post-8479","post","type-post","status-publish","format-standard","hentry","category-home-and-garden","tag-garden-design","tag-pool-landscaping","tag-mediterranean-style","tag-mediterranean-pool-design","tag-outdoor-living","tag-tranquil-oasis"],"_links":{"self":[{"href":"https:\/\/www.lifescienceart.com\/hu\/wp-json\/wp\/v2\/posts\/8479","targetHints":{"allow":["GET"]}}],"collection":[{"href":"https:\/\/www.lifescienceart.com\/hu\/wp-json\/wp\/v2\/posts"}],"about":[{"href":"https:\/\/www.lifescienceart.com\/hu\/wp-json\/wp\/v2\/types\/post"}],"author":[{"embeddable":true,"href":"https:\/\/www.lifescienceart.com\/hu\/wp-json\/wp\/v2\/users\/5"}],"replies":[{"embeddable":true,"href":"https:\/\/www.lifescienceart.com\/hu\/wp-json\/wp\/v2\/comments?post=8479"}],"version-history":[{"count":1,"href":"https:\/\/www.lifescienceart.com\/hu\/wp-json\/wp\/v2\/posts\/8479\/revisions"}],"predecessor-version":[{"id":8480,"href":"https:\/\/www.lifescienceart.com\/hu\/wp-json\/wp\/v2\/posts\/8479\/revisions\/8480"}],"wp:attachment":[{"href":"https:\/\/www.lifescienceart.com\/hu\/wp-json\/wp\/v2\/media?parent=8479"}],"wp:term":[{"taxonomy":"category","embeddable":true,"href":"https:\/\/www.lifescienceart.com\/hu\/wp-json\/wp\/v2\/categories?post=8479"},{"taxonomy":"post_tag","embeddable":true,"href":"https:\/\/www.lifescienceart.com\/hu\/wp-json\/wp\/v2\/tags?post=8479"}],"curies":[{"name":"wp","href":"https:\/\/api.w.org\/{rel}","templated":true}]}}