{"id":9082,"date":"2024-08-20T05:22:41","date_gmt":"2024-08-20T05:22:41","guid":{"rendered":"https:\/\/www.lifescienceart.com\/?p=9082"},"modified":"2024-08-20T05:22:41","modified_gmt":"2024-08-20T05:22:41","slug":"fast-growing-shade-trees-a-comprehensive-guide","status":"publish","type":"post","link":"https:\/\/www.lifescienceart.com\/hu\/life\/gardening-and-landscaping\/fast-growing-shade-trees-a-comprehensive-guide\/","title":{"rendered":"Gyorsan n\u00f6vekv\u0151 \u00e1rny\u00e9kf\u00e1k: \u00e1tfog\u00f3 \u00fatmutat\u00f3"},"content":{"rendered":"<h2 class=\"wp-block-heading\">Gyorsan n\u00f6v\u0151 \u00e1rny\u00e9kf\u00e1k: \u00c1tfog\u00f3 \u00fatmutat\u00f3<\/h2>\n\n<p>Amikor gyorsan szeretne \u00e1rny\u00e9kot biztos\u00edtani otthon\u00e1hoz vagy k\u00fclt\u00e9ri ter\u00fclet\u00e9hez, a gyorsan n\u00f6v\u0151 \u00e1rny\u00e9kf\u00e1k t\u00f6k\u00e9letes megold\u00e1st jelentenek. Impon\u00e1l\u00f3 magass\u00e1got el\u00e9rve \u00e9s sz\u00e9les lombkoron\u00e1t terjesztve ezek a f\u00e1k hat\u00e9konyan v\u00e9dhetik gyep\u00e9t \u00e9s otthon\u00e1t a nap sugarait\u00f3l.<\/p>\n\n<h3 class=\"wp-block-heading\">Gyorsan n\u00f6v\u0151 \u00e1rny\u00e9kf\u00e1k t\u00edpusai<\/h3>\n\n<p>Sz\u00e9les v\u00e1laszt\u00e9k \u00e1ll rendelkez\u00e9sre gyorsan n\u00f6v\u0151 \u00e1rny\u00e9kf\u00e1kb\u00f3l, mindegyiknek megvan a maga egyedi jellemz\u0151je \u00e9s el\u0151nyei:<\/p>\n\n<ul class=\"wp-block-list\">\n<li><strong>V\u00f6r\u00f6s juhar:<\/strong> \u00c9l\u00e9nk v\u00f6r\u00f6s-narancss\u00e1rga \u0151szi lombj\u00e1r\u00f3l h\u00edres, a v\u00f6r\u00f6s juhar \u00c9szak-Amerika \u0151shonos f\u00e1ja, \u00e9s \u00e9vente ak\u00e1r 60 cm-t is n\u00f6vekedhet, el\u00e9rve a 11 m\u00e9ter magas \u00e9s 15 m\u00e9ter sz\u00e9les m\u00e9retet.<\/li>\n<li><strong>\u0150szi l\u00e1ng juhar:<\/strong> A juharf\u00e9l\u00e9k csal\u00e1dj\u00e1nak viszonylag \u00faj tagja, az \u0151szi l\u00e1ng juhar kiv\u00e9teles \u0151szi lombj\u00e1r\u00f3l ismert, amely megb\u00edzhat\u00f3an egy figyelemre m\u00e9lt\u00f3 v\u00f6r\u00f6s \u00e1rnyalat\u00fav\u00e1 v\u00e1lik. Ez a fa \u00e9vente ak\u00e1r 90 cm-t is n\u00f6vekedhet, \u00e9s el\u00e9rheti a 21 m\u00e9teres magass\u00e1got \u00e9s 15 m\u00e9teres sz\u00e9less\u00e9get.<\/li>\n<li><strong>Sarl\u00f3s t\u00f6lgy:<\/strong> Akik b\u0151s\u00e9ges \u00e1rny\u00e9kot keresnek, azok sz\u00e1m\u00e1ra a sarl\u00f3s t\u00f6lgy kiv\u00e1l\u00f3 v\u00e1laszt\u00e1s. Sz\u00e9lesed\u0151 lombkoron\u00e1ja \u00e9vente 33-60 cm-t is n\u00f6vekedhet, el\u00e9rve a 23 m\u00e9teres magass\u00e1got \u00e9s 18 m\u00e9teres sz\u00e9less\u00e9get.<\/li>\n<li><strong>Leyland ciprus:<\/strong> Anglia \u0151shonos f\u00e1ja, a Leyland ciprus magas \u00e9s keskeny, gyakran haszn\u00e1lj\u00e1k \u00e9l\u0151 falak l\u00e9trehoz\u00e1s\u00e1ra a mag\u00e1n\u00e9let v\u00e9delme \u00e9rdek\u00e9ben. \u00c9vente k\u00f6r\u00fclbel\u00fcl 60 cm-t vagy ann\u00e1l t\u00f6bbet n\u0151het, el\u00e9rve a 21 m\u00e9teres magass\u00e1got \u00e9s 4,5 m\u00e9teres sz\u00e9less\u00e9get.<\/li>\n<li><strong>Foly\u00f3 ny\u00edr:<\/strong> Ezek a gyorsan n\u00f6v\u0151 f\u00e1k sz\u00e9ps\u00e9get \u00e9s \u00e1rny\u00e9kot adnak b\u00e1rmilyen t\u00e1jnak. \u00c9vente 33-60 cm-t is n\u0151hetnek, el\u00e9rve a 27 m\u00e9teres magass\u00e1got \u00e9s 18 m\u00e9teres sz\u00e9less\u00e9get. H\u00e1ml\u00f3 k\u00e9rg\u00fck, amely kr\u00e9m, lazac \u00e9s fekete r\u00e9tegeket fed fel, vizu\u00e1lis \u00e9rdekess\u00e9get ad.<\/li>\n<li><strong>Tulip\u00e1nfa:<\/strong> A tulip\u00e1n form\u00e1j\u00fa vir\u00e1gair\u00f3l kapta nev\u00e9t, a tulip\u00e1nfa egy nagy fa, amely \u00e9vente t\u00f6bb mint 60 cm-t is n\u0151het. El\u00e9rheti a 40 m\u00e9teres magass\u00e1got \u00e9s 18 m\u00e9teres sz\u00e9less\u00e9get, \u00edgy nagyobb t\u00e1jakhoz is alkalmas.<\/li>\n<li><strong>Kr\u00e9pap\u00e1lma:<\/strong> Melegebb \u00e9ghajlatokra n\u00e9pszer\u0171 v\u00e1laszt\u00e1s, a kr\u00e9pap\u00e1lma \u00e9vente ak\u00e1r 60 cm-t is n\u00f6vekedhet \u00e9s el\u00e9rheti a 12 m\u00e9teres magass\u00e1got \u00e9s 7,5 m\u00e9teres sz\u00e9less\u00e9get. Illatos vir\u00e1gair\u00f3l ismert, amelyek feh\u00e9r, r\u00f3zsasz\u00edn, levendula \u00e9s piros \u00e1rnyalatokban ny\u00edlnak, sz\u00e9ps\u00e9get \u00e9s \u00e1rny\u00e9kot adva b\u00e1rmilyen k\u00fclt\u00e9ri t\u00e9rhez.<\/li>\n<\/ul>\n\n<h3 class=\"wp-block-heading\">A megfelel\u0151 fa kiv\u00e1laszt\u00e1sa<\/h3>\n\n<p>Amikor gyorsan n\u00f6v\u0151 \u00e1rny\u00e9kf\u00e1t v\u00e1laszt a t\u00e1jhoz, vegye figyelembe a k\u00f6vetkez\u0151 t\u00e9nyez\u0151ket:<\/p>\n\n<ul class=\"wp-block-list\">\n<li><strong>M\u00e9ret:<\/strong> Hat\u00e1rozza meg a fa k\u00edv\u00e1nt magass\u00e1g\u00e1t \u00e9s sz\u00e9less\u00e9g\u00e9t az udvarban rendelkez\u00e9sre \u00e1ll\u00f3 hely alapj\u00e1n.<\/li>\n<li><strong>N\u00f6veked\u00e9si \u00fctem:<\/strong> V\u00e1lasszon olyan f\u00e1t, amelynek n\u00f6veked\u00e9si \u00fcteme megfelel az ig\u00e9nyeinek. Egyes f\u00e1k \u00e9vente ak\u00e1r 90 cm-t is n\u0151hetnek, m\u00edg m\u00e1sok lassabb \u00fctemben n\u00f6vekedhetnek.<\/li>\n<li><strong>USDA n\u00f6veked\u00e9si z\u00f3na:<\/strong> Gy\u0151z\u0151dj\u00f6n meg r\u00f3la, hogy a kiv\u00e1lasztott fa megfelel az \u00e9ghajlati z\u00f3n\u00e1j\u00e1nak.<\/li>\n<li><strong>Napf\u00e9ny:<\/strong> Vegye figyelembe a telep\u00edt\u00e9si hely napf\u00e9nyesed\u00e9s\u00e9t, \u00e9s v\u00e1lasszon olyan f\u00e1t, amely j\u00f3l fejl\u0151dik ezekben a k\u00f6r\u00fclm\u00e9nyek k\u00f6z\u00f6tt.<\/li>\n<\/ul>\n\n<h3 class=\"wp-block-heading\">Gyorsan n\u00f6v\u0151 \u00e1rny\u00e9kf\u00e1k el\u0151nyei<\/h3>\n\n<p>Az \u00e1rny\u00e9k biztos\u00edt\u00e1sa mellett a gyorsan n\u00f6v\u0151 \u00e1rny\u00e9kf\u00e1k sz\u00e1mos el\u0151nnyel rendelkeznek:<\/p>\n\n<ul class=\"wp-block-list\">\n<li><strong>L\u00e9gszennyezetts\u00e9g cs\u00f6kkent\u00e9se:<\/strong> A f\u00e1k felsz\u00edvj\u00e1k a szennyez\u0151 anyagokat \u00e9s oxig\u00e9nt bocs\u00e1tanak ki, hozz\u00e1j\u00e1rulva a tiszt\u00e1bb leveg\u0151h\u00f6z.<\/li>\n<li><strong>Energia k\u00f6lts\u00e9gek cs\u00f6kkent\u00e9se:<\/strong> A f\u00e1k \u00e1ltal biztos\u00edtott \u00e1rny\u00e9k seg\u00edthet cs\u00f6kkenteni a belt\u00e9ri h\u0151m\u00e9rs\u00e9kleteket, ez\u00e1ltal cs\u00f6kkentve a l\u00e9gkondicion\u00e1l\u00e1s sz\u00fcks\u00e9gess\u00e9g\u00e9t.<\/li>\n<li><strong>Tulajdon \u00e9rt\u00e9k\u00e9nek n\u00f6vel\u00e9se:<\/strong> A kifejlett f\u00e1k jelent\u0151s \u00e9rt\u00e9kn\u00f6veked\u00e9st jelenthetnek az ingatlan\u00e1n.<\/li>\n<li><strong>Eszt\u00e9tikai el\u0151ny\u00f6k:<\/strong> Az \u00e1rny\u00e9kf\u00e1k sz\u00e9ps\u00e9get \u00e9s m\u00e9lys\u00e9get adnak b\u00e1rmilyen t\u00e1jhoz, \u00edgy a k\u00fclt\u00e9ri t\u00e9r m\u00e9g vonz\u00f3bb\u00e1 v\u00e1lik.<\/li>\n<\/ul>\n\n<h3 class=\"wp-block-heading\">Gondoz\u00e1s \u00e9s karbantart\u00e1s<\/h3>\n\n<p>Annak biztos\u00edt\u00e1sa \u00e9rdek\u00e9ben, hogy gyorsan n\u00f6v\u0151 \u00e1rny\u00e9kf\u00e1ja j\u00f3l fejl\u0151dj\u00f6n, k\u00f6vesse az al\u00e1bbi gondoz\u00e1si tippeket:<\/p>\n\n<ul class=\"wp-block-list\">\n<li><strong>\u00d6nt\u00f6z\u00e9s:<\/strong> Rendszeresen \u00f6nt\u00f6zze a f\u00e1t, k\u00fcl\u00f6n\u00f6sen az els\u0151 n\u00f6veked\u00e9si id\u0151szakban \u00e9s sz\u00e1raz id\u0151szakokban.<\/li>\n<li><strong>Tr\u00e1gy\u00e1z\u00e1s:<\/strong> \u00c9vente tr\u00e1gy\u00e1zza a f\u00e1t kiegyens\u00falyozott tr\u00e1gy\u00e1val az eg\u00e9szs\u00e9ges n\u00f6veked\u00e9s el\u0151seg\u00edt\u00e9se \u00e9rdek\u00e9ben.<\/li>\n<li><strong>Metsz\u00e9s:<\/strong> Sz\u00fcks\u00e9g szerint metssze meg a f\u00e1t, hogy elt\u00e1vol\u00edtsa a holt vagy beteg \u00e1gakat, \u00e9s form\u00e1lja n\u00f6veked\u00e9s\u00e9t.<\/li>\n<li><strong>Mulcsoz\u00e1s:<\/strong> Ter\u00edtsen el egy r\u00e9teg mulcsot a fa t\u00f6v\u00e9ben, hogy meg\u0151rizze a nedvess\u00e9get \u00e9s visszaszor\u00edtsa a gyomokat.<\/li>\n<\/ul>\n\n<p>Ezeknek a gyorsan n\u00f6v\u0151 \u00e1rny\u00e9kf\u00e1knak a t\u00e1jba val\u00f3 beilleszt\u00e9s\u00e9vel gyorsan \u00e1rny\u00e9kos mened\u00e9ket hozhat l\u00e9tre, mik\u00f6zben n\u00f6velheti ingatlana sz\u00e9ps\u00e9g\u00e9t \u00e9s \u00e9rt\u00e9k\u00e9t.<\/p>","protected":false},"excerpt":{"rendered":"<p>Gyorsan n\u00f6v\u0151 \u00e1rny\u00e9kf\u00e1k: \u00c1tfog\u00f3 \u00fatmutat\u00f3 Amikor gyorsan szeretne \u00e1rny\u00e9kot biztos\u00edtani otthon\u00e1hoz vagy k\u00fclt\u00e9ri ter\u00fclet\u00e9hez, a gyorsan n\u00f6v\u0151 \u00e1rny\u00e9kf\u00e1k t\u00f6k\u00e9letes megold\u00e1st jelentenek. Impon\u00e1l\u00f3 magass\u00e1got el\u00e9rve \u00e9s sz\u00e9les lombkoron\u00e1t terjesztve ezek a&hellip;<\/p>\n","protected":false},"author":4,"featured_media":24074,"comment_status":"closed","ping_status":"closed","sticky":false,"template":"","format":"standard","meta":{"footnotes":""},"categories":[10970],"tags":[9177,13405,8848,8952,8819],"class_list":["post-9082","post","type-post","status-publish","format-standard","has-post-thumbnail","hentry","category-gardening-and-landscaping","tag-tree-care","tag-fast-growing-shade-trees","tag-gardening","tag-outdoor-living","tag-landscaping"],"_links":{"self":[{"href":"https:\/\/www.lifescienceart.com\/hu\/wp-json\/wp\/v2\/posts\/9082","targetHints":{"allow":["GET"]}}],"collection":[{"href":"https:\/\/www.lifescienceart.com\/hu\/wp-json\/wp\/v2\/posts"}],"about":[{"href":"https:\/\/www.lifescienceart.com\/hu\/wp-json\/wp\/v2\/types\/post"}],"author":[{"embeddable":true,"href":"https:\/\/www.lifescienceart.com\/hu\/wp-json\/wp\/v2\/users\/4"}],"replies":[{"embeddable":true,"href":"https:\/\/www.lifescienceart.com\/hu\/wp-json\/wp\/v2\/comments?post=9082"}],"version-history":[{"count":1,"href":"https:\/\/www.lifescienceart.com\/hu\/wp-json\/wp\/v2\/posts\/9082\/revisions"}],"predecessor-version":[{"id":9083,"href":"https:\/\/www.lifescienceart.com\/hu\/wp-json\/wp\/v2\/posts\/9082\/revisions\/9083"}],"wp:featuredmedia":[{"embeddable":true,"href":"https:\/\/www.lifescienceart.com\/hu\/wp-json\/wp\/v2\/media\/24074"}],"wp:attachment":[{"href":"https:\/\/www.lifescienceart.com\/hu\/wp-json\/wp\/v2\/media?parent=9082"}],"wp:term":[{"taxonomy":"category","embeddable":true,"href":"https:\/\/www.lifescienceart.com\/hu\/wp-json\/wp\/v2\/categories?post=9082"},{"taxonomy":"post_tag","embeddable":true,"href":"https:\/\/www.lifescienceart.com\/hu\/wp-json\/wp\/v2\/tags?post=9082"}],"curies":[{"name":"wp","href":"https:\/\/api.w.org\/{rel}","templated":true}]}}