{"id":9130,"date":"2021-04-24T21:07:32","date_gmt":"2021-04-24T21:07:32","guid":{"rendered":"https:\/\/www.lifescienceart.com\/?p=9130"},"modified":"2021-04-24T21:07:32","modified_gmt":"2021-04-24T21:07:32","slug":"pergola-vs-gazebo-whats-the-difference","status":"publish","type":"post","link":"https:\/\/www.lifescienceart.com\/hu\/life\/home-and-garden\/pergola-vs-gazebo-whats-the-difference\/","title":{"rendered":"Pergol\u00e1k \u00e9s pavilonok: mi a k\u00fcl\u00f6nbs\u00e9g?"},"content":{"rendered":"<h2 class=\"wp-block-heading\">Pergol\u00e1k \u00e9s pavilonok: mi a k\u00fcl\u00f6nbs\u00e9g?<\/h2>\n\n<h2 class=\"wp-block-heading\">K\u00fclt\u00e9ri szerkezetek a jobb \u00e9letmin\u0151s\u00e9g\u00e9rt<\/h2>\n\n<p>A pergol\u00e1k \u00e9s pavilonok n\u00e9pszer\u0171 k\u00fclt\u00e9ri szerkezetek, amelyek vizu\u00e1lisan vonz\u00f3v\u00e1 \u00e9s praktikuss\u00e1 teszik az ingatlant. B\u00e1r mindkett\u0151 v\u00e9delmet ny\u00fajt az id\u0151j\u00e1r\u00e1s viszontags\u00e1gai ellen, t\u00f6bb kulcsfontoss\u00e1g\u00fa szempontb\u00f3l elt\u00e9rnek egym\u00e1st\u00f3l.<\/p>\n\n<h2 class=\"wp-block-heading\">Tet\u0151szerkezet<\/h2>\n\n<p>A pergol\u00e1k \u00e9s pavilonok k\u00f6z\u00f6tti legjelent\u0151sebb k\u00fcl\u00f6nbs\u00e9g a tet\u0151szerkezet\u00fckben rejlik. A pavilonoknak teljesen z\u00e1rt tet\u0151j\u00fck van, amely teljes v\u00e9delmet ny\u00fajt a nap \u00e9s az es\u0151 ellen. A pergol\u00e1knak viszont r\u00e9szlegesen nyitott tetej\u00fck van, l\u00e9ces vagy r\u00e1csos kialak\u00edt\u00e1ssal, amely lehet\u0151v\u00e9 teszi a napf\u00e9ny bejut\u00e1s\u00e1t.<\/p>\n\n<h2 class=\"wp-block-heading\">Szerkezeti k\u00fcl\u00f6nbs\u00e9gek<\/h2>\n\n<p>A pavilonok jellemz\u0151en szabadon \u00e1ll\u00f3 szerkezetek, azaz m\u00e1s szerkezethez val\u00f3 csatlakoz\u00e1s n\u00e9lk\u00fcl, \u00f6n\u00e1ll\u00f3an \u00e1llnak. A pergol\u00e1k azonban lehetnek szabadon \u00e1ll\u00f3ak, vagy csatlakoztathat\u00f3k egy f\u0151\u00e9p\u00fclethez, p\u00e9ld\u00e1ul egy h\u00e1zhoz vagy teraszhoz. Ez a tervez\u00e9si rugalmass\u00e1g lehet\u0151v\u00e9 teszi, hogy a pergol\u00e1k k\u00f6nnyen be\u00e9p\u00edthet\u0151k legyenek a megl\u00e9v\u0151 k\u00fclt\u00e9ri terekbe.<\/p>\n\n<h2 class=\"wp-block-heading\">Megjelen\u00e9s<\/h2>\n\n<p>A pergol\u00e1k nyitott tet\u0151szerkezete szell\u0151sebb \u00e9s vonz\u00f3bb \u00e9rzetet kelt, ide\u00e1lis \u00e1rny\u00e9kos k\u00fclt\u00e9ri helyis\u00e9gek kialak\u00edt\u00e1s\u00e1hoz. A pavilonok z\u00e1rt tetej\u00fckkel elszigeteltebb \u00e9s meghittebb k\u00f6rnyezetet k\u00edn\u00e1lnak, amely t\u00f6k\u00e9letes a sz\u00f3rakoz\u00e1sra vagy a pihen\u00e9sre.<\/p>\n\n<h2 class=\"wp-block-heading\">Tart\u00f3ss\u00e1g<\/h2>\n\n<p>Z\u00e1rt tet\u0151szerkezet\u00fcknek k\u00f6sz\u00f6nhet\u0151en a pavilonok \u00e1ltal\u00e1ban tart\u00f3sabbak, mint a pergol\u00e1k. A tet\u0151 tov\u00e1bbi v\u00e9delmet ny\u00fajt az id\u0151j\u00e1r\u00e1s viszontags\u00e1gai ellen, megakad\u00e1lyozva az anyagok id\u0151 el\u0151tti roml\u00e1s\u00e1t.<\/p>\n\n<h2 class=\"wp-block-heading\">K\u00f6lts\u00e9g<\/h2>\n\n<p>A pergol\u00e1k \u00e9p\u00edt\u00e9se \u00e1ltal\u00e1ban kev\u00e9sb\u00e9 k\u00f6lts\u00e9ges, mint a pavilonok\u00e9. Egyszer\u0171bb szerkezet\u00fck \u00e9s kevesebb anyagig\u00e9ny\u00fck alacsonyabb anyag- \u00e9s munkaer\u0151k\u00f6lts\u00e9geket eredm\u00e9nyez.<\/p>\n\n<h2 class=\"wp-block-heading\">\u00c9rt\u00e9k<\/h2>\n\n<p>A pergol\u00e1k \u00e9s pavilonok egyar\u00e1nt n\u00f6velhetik az ingatlan \u00e9rt\u00e9k\u00e9t. A pergol\u00e1knak jobb lehet a megt\u00e9r\u00fcl\u00e9si r\u00e1t\u00e1ja (ROI), mivel alacsonyabb az el\u0151zetes beker\u00fcl\u00e9si k\u00f6lts\u00e9g\u00fck. A pavilonok azonban jelent\u0151sen n\u00f6velhetik az ingatlan \u00e9rt\u00e9k\u00e9t is, k\u00fcl\u00f6n\u00f6sen, ha j\u00f3l meg\u00e9p\u00edtettek \u00e9s karbantartottak.<\/p>\n\n<h2 class=\"wp-block-heading\">A megfelel\u0151 szerkezet kiv\u00e1laszt\u00e1sa az \u00d6n ig\u00e9nyeihez<\/h2>\n\n<p>A pergola \u00e9s a pavilon k\u00f6z\u00f6tti legjobb v\u00e1laszt\u00e1s az \u00d6n konkr\u00e9t ig\u00e9nyeit\u0151l \u00e9s preferenci\u00e1it\u00f3l f\u00fcgg.<\/p>\n\n<h2 class=\"wp-block-heading\">Pergol\u00e1k:<\/h2>\n\n<ul class=\"wp-block-list\">\n<li>Ide\u00e1lisak \u00e1rny\u00e9kos k\u00fclt\u00e9ri terek kialak\u00edt\u00e1s\u00e1hoz<\/li>\n<li>A rugalmas kialak\u00edt\u00e1s lehet\u0151v\u00e9 teszi a f\u0151\u00e9p\u00fcletekhez val\u00f3 csatlakoztat\u00e1st<\/li>\n<li>R\u00e9szleges v\u00e9delmet ny\u00fajtanak a nap \u00e9s az es\u0151 ellen<\/li>\n<li>Kev\u00e9sb\u00e9 k\u00f6lts\u00e9gesek meg\u00e9p\u00edteni<\/li>\n<\/ul>\n\n<h2 class=\"wp-block-heading\">Pavilonok:<\/h2>\n\n<ul class=\"wp-block-list\">\n<li>Teljes v\u00e9delmet ny\u00fajtanak a nap \u00e9s az es\u0151 ellen<\/li>\n<li>Elszigetelt \u00e9s meghitt k\u00fclt\u00e9ri helyis\u00e9geket hoznak l\u00e9tre<\/li>\n<li>A z\u00e1rt tet\u0151szerkezet miatt tart\u00f3sabbak<\/li>\n<li>\u00c1ltal\u00e1ban dr\u00e1g\u00e1bbak meg\u00e9p\u00edteni<\/li>\n<\/ul>\n\n<h2 class=\"wp-block-heading\">Tov\u00e1bbi szempontok<\/h2>\n\n<ul class=\"wp-block-list\">\n<li><strong>Kapuk:<\/strong> B\u00e1r gyakran \u00f6sszet\u00e9vesztik a pergol\u00e1kkal, a kapuk kisebb szerkezetek, amelyek egy \u00e1tj\u00e1r\u00f3ra eml\u00e9keztetnek.<\/li>\n<li><strong>Horgonyz\u00e1s:<\/strong> A pavilonokat megfelel\u0151en r\u00f6gz\u00edteni kell a talajhoz, hogy megakad\u00e1lyozz\u00e1k a sz\u00e9l okozta k\u00e1rokat.<\/li>\n<li><strong>Szabadon \u00e1ll\u00f3 pergol\u00e1k:<\/strong> A pergol\u00e1k szabadon \u00e1ll\u00f3ak lehetnek, ha n\u00e9gy oszlopuk van ahelyett, hogy egy szerkezethez csatlakozn\u00e1nak.<\/li>\n<\/ul>\n\n<h2 class=\"wp-block-heading\">Gyakran ism\u00e9telt k\u00e9rd\u00e9sek<\/h2>\n\n<ul class=\"wp-block-list\">\n<li><strong>Ugyanaz a pergola \u00e9s a kapu?<\/strong> Nem, a pergol\u00e1k nagyobb k\u00fclt\u00e9ri helyis\u00e9gek, m\u00edg a kapuk kisebbek, \u00e9s \u00e1tj\u00e1r\u00f3ra eml\u00e9keztetnek.<\/li>\n<li><strong>Horgonyozni kell a pavilonokat?<\/strong> Igen, a pavilonokat megfelel\u0151en r\u00f6gz\u00edteni kell a talajhoz, hogy elker\u00fclj\u00fck az er\u0151s sz\u00e9l okozta s\u00e9r\u00fcl\u00e9seket.<\/li>\n<li><strong>Lehet egy pergola szabadon \u00e1ll\u00f3?<\/strong> Igen, a pergol\u00e1k szabadon \u00e1ll\u00f3ak lehetnek, ha n\u00e9gy oszlopuk van ahelyett, hogy egy szerkezethez csatlakozn\u00e1nak.<\/li>\n<\/ul>","protected":false},"excerpt":{"rendered":"<p>Pergol\u00e1k \u00e9s pavilonok: mi a k\u00fcl\u00f6nbs\u00e9g? K\u00fclt\u00e9ri szerkezetek a jobb \u00e9letmin\u0151s\u00e9g\u00e9rt A pergol\u00e1k \u00e9s pavilonok n\u00e9pszer\u0171 k\u00fclt\u00e9ri szerkezetek, amelyek vizu\u00e1lisan vonz\u00f3v\u00e1 \u00e9s praktikuss\u00e1 teszik az ingatlant. B\u00e1r mindkett\u0151 v\u00e9delmet ny\u00fajt&hellip;<\/p>\n","protected":false},"author":5,"featured_media":0,"comment_status":"closed","ping_status":"closed","sticky":false,"template":"","format":"standard","meta":{"footnotes":""},"categories":[8825],"tags":[9730,10345,10725,13447,10724],"class_list":["post-9130","post","type-post","status-publish","format-standard","hentry","category-home-and-garden","tag-backyard-design","tag-garden-decor","tag-gazebos","tag-outdoor-structures","tag-pergolas"],"_links":{"self":[{"href":"https:\/\/www.lifescienceart.com\/hu\/wp-json\/wp\/v2\/posts\/9130","targetHints":{"allow":["GET"]}}],"collection":[{"href":"https:\/\/www.lifescienceart.com\/hu\/wp-json\/wp\/v2\/posts"}],"about":[{"href":"https:\/\/www.lifescienceart.com\/hu\/wp-json\/wp\/v2\/types\/post"}],"author":[{"embeddable":true,"href":"https:\/\/www.lifescienceart.com\/hu\/wp-json\/wp\/v2\/users\/5"}],"replies":[{"embeddable":true,"href":"https:\/\/www.lifescienceart.com\/hu\/wp-json\/wp\/v2\/comments?post=9130"}],"version-history":[{"count":1,"href":"https:\/\/www.lifescienceart.com\/hu\/wp-json\/wp\/v2\/posts\/9130\/revisions"}],"predecessor-version":[{"id":9131,"href":"https:\/\/www.lifescienceart.com\/hu\/wp-json\/wp\/v2\/posts\/9130\/revisions\/9131"}],"wp:attachment":[{"href":"https:\/\/www.lifescienceart.com\/hu\/wp-json\/wp\/v2\/media?parent=9130"}],"wp:term":[{"taxonomy":"category","embeddable":true,"href":"https:\/\/www.lifescienceart.com\/hu\/wp-json\/wp\/v2\/categories?post=9130"},{"taxonomy":"post_tag","embeddable":true,"href":"https:\/\/www.lifescienceart.com\/hu\/wp-json\/wp\/v2\/tags?post=9130"}],"curies":[{"name":"wp","href":"https:\/\/api.w.org\/{rel}","templated":true}]}}