{"id":9595,"date":"2024-05-31T11:55:15","date_gmt":"2024-05-31T11:55:15","guid":{"rendered":"https:\/\/www.lifescienceart.com\/?p=9595"},"modified":"2024-05-31T11:55:15","modified_gmt":"2024-05-31T11:55:15","slug":"different-types-of-screws-and-their-uses","status":"publish","type":"post","link":"https:\/\/www.lifescienceart.com\/hu\/science\/engineering\/different-types-of-screws-and-their-uses\/","title":{"rendered":"Csavarok t\u00edpusai \u00e9s felhaszn\u00e1l\u00e1suk"},"content":{"rendered":"<h2 class=\"wp-block-heading\">Csavarok k\u00fcl\u00f6nb\u00f6z\u0151 t\u00edpusai \u00e9s felhaszn\u00e1l\u00e1si m\u00f3djai<\/h2>\n\n<p>A csavarok olyan \u00e1ltal\u00e1nosan haszn\u00e1lt k\u00f6t\u0151elemek, amelyek alakjukban \u00e9s funkci\u00f3jukban hasonl\u00edtanak a sz\u00f6gekhez, de emellett hornyokkal, \u00fagynevezett menetek vannak ell\u00e1tva. Ezek a menetek seg\u00edtik a csavart a csavarlyuk bels\u0151 oldal\u00e1n megkapaszkodni, amikor az anyagba becsavarj\u00e1k. K\u00fcl\u00f6nf\u00e9le csavarok \u00e1llnak rendelkez\u00e9sre, mindegyiket kifejezetten meghat\u00e1rozott alkalmaz\u00e1sokhoz \u00e9s anyagokhoz terveztek.<\/p>\n\n<h2 class=\"wp-block-heading\">A csavar anat\u00f3mi\u00e1ja<\/h2>\n\n<p>Egy csavar \u00f6t f\u0151 r\u00e9szb\u0151l \u00e1ll:<\/p>\n\n<ul class=\"wp-block-list\">\n<li><strong>Hajt\u00e1s:<\/strong> Az a bem\u00e9lyed\u00e9s a fejben, ahov\u00e1 a csavarh\u00faz\u00f3t vagy a csavarbet\u00e9tet behelyezik.<\/li>\n<li><strong>Fej:<\/strong> A sz\u00e9les, k\u00f6r alak\u00fa r\u00e9sz, amely az anyag tetej\u00e9n \u00fcl, \u00e9s megakad\u00e1lyozza annak \u00e1tszakad\u00e1s\u00e1t.<\/li>\n<li><strong>Sz\u00e1r:<\/strong> A sima ter\u00fclet a fej \u00e9s a menet k\u00f6z\u00f6tt.<\/li>\n<li><strong>Hegy:<\/strong> A csavar hegyes v\u00e9ge.<\/li>\n<li><strong>Menet:<\/strong> A bord\u00e1s r\u00e9sz, amely a f\u0151tengely k\u00f6r\u00e9 tekeredik, \u00e9s megfogja az anyagot.<\/li>\n<\/ul>\n\n<h2 class=\"wp-block-heading\">A csavarok t\u00edpusai<\/h2>\n\n<h2 class=\"wp-block-heading\">Fa csavarok<\/h2>\n\n<p>A fa csavarokat \u00e1ltal\u00e1ban k\u00e9t vagy t\u00f6bb fadarab \u00f6sszek\u00f6t\u00e9s\u00e9re haszn\u00e1lj\u00e1k. Hegyes v\u00e9g\u00fck van, amely k\u00f6nnyen behatol a f\u00e1ba, \u00e9s \u00e1ltal\u00e1ban nincs sz\u00fcks\u00e9g vezet\u0151lyukra. A menetek sz\u00e9les t\u00e1vols\u00e1gra vannak egym\u00e1st\u00f3l, hogy megfogj\u00e1k a farostokat.<\/p>\n\n<h2 class=\"wp-block-heading\">Gipszkarton csavarok<\/h2>\n\n<p>A gipszkarton csavarokat gipszkarton panelek f\u00e1b\u00f3l k\u00e9sz\u00fclt oszlopokhoz vagy gerend\u00e1khoz val\u00f3 r\u00f6gz\u00edt\u00e9s\u00e9re tervezt\u00e9k. Vastag meneteik vannak, amelyek biztons\u00e1gos tart\u00e1st biztos\u00edtanak a puha anyagban. A s\u00fcllyesztett fejek lehet\u0151v\u00e9 teszik a csavarok elrejt\u00e9s\u00e9t a gipszkarton fel\u00fclete alatt.<\/p>\n\n<h2 class=\"wp-block-heading\">Terasz csavarok<\/h2>\n\n<p>A terasz csavarokat a terasz deszk\u00e1k teraszgerend\u00e1khoz val\u00f3 r\u00f6gz\u00edt\u00e9s\u00e9re haszn\u00e1lj\u00e1k. Lapos fej\u00fck van, amely s\u00fcllyeszthet\u0151 a terasz fel\u00fclete al\u00e1, \u00edgy egy s\u00edk \u00e9s eszt\u00e9tikailag kellemes fel\u00fcletet biztos\u00edt. A terasz csavarok \u00e1ltal\u00e1ban rozsdamentes ac\u00e9lb\u00f3l k\u00e9sz\u00fclnek, hogy ellen\u00e1lljanak a rozsd\u00e1sod\u00e1snak.<\/p>\n\n<h2 class=\"wp-block-heading\">Falaz\u00f3 csavarok<\/h2>\n\n<p>A falaz\u00f3 csavarokat falaz\u00f3anyagokkal, p\u00e9ld\u00e1ul betonnal \u00e9s t\u00e9gl\u00e1val val\u00f3 haszn\u00e1latra tervezt\u00e9k. Helyez\u00e9s\u00fck el\u0151tt vezet\u0151lyukat kell f\u00farni. A menetek \u00fagy vannak kialak\u00edtva, hogy biztons\u00e1gosan tarts\u00e1k a s\u0171r\u0171 anyagot.<\/p>\n\n<h2 class=\"wp-block-heading\">MDF csavarok<\/h2>\n\n<p>Az MDF csavarokat k\u00f6zepes s\u0171r\u0171s\u00e9g\u0171 farostlemezzel (MDF) haszn\u00e1lj\u00e1k. K\u00fcl\u00f6nleges hegy\u00fck \u00e9s menet\u00fck van, amelyek vezet\u0151lyuk n\u00e9lk\u00fcl is be tudnak hatolni a kem\u00e9ny anyagba.<\/p>\n\n<h2 class=\"wp-block-heading\">F\u00e9mlemez csavarok<\/h2>\n\n<p>A f\u00e9mlemez csavarokat k\u00fcl\u00f6nf\u00e9le anyagok f\u00e9mlemezhez val\u00f3 r\u00f6gz\u00edt\u00e9s\u00e9re haszn\u00e1lj\u00e1k. Hegyes hegy\u00fck van, amely \u00e1thatolhat a f\u00e9mfel\u00fcleten, \u00e9s finom menet\u00fck, amelyek biztons\u00e1gos tart\u00e1st biztos\u00edtanak. A rozsdamentes ac\u00e9lb\u00f3l k\u00e9sz\u00fclt f\u00e9mlemez csavarok k\u00fclt\u00e9ri haszn\u00e1latra is alkalmasak.<\/p>\n\n<h2 class=\"wp-block-heading\">\u00d6nf\u00far\u00f3 csavarok<\/h2>\n\n<p>Az \u00f6nf\u00far\u00f3 csavarok saj\u00e1t menetet hoznak l\u00e9tre, amikor az anyagba vannak becsavarva. Ez a legt\u00f6bb esetben kik\u00fcsz\u00f6b\u00f6li a vezet\u0151lyuk sz\u00fcks\u00e9gess\u00e9g\u00e9t. K\u00fcl\u00f6nb\u00f6z\u0151 alkalmaz\u00e1sokban haszn\u00e1lhat\u00f3k, bele\u00e9rtve a f\u00e9met, a f\u00e1t \u00e9s a m\u0171anyagot.<\/p>\n\n<h2 class=\"wp-block-heading\">K\u00e9tv\u00e9g\u0171 csavarok<\/h2>\n\n<p>A k\u00e9tv\u00e9g\u0171 csavaroknak nincs fej\u00fck, \u00e9s k\u00e9t el\u0151re kif\u00fart vezet\u0151lyukba vannak behelyezve. \u00c1ltal\u00e1ban b\u00fator \u00f6sszeszerel\u00e9s\u00e9n\u00e9l haszn\u00e1lj\u00e1k \u0151ket.<\/p>\n\n<h2 class=\"wp-block-heading\">T\u00fckr\u00f6s csavarok<\/h2>\n\n<p>A t\u00fckr\u00f6s csavarok gumi t\u00f6m\u00edt\u00e9sekkel rendelkeznek, amelyek megakad\u00e1lyozz\u00e1k, hogy a f\u00e9m csavar k\u00f6zvetlen\u00fcl a t\u00fck\u00f6rh\u00f6z nyom\u00f3djon. Ezeket arra haszn\u00e1lj\u00e1k, hogy a t\u00fckr\u00f6ket biztons\u00e1gosan r\u00f6gz\u00edts\u00e9k an\u00e9lk\u00fcl, hogy k\u00e1ros\u00edtan\u00e1k az \u00fcveget.<\/p>\n\n<h2 class=\"wp-block-heading\">Biztons\u00e1gi csavarok<\/h2>\n\n<p>A biztons\u00e1gi csavarok egyedi fejekkel rendelkeznek, amelyek megnehez\u00edtik azok elt\u00e1vol\u00edt\u00e1s\u00e1t speci\u00e1lis szersz\u00e1mok n\u00e9lk\u00fcl. Nyilv\u00e1nos helyeken haszn\u00e1lj\u00e1k \u0151ket a lop\u00e1s \u00e9s a vandalizmus megel\u0151z\u00e9s\u00e9re.<\/p>\n\n<h2 class=\"wp-block-heading\">Kalap\u00e1csos csavarok<\/h2>\n\n<p>A kalap\u00e1csos csavarokat kalap\u00e1ccsal vagy gumikalap\u00e1ccsal \u00fctik be az anyagokba. Vastag, lekerek\u00edtett fej\u00fck \u00e9s tart\u00f3s sz\u00e1ruk van, \u00edgy ide\u00e1lisak t\u00e1bl\u00e1k \u00e9s n\u00e9vt\u00e1bl\u00e1k r\u00f6gz\u00edt\u00e9s\u00e9hez.<\/p>\n\n<h2 class=\"wp-block-heading\">G\u00e9pi csavarok<\/h2>\n\n<p>A g\u00e9pi csavarokat g\u00e9pek vagy elektronikus eszk\u00f6z\u00f6k k\u00fcl\u00f6nb\u00f6z\u0151 r\u00e9szeinek \u00f6sszek\u00f6t\u00e9s\u00e9re haszn\u00e1lj\u00e1k. Lapos vagy lekerek\u00edtett fej\u00fck van, \u00e9s \u00e1ltal\u00e1ban nincs hegyes hegy\u00fck.<\/p>\n\n<h2 class=\"wp-block-heading\">Zsebfurat\u00fa csavarok<\/h2>\n\n<p>A zsebfurat\u00fa csavarokat fa b\u00fatorokhoz tervezt\u00e9k. K\u00fcl\u00f6nleges fej\u00fck \u00e9s sz\u00e1ruk van, amelyek biztons\u00e1gosan \u00f6sszeh\u00fazz\u00e1k a fadarabokat.<\/p>\n\n<h2 class=\"wp-block-heading\">A megfelel\u0151 csavar kiv\u00e1laszt\u00e1sa<\/h2>\n\n<p>Amikor csavart v\u00e1lasztasz egy projekthez, vedd figyelembe a k\u00f6vetkez\u0151 t\u00e9nyez\u0151ket:<\/p>\n\n<ul class=\"wp-block-list\">\n<li><strong>Anyag:<\/strong> Az, hogy milyen t\u00edpus\u00fa anyaggal dolgozol, meghat\u00e1rozza, hogy milyen t\u00edpus\u00fa csavar sz\u00fcks\u00e9ges.<\/li>\n<li><strong>M\u00e9ret:<\/strong> A csavarok k\u00fcl\u00f6nb\u00f6z\u0151 hossz\u00fas\u00e1g\u00faak \u00e9s \u00e1tm\u00e9r\u0151j\u0171ek. V\u00e1lassz olyan csavart, amely megfelel\u0151 m\u00e9ret\u0171 az anyaghoz \u00e9s a k\u00edv\u00e1nt tart\u00e1si szinthez.<\/li>\n<li><strong>Fej:<\/strong> A csavar feje legyen megfelel\u0151 az anyaghoz \u00e9s a k\u00edv\u00e1nt fel\u00fclethez. A s\u00fcllyesztett fejeket \u00e1ltal\u00e1ban s\u00edk fel\u00fclethez haszn\u00e1lj\u00e1k, m\u00edg a lapos fejeket akkor, ha a csavarfej szabadon marad.<\/li>\n<li><strong>Menet:<\/strong> A csavar meneteinek meg kell egyezni\u00fck az anyaggal \u00e9s a k\u00edv\u00e1nt tart\u00e1si szinttel. A vastag menetek er\u0151sebb tart\u00e1st biztos\u00edtanak puha anyagokban, m\u00edg a finom menetek jobban megfelelnek kem\u00e9ny anyagokhoz.<\/li>\n<li><strong>K\u00fcl\u00f6nleges jellemz\u0151k:<\/strong> N\u00e9h\u00e1ny csavarnak k\u00fcl\u00f6nleges jellemz\u0151i vannak, p\u00e9ld\u00e1ul \u00f6nf\u00far\u00f3 hegyek, korr\u00f3zi\u00f3\u00e1ll\u00f3 bevonatok vagy biztons\u00e1gi fejek. V\u00e1lassz olyan csavart, amely rendelkezik a projektedhez megfelel\u0151 tulajdons\u00e1gokkal.<\/li>\n<\/ul>\n\n<h2 class=\"wp-block-heading\">Biztons\u00e1gi \u00f3vint\u00e9zked\u00e9sek<\/h2>\n\n<p>Mindig a megfelel\u0151 m\u00e9ret\u0171 \u00e9s t\u00edpus\u00fa csavart haszn\u00e1ld a projektedhez. A t\u00falm\u00e9retezett vagy alulm\u00e9retezett csavarok k\u00e1ros\u00edthatj\u00e1k az anyagot, vagy nem biztos\u00edtanak biztons<\/p>","protected":false},"excerpt":{"rendered":"<p>Csavarok k\u00fcl\u00f6nb\u00f6z\u0151 t\u00edpusai \u00e9s felhaszn\u00e1l\u00e1si m\u00f3djai A csavarok olyan \u00e1ltal\u00e1nosan haszn\u00e1lt k\u00f6t\u0151elemek, amelyek alakjukban \u00e9s funkci\u00f3jukban hasonl\u00edtanak a sz\u00f6gekhez, de emellett hornyokkal, \u00fagynevezett menetek vannak ell\u00e1tva. Ezek a menetek seg\u00edtik&hellip;<\/p>\n","protected":false},"author":1,"featured_media":23559,"comment_status":"closed","ping_status":"closed","sticky":false,"template":"","format":"standard","meta":{"footnotes":""},"categories":[1213],"tags":[4934,13883,11049,2856,8820,11471],"class_list":["post-9595","post","type-post","status-publish","format-standard","has-post-thumbnail","hentry","category-engineering","tag-woodworking","tag-screws","tag-hardware","tag-construction","tag-home-improvement","tag-fasteners"],"_links":{"self":[{"href":"https:\/\/www.lifescienceart.com\/hu\/wp-json\/wp\/v2\/posts\/9595","targetHints":{"allow":["GET"]}}],"collection":[{"href":"https:\/\/www.lifescienceart.com\/hu\/wp-json\/wp\/v2\/posts"}],"about":[{"href":"https:\/\/www.lifescienceart.com\/hu\/wp-json\/wp\/v2\/types\/post"}],"author":[{"embeddable":true,"href":"https:\/\/www.lifescienceart.com\/hu\/wp-json\/wp\/v2\/users\/1"}],"replies":[{"embeddable":true,"href":"https:\/\/www.lifescienceart.com\/hu\/wp-json\/wp\/v2\/comments?post=9595"}],"version-history":[{"count":1,"href":"https:\/\/www.lifescienceart.com\/hu\/wp-json\/wp\/v2\/posts\/9595\/revisions"}],"predecessor-version":[{"id":9596,"href":"https:\/\/www.lifescienceart.com\/hu\/wp-json\/wp\/v2\/posts\/9595\/revisions\/9596"}],"wp:featuredmedia":[{"embeddable":true,"href":"https:\/\/www.lifescienceart.com\/hu\/wp-json\/wp\/v2\/media\/23559"}],"wp:attachment":[{"href":"https:\/\/www.lifescienceart.com\/hu\/wp-json\/wp\/v2\/media?parent=9595"}],"wp:term":[{"taxonomy":"category","embeddable":true,"href":"https:\/\/www.lifescienceart.com\/hu\/wp-json\/wp\/v2\/categories?post=9595"},{"taxonomy":"post_tag","embeddable":true,"href":"https:\/\/www.lifescienceart.com\/hu\/wp-json\/wp\/v2\/tags?post=9595"}],"curies":[{"name":"wp","href":"https:\/\/api.w.org\/{rel}","templated":true}]}}