{"id":9804,"date":"2020-11-21T06:47:30","date_gmt":"2020-11-21T06:47:30","guid":{"rendered":"https:\/\/www.lifescienceart.com\/?p=9804"},"modified":"2020-11-21T06:47:30","modified_gmt":"2020-11-21T06:47:30","slug":"patio-landscaping-ideas-transform-outdoor-space","status":"publish","type":"post","link":"https:\/\/www.lifescienceart.com\/hu\/life\/home-and-garden\/patio-landscaping-ideas-transform-outdoor-space\/","title":{"rendered":"T\u00e1j\u00e9p\u00edt\u00e9szeti \u00f6tletek a terasz \u00e1talak\u00edt\u00e1s\u00e1hoz"},"content":{"rendered":"<h2 class=\"wp-block-heading\">\u00d6tletek teraszok sz\u00e9p\u00edt\u00e9s\u00e9hez, melyek \u00e1talak\u00edtj\u00e1k k\u00fclt\u00e9ri teredet<\/h2>\n\n<h2 class=\"wp-block-heading\">Csod\u00e1latos o\u00e1zis l\u00e9trehoz\u00e1sa<\/h2>\n\n<p>Egy j\u00f3l megtervezett terasz k\u00fclt\u00e9ri teredet megh\u00edv\u00f3 o\u00e1ziss\u00e1 var\u00e1zsolhatja. F\u00fcggetlen\u00fcl att\u00f3l, hogy szereted-e saj\u00e1t kez\u0171leg elk\u00e9sz\u00edteni, vagy ink\u00e1bb szakemberek seg\u00edts\u00e9g\u00e9t veszed ig\u00e9nybe, sz\u00e1mtalan m\u00f3dja van egy olyan terasz l\u00e9trehoz\u00e1s\u00e1nak, amely t\u00fckr\u00f6zi a st\u00edlusodat \u00e9s az ig\u00e9nyeidet.<\/p>\n\n<h2 class=\"wp-block-heading\">\u00dcltet\u00e9s a sz\u00e9ps\u00e9g\u00e9rt \u00e9s a funkcionalit\u00e1s\u00e9rt<\/h2>\n\n<p>A n\u00f6v\u00e9nyek elengedhetetlenek a kem\u00e9ny t\u00e1j\u00e9p\u00edt\u00e9szeti vonalak l\u00e1gy\u00edt\u00e1s\u00e1hoz, valamint megh\u00edvnak, hogy laz\u00edts, \u00e9s \u00e9lvezd a teraszt. A kont\u00e9nerkertek egy egyszer\u0171 m\u00f3dja annak, hogy n\u00f6v\u00e9nyeket helyezz\u00fcnk el kis terekben vagy fedett teraszokon.<\/p>\n\n<p>Ha szereted a d\u00edszf\u00e1kat, de nincs megfelel\u0151 kl\u00edma a szabadt\u00e9ri n\u00f6veked\u00e9s\u00fckh\u00f6z, fontold meg, hogy d\u00edszf\u00e1kat \u00fcltess kont\u00e9nerekbe. Hideg id\u0151ben behozhatod \u0151ket a h\u00e1zba.<\/p>\n\n<h2 class=\"wp-block-heading\">Vertikalit\u00e1s be\u00e9p\u00edt\u00e9se<\/h2>\n\n<p>A f\u00fcgg\u0151leges elemek hozz\u00e1ad\u00e1s\u00e1val a terasz t\u00e1jk\u00e9p\u00e9hez m\u00e9lys\u00e9g \u00e9s \u00e9rdekess\u00e9g \u00e9rhet\u0151 el. Egy lugas fel\u00e9p\u00edt\u00e9se a terasz mell\u00e9 nagyszer\u0171 m\u00f3dja a vertik\u00e1lis vonalak bevezet\u00e9s\u00e9nek. A lugasokat vir\u00e1gz\u00f3 sz\u0151l\u0151kkel is be lehet fedni, ami romantikus hangulatot k\u00f6lcs\u00f6n\u00f6z.<\/p>\n\n<p>M\u00e1s f\u00fcgg\u0151leges kert\u00e9szked\u00e9si lehet\u0151s\u00e9gek:<\/p>\n\n<ul class=\"wp-block-list\">\n<li>R\u00e1csos \u00fcltet\u0151ed\u00e9nyek<\/li>\n<li>Falakra vagy ker\u00edt\u00e9sekre felfuttatott ind\u00e1k<\/li>\n<li>F\u00fcgg\u0151leges kertek<\/li>\n<\/ul>\n\n<h2 class=\"wp-block-heading\">Kem\u00e9ny t\u00e1j\u00e9p\u00edt\u00e9szeti elemek a st\u00edlushoz \u00e9s a szerkezethez<\/h2>\n\n<p>A kem\u00e9ny t\u00e1j\u00e9p\u00edt\u00e9szeti elemek, mint p\u00e9ld\u00e1ul a t\u00e9rk\u00f6vek, a kavics \u00e9s a beton, szil\u00e1rd alapot biztos\u00edtanak a terasznak, \u00e9s egy kis kifinomults\u00e1got is k\u00f6lcs\u00f6n\u00f6zhetnek.<\/p>\n\n<ul class=\"wp-block-list\">\n<li><strong>T\u00e9rk\u00f6vek:<\/strong> A t\u00e9rk\u00f6vek k\u00fcl\u00f6nf\u00e9le anyagokb\u00f3l \u00e9s sz\u00ednekb\u0151l k\u00e9sz\u00fclnek, \u00edgy l\u00e9trehozhatsz egy egy\u00e9ni megjelen\u00e9st, amely kieg\u00e9sz\u00edti otthonod k\u00fcls\u0151 r\u00e9sz\u00e9t.<\/li>\n<li><strong>Kavics:<\/strong> A kavics megbocs\u00e1t\u00f3bb alap egy terasz sz\u00e1m\u00e1ra, \u00e9s egyben egyszer\u0171 \u00e9s megfizethet\u0151 bark\u00e1csol\u00e1s is.<\/li>\n<li><strong>Beton:<\/strong> Egy betont\u00f6mb tart\u00f3s \u00e9s modern alapot biztos\u00edthat a teraszodnak. Sz\u00edneket, sz\u00f6veteket \u00e9s b\u00fatorokat adhatsz hozz\u00e1, hogy bar\u00e1ts\u00e1gosabb\u00e1 tedd.<\/li>\n<\/ul>\n\n<h2 class=\"wp-block-heading\">Adatv\u00e9delem \u00e9s hangulat megteremt\u00e9se<\/h2>\n\n<p>Az adatv\u00e9delmi s\u00f6v\u00e9nyek, ker\u00edt\u00e9sek \u00e9s k\u00fclt\u00e9ri f\u00fcgg\u00f6ny\u00f6k seg\u00edthetnek az elk\u00fcl\u00f6n\u00fcl\u00e9s \u00e9s a meghitts\u00e9g \u00e9rzet\u00e9nek megteremt\u00e9s\u00e9ben a teraszon.<\/p>\n\n<ul class=\"wp-block-list\">\n<li><strong>Adatv\u00e9delmi s\u00f6v\u00e9nyek:<\/strong> \u00dcltess cserj\u00e9ket vagy f\u00e1kat egy sorban, hogy term\u00e9szetes adatv\u00e9delmi k\u00e9perny\u0151t hozz l\u00e9tre.<\/li>\n<li><strong>Ker\u00edt\u00e9sek:<\/strong> A ker\u00edt\u00e9sek \u00e1lland\u00f3bb adatv\u00e9delmi megold\u00e1st jelentenek, \u00e9s k\u00e9sz\u00fclhetnek f\u00e1b\u00f3l, f\u00e9mb\u0151l vagy vinilb\u0151l.<\/li>\n<li><strong>K\u00fclt\u00e9ri f\u00fcgg\u00f6ny\u00f6k:<\/strong> A k\u00fclt\u00e9ri f\u00fcgg\u00f6ny\u00f6k \u00e1rny\u00e9kot, mag\u00e1n\u00e9letet \u00e9s egy kis eleganci\u00e1t biztos\u00edthatnak.<\/li>\n<\/ul>\n\n<h2 class=\"wp-block-heading\">Sz\u00ednek \u00e9s text\u00far\u00e1k hozz\u00e1ad\u00e1sa<\/h2>\n\n<p>A sz\u00ednek \u00e9s text\u00far\u00e1k \u00e9letet \u00e9s vitalit\u00e1st hozhatnak a teraszra.<\/p>\n\n<ul class=\"wp-block-list\">\n<li><strong>N\u00f6v\u00e9nyek:<\/strong> A vir\u00e1gok, cserj\u00e9k \u00e9s f\u00e1k sz\u00ednfoltokat \u00e9s text\u00far\u00e1kat adnak a teraszhoz.<\/li>\n<li><strong>Textilek:<\/strong> A k\u00e9nyelmes takar\u00f3k, p\u00e1rn\u00e1k \u00e9s sz\u0151nyegek k\u00e9nyelmet \u00e9s st\u00edlust adhatnak a k\u00fclt\u00e9ri \u00fcl\u00e9seknek.<\/li>\n<li><strong>Kieg\u00e9sz\u00edt\u0151k:<\/strong> A sz\u00ednes \u00fcltet\u0151ed\u00e9nyek, szobrok \u00e9s egy\u00e9b kieg\u00e9sz\u00edt\u0151k szem\u00e9lyis\u00e9get \u00e9s \u00e9rdekl\u0151d\u00e9st adhatnak a teraszhoz.<\/li>\n<\/ul>\n\n<h2 class=\"wp-block-heading\">Vil\u00e1g\u00edt\u00e1s a hangulathoz<\/h2>\n\n<p>A vil\u00e1g\u00edt\u00e1s \u00e9jszaka var\u00e1zslatos t\u00e9rr\u00e9 alak\u00edthatja a teraszt.<\/p>\n\n<ul class=\"wp-block-list\">\n<li><strong>F\u00fcz\u00e9rek:<\/strong> A f\u00fcz\u00e9rek b\u00e1jos \u00e9s \u00fcnnepi hangulatot teremtenek.<\/li>\n<li><strong>L\u00e1mp\u00e1sok:<\/strong> A l\u00e1mp\u00e1sok egy kis rusztikus b\u00e1jt k\u00f6lcs\u00f6n\u00f6znek, \u00e9s elhelyezhet\u0151k asztalokon vagy felakaszthat\u00f3k f\u00e1kra.<\/li>\n<li><strong>Fali l\u00e1mp\u00e1k:<\/strong> A fali l\u00e1mp\u00e1k k\u00f6rnyezeti f\u00e9nyt biztos\u00edtanak, \u00e9s felszerelhet\u0151k falakra vagy oszlopokra.<\/li>\n<\/ul>\n\n<h2 class=\"wp-block-heading\">T\u00f6bbfunkci\u00f3s terek<\/h2>\n\n<p>A terasznak nem kell egyetlen c\u00e9lra korl\u00e1toz\u00f3dnia.<\/p>\n\n<ul class=\"wp-block-list\">\n<li><strong>\u00c9tkez\u0151:<\/strong> \u00c1ll\u00edts fel egy eb\u00e9dl\u0151asztalt \u00e9s sz\u00e9keket a szabadt\u00e9ri \u00e9tkez\u00e9shez.<\/li>\n<li><strong>Pihen\u0151sarok:<\/strong> Hozz l\u00e9tre egy hangulatos pihen\u0151sarokot k\u00e9nyelmes \u00fcl\u00e9sekkel \u00e9s t\u0171zrak\u00f3hellyel.<\/li>\n<li><strong>B\u00e1rr\u00e9sz:<\/strong> \u00c1ll\u00edts fel egy b\u00e1rr\u00e9szt a vend\u00e9gek sz\u00f3rakoztat\u00e1s\u00e1ra.<\/li>\n<\/ul>\n\n<h2 class=\"wp-block-heading\">Tippek kis terekhez<\/h2>\n\n<p>M\u00e9g ha csak egy kis teraszod van, akkor is l\u00e9trehozhatsz egy sz\u00e9p \u00e9s funkcion\u00e1lis k\u00fclt\u00e9ri teret.<\/p>\n\n<ul class=\"wp-block-list\">\n<li><strong>F\u00fcgg\u0151leges kert\u00e9szked\u00e9s:<\/strong> Haszn\u00e1ld ki a f\u00fcgg\u0151leges teret f\u00fcgg\u0151 \u00fcltet\u0151ed\u00e9nyekkel, r\u00e1ccsal \u00e9s falra szerelhet\u0151 \u00fcltet\u0151ed\u00e9nyekkel.<\/li>\n<li><strong>T\u00f6bbfunkci\u00f3s b\u00fatorok:<\/strong> V\u00e1lassz olyan b\u00fatorokat, amelyek t\u00f6bbfunkci\u00f3sak lehetnek, p\u00e9ld\u00e1ul be\u00e9p\u00edtett t\u00e1rol\u00f3val rendelkez\u0151 padokat.<\/li>\n<li><strong>Kavicsos kavics:<\/strong> A kavicsos kavics nagyszer\u0171 m\u00f3dja annak, hogy egy kis helyen alacsony karbantart\u00e1s\u00fa \u00e9s st\u00edlusos teraszt hozz l\u00e9tre.<\/li>\n<\/ul>\n\n<h2 class=\"wp-block-heading\">\u00c1lomc\u00e9lpontt\u00e1 v\u00e1ltoztatni a teraszt<\/h2>\n\n<p>Egy kis tervez\u00e9ssel \u00e9s kreativit\u00e1ssal olyan teraszt hozhatsz l\u00e9tre, amely egyszerre sz\u00e9p \u00e9s funkcion\u00e1lis. F\u00fcggetlen\u00fcl att\u00f3l, hogy egy buja o\u00e1zist, egy modern mened\u00e9ket vagy egy hangulatos gy\u00fclekez\u0151helyet szeretn\u00e9l, sz\u00e1mtalan \u00f6tlet v\u00e1r arra, hogy megihasson.<\/p>","protected":false},"excerpt":{"rendered":"<p>\u00d6tletek teraszok sz\u00e9p\u00edt\u00e9s\u00e9hez, melyek \u00e1talak\u00edtj\u00e1k k\u00fclt\u00e9ri teredet Csod\u00e1latos o\u00e1zis l\u00e9trehoz\u00e1sa Egy j\u00f3l megtervezett terasz k\u00fclt\u00e9ri teredet megh\u00edv\u00f3 o\u00e1ziss\u00e1 var\u00e1zsolhatja. F\u00fcggetlen\u00fcl att\u00f3l, hogy szereted-e saj\u00e1t kez\u0171leg elk\u00e9sz\u00edteni, vagy ink\u00e1bb szakemberek seg\u00edts\u00e9g\u00e9t&hellip;<\/p>\n","protected":false},"author":5,"featured_media":0,"comment_status":"closed","ping_status":"","sticky":false,"template":"","format":"standard","meta":{"footnotes":""},"categories":[8825],"tags":[8848,3377,8952,8819,9272],"class_list":["post-9804","post","type-post","status-publish","format-standard","hentry","category-home-and-garden","tag-gardening","tag-home-decor","tag-outdoor-living","tag-landscaping","tag-patio-design"],"_links":{"self":[{"href":"https:\/\/www.lifescienceart.com\/hu\/wp-json\/wp\/v2\/posts\/9804","targetHints":{"allow":["GET"]}}],"collection":[{"href":"https:\/\/www.lifescienceart.com\/hu\/wp-json\/wp\/v2\/posts"}],"about":[{"href":"https:\/\/www.lifescienceart.com\/hu\/wp-json\/wp\/v2\/types\/post"}],"author":[{"embeddable":true,"href":"https:\/\/www.lifescienceart.com\/hu\/wp-json\/wp\/v2\/users\/5"}],"replies":[{"embeddable":true,"href":"https:\/\/www.lifescienceart.com\/hu\/wp-json\/wp\/v2\/comments?post=9804"}],"version-history":[{"count":1,"href":"https:\/\/www.lifescienceart.com\/hu\/wp-json\/wp\/v2\/posts\/9804\/revisions"}],"predecessor-version":[{"id":9805,"href":"https:\/\/www.lifescienceart.com\/hu\/wp-json\/wp\/v2\/posts\/9804\/revisions\/9805"}],"wp:attachment":[{"href":"https:\/\/www.lifescienceart.com\/hu\/wp-json\/wp\/v2\/media?parent=9804"}],"wp:term":[{"taxonomy":"category","embeddable":true,"href":"https:\/\/www.lifescienceart.com\/hu\/wp-json\/wp\/v2\/categories?post=9804"},{"taxonomy":"post_tag","embeddable":true,"href":"https:\/\/www.lifescienceart.com\/hu\/wp-json\/wp\/v2\/tags?post=9804"}],"curies":[{"name":"wp","href":"https:\/\/api.w.org\/{rel}","templated":true}]}}