{"id":11425,"date":"2023-08-31T07:37:57","date_gmt":"2023-08-31T07:37:57","guid":{"rendered":"https:\/\/www.lifescienceart.com\/?p=11425"},"modified":"2023-08-31T07:37:57","modified_gmt":"2023-08-31T07:37:57","slug":"harry-washington-enslaved-mans-quest-for-freedom","status":"publish","type":"post","link":"https:\/\/www.lifescienceart.com\/pl\/uncategorized\/harry-washington-enslaved-mans-quest-for-freedom\/","title":{"rendered":"Harry Washington: D\u0105\u017cenie zniewolonego cz\u0142owieka do wolno\u015bci"},"content":{"rendered":"<h2 class=\"wp-block-heading\">Harry Washington: D\u0105\u017cenie zniewolonego cz\u0142owieka do wolno\u015bci<\/h2>\n\n<h2 class=\"wp-block-heading\">Ucieczka z niewoli<\/h2>\n\n<p>Harry Washington, zniewolony cz\u0142owiek na plantacji Mount Vernon nale\u017c\u0105cej do George\u2019a Washingtona, uciek\u0142 do wolno\u015bci w 1771 roku. Ponownie uciek\u0142 w 1776 roku, do\u0142\u0105czaj\u0105c do wojsk brytyjskich w ameryka\u0144skiej wojnie o niepodleg\u0142o\u015b\u0107.<\/p>\n\n<h2 class=\"wp-block-heading\">Emancypacja<\/h2>\n\n<p>W 1775 roku brytyjski gubernator John Murray wyda\u0142 proklamacj\u0119 oferuj\u0105c\u0105 wolno\u015b\u0107 zniewolonym ludziom, kt\u00f3rzy przy\u0142\u0105cz\u0105 si\u0119 do armii brytyjskiej. Harry skorzysta\u0142 z tej okazji, staj\u0105c si\u0119 jednym z ponad 20 000 samowyzwolonych ludzi, kt\u00f3rzy walczyli dla Brytyjczyk\u00f3w.<\/p>\n\n<h2 class=\"wp-block-heading\">Rola zniewolonych ludzi w wojnie<\/h2>\n\n<p>Mimo retoryki Patriot\u00f3w o wolno\u015bci, zniewoleni ludzie byli wykluczeni z Armii Kontynentalnej a\u017c do 1776 roku. Jednak czarni \u017co\u0142nierze odegrali znacz\u0105c\u0105 rol\u0119 w wojnie, bior\u0105c udzia\u0142 w wa\u017cnych bitwach, takich jak obl\u0119\u017cenie Yorktown.<\/p>\n\n<h2 class=\"wp-block-heading\">Traktat paryski<\/h2>\n\n<p>Traktat paryski (1783) zako\u0144czy\u0142 wojn\u0119 i stanowi\u0142 wycofanie wojsk brytyjskich bez zniewolonych ludzi. Jednak brytyjski genera\u0142 Guy Carleton zinterpretowa\u0142 to jako obejmuj\u0105ce r\u00f3wnie\u017c osoby samowyzwolone, kt\u00f3re zosta\u0142y wcze\u015bniej uwolnione.<\/p>\n\n<h2 class=\"wp-block-heading\">Ucieczka do Nowej Szkocji<\/h2>\n\n<p>Aby unikn\u0105\u0107 ponownego zniewolenia, Harry uciek\u0142 do Nowej Szkocji z Brytyjczykami w 1783 roku. Zosta\u0142 wymieniony w Ksi\u0119dze Murzyn\u00f3w jako 43-letni m\u0119\u017cczyzna, kt\u00f3ry uciek\u0142 z Waszyngtonu siedem lat wcze\u015bniej.<\/p>\n\n<h2 class=\"wp-block-heading\">Przesiedlenie do Sierra Leone<\/h2>\n\n<p>W obliczu ub\u00f3stwa i dyskryminacji w Nowej Szkocji, Harry i 1200 innych by\u0142ych niewolnik\u00f3w wyruszy\u0142o do Sierra Leone w 1792 roku. Kompania Sierra Leone obieca\u0142a r\u00f3wne prawa i w\u0142asno\u015b\u0107 ziemi, ale kolonia napotka\u0142a wyzwania i wprowadzi\u0142a uciskowe \u015brodki.<\/p>\n\n<h2 class=\"wp-block-heading\">Dziedzictwo Harry&#8217;ego<\/h2>\n\n<p>Historia Harry&#8217;ego Washingtona podkre\u015bla z\u0142o\u017cone do\u015bwiadczenia zniewolonych ludzi podczas i po ameryka\u0144skiej wojnie o niepodleg\u0142o\u015b\u0107. Sprzeciwi\u0142 si\u0119 granicom niewolnictwa i walczy\u0142 o wolno\u015b\u0107, kt\u00f3ra by\u0142a odmawiana jemu i innym.<\/p>\n\n<h2 class=\"wp-block-heading\">Sprzeczno\u015bci lojalistycznych uchod\u017ac\u00f3w<\/h2>\n\n<p>Harry Washington i inni lojalistyczni uchod\u017acy znale\u017ali si\u0119 w sieci sprzeczno\u015bci. Byli poddanymi brytyjskimi, kt\u00f3rzy popierali kr\u00f3la, ale sprzeciwiali si\u0119 r\u00f3wnie\u017c w\u0142adzy cesarskiej. Byli Amerykanami, kt\u00f3rzy odrzucili republik\u0119, ale p\u00f3\u017aniej powr\u00f3cili do Stan\u00f3w Zjednoczonych po wojnie w 1812 roku.<\/p>\n\n<h2 class=\"wp-block-heading\">Znaczenie wolno\u015bci<\/h2>\n\n<p>D\u0105\u017cenie Harry&#8217;ego Washingtona do wolno\u015bci przez ca\u0142e \u017cycie pokazuje trwa\u0142\u0105 warto\u015b\u0107 wolno\u015bci. Zaryzykowa\u0142 wszystko, aby uciec z niewoli i \u017cy\u0107 jako wolny cz\u0142owiek, cel dzielony przez niezliczone zniewolone osoby w ca\u0142ej historii.<\/p>","protected":false},"excerpt":{"rendered":"<p>Harry Washington: D\u0105\u017cenie zniewolonego cz\u0142owieka do wolno\u015bci Ucieczka z niewoli Harry Washington, zniewolony cz\u0142owiek na plantacji Mount Vernon nale\u017c\u0105cej do George\u2019a Washingtona, uciek\u0142 do wolno\u015bci w 1771 roku. Ponownie uciek\u0142&hellip;<\/p>\n","protected":false},"author":1,"featured_media":0,"comment_status":"closed","ping_status":"closed","sticky":false,"template":"","format":"standard","meta":{"footnotes":""},"categories":[1],"tags":[8305,1434,19,15473,765,313,3065,15472,3960],"class_list":["post-11425","post","type-post","status-publish","format-standard","hentry","category-uncategorized","tag-emancipation","tag-black-history","tag-american-history","tag-loyalists","tag-slavery","tag-revolutionary-war","tag-freedom","tag-liberty","tag-enslavement"],"_links":{"self":[{"href":"https:\/\/www.lifescienceart.com\/pl\/wp-json\/wp\/v2\/posts\/11425","targetHints":{"allow":["GET"]}}],"collection":[{"href":"https:\/\/www.lifescienceart.com\/pl\/wp-json\/wp\/v2\/posts"}],"about":[{"href":"https:\/\/www.lifescienceart.com\/pl\/wp-json\/wp\/v2\/types\/post"}],"author":[{"embeddable":true,"href":"https:\/\/www.lifescienceart.com\/pl\/wp-json\/wp\/v2\/users\/1"}],"replies":[{"embeddable":true,"href":"https:\/\/www.lifescienceart.com\/pl\/wp-json\/wp\/v2\/comments?post=11425"}],"version-history":[{"count":1,"href":"https:\/\/www.lifescienceart.com\/pl\/wp-json\/wp\/v2\/posts\/11425\/revisions"}],"predecessor-version":[{"id":11426,"href":"https:\/\/www.lifescienceart.com\/pl\/wp-json\/wp\/v2\/posts\/11425\/revisions\/11426"}],"wp:attachment":[{"href":"https:\/\/www.lifescienceart.com\/pl\/wp-json\/wp\/v2\/media?parent=11425"}],"wp:term":[{"taxonomy":"category","embeddable":true,"href":"https:\/\/www.lifescienceart.com\/pl\/wp-json\/wp\/v2\/categories?post=11425"},{"taxonomy":"post_tag","embeddable":true,"href":"https:\/\/www.lifescienceart.com\/pl\/wp-json\/wp\/v2\/tags?post=11425"}],"curies":[{"name":"wp","href":"https:\/\/api.w.org\/{rel}","templated":true}]}}