{"id":13943,"date":"2020-03-18T15:10:04","date_gmt":"2020-03-18T15:10:04","guid":{"rendered":"https:\/\/www.lifescienceart.com\/?p=13943"},"modified":"2020-03-18T15:10:04","modified_gmt":"2020-03-18T15:10:04","slug":"urban-design-key-factor-protest-movements","status":"publish","type":"post","link":"https:\/\/www.lifescienceart.com\/pl\/life\/social-issues\/urban-design-key-factor-protest-movements\/","title":{"rendered":"Projektowanie miast a ruchy protestacyjne: kluczowy czynnik"},"content":{"rendered":"<h2 class=\"wp-block-heading\">Urbanistyka: Kluczowy czynnik w ruchach protestacyjnych<\/h2>\n\n<h2 class=\"wp-block-heading\">Wp\u0142yw urbanistyki<\/h2>\n\n<p>Uk\u0142ad i projekt miast mo\u017ce mie\u0107 znacz\u0105cy wp\u0142yw na zdolno\u015b\u0107 obywateli do protestowania i wyra\u017cania swoich pogl\u0105d\u00f3w. Wynika to z faktu, \u017ce urbanistyka mo\u017ce wp\u0142ywa\u0107 na takie czynniki jak dost\u0119pno\u015b\u0107, widoczno\u015b\u0107 i bezpiecze\u0144stwo.<\/p>\n\n<p>W miastach o przyjaznej dla protest\u00f3w infrastrukturze, takich jak Ateny w Grecji, protestuj\u0105cy maj\u0105 dost\u0119p do szerokich bulwar\u00f3w i du\u017cych plac\u00f3w, kt\u00f3re zapewniaj\u0105 wystarczaj\u0105co du\u017co miejsca na zgromadzenia. U\u0142atwia im to organizowanie si\u0119, maszerowanie oraz bycie widzianym i s\u0142yszanym przez opini\u0119 publiczn\u0105.<\/p>\n\n<p>Natomiast w miastach o mniej przyjaznej dla protest\u00f3w infrastrukturze, takich jak Los Angeles w Kalifornii, protestuj\u0105cym mo\u017ce by\u0107 trudniej si\u0119 zbiera\u0107 i skutecznie demonstrowa\u0107. Wynika to z faktu, \u017ce w takich miastach cz\u0119sto brakuje centralnych punkt\u00f3w zgromadze\u0144, a ich rozleg\u0142y uk\u0142ad utrudnia protestuj\u0105cym dotarcie do miejsc docelowych.<\/p>\n\n<h2 class=\"wp-block-heading\">Geograficzne cechy miast przyjaznych protestom<\/h2>\n\n<p>Niekt\u00f3re cechy geograficzne mog\u0105 r\u00f3wnie\u017c sprawia\u0107, \u017ce miasta s\u0105 mniej lub bardziej odpowiednie do organizowania protest\u00f3w. Na przyk\u0142ad w miastach o du\u017cej g\u0119sto\u015bci zaludnienia zazwyczaj znajduje si\u0119 wi\u0119cej przestrzeni publicznych i mniej barier utrudniaj\u0105cych przemieszczanie si\u0119, co u\u0142atwia protestuj\u0105cym gromadzenie si\u0119 i przemieszczanie.<\/p>\n\n<p>Miasta o zwartej zabudowie, takie jak Kair w Egipcie, r\u00f3wnie\u017c s\u0105 zazwyczaj bardziej przyjazne protestom, poniewa\u017c pozwalaj\u0105 protestuj\u0105cym \u0142atwiej i szybciej dociera\u0107 do miejsc docelowych. W przeciwie\u0144stwie do nich w miastach o rozproszonej zabudowie, takich jak Phoenix w Arizonie, protestuj\u0105cym mo\u017ce by\u0107 trudniej gromadzi\u0107 si\u0119 w du\u017cych grupach.<\/p>\n\n<h2 class=\"wp-block-heading\">Jak urbanistyka mo\u017ce u\u0142atwia\u0107 lub utrudnia\u0107 demonstracje<\/h2>\n\n<p>Urbanistyki mo\u017cna u\u017cywa\u0107 zar\u00f3wno do u\u0142atwiania, jak i utrudniania protest\u00f3w. Na przyk\u0142ad miasta mog\u0105 tworzy\u0107 wyznaczone strefy protestacyjne lub zapewnia\u0107 inne przestrzenie przeznaczone specjalnie na demonstracje. Mo\u017ce to pom\u00f3c w zapewnieniu bezpiecze\u0144stwa i porz\u0105dku podczas protest\u00f3w.<\/p>\n\n<p>Jednak miasta mog\u0105 r\u00f3wnie\u017c wykorzystywa\u0107 urbanistyk\u0119, aby utrudni\u0107 protestuj\u0105cym zbieranie si\u0119 i demonstrowanie. Na przyk\u0142ad mog\u0105 instalowa\u0107 bariery lub ogrodzenia wok\u00f3\u0142 budynk\u00f3w rz\u0105dowych lub innych wra\u017cliwych obszar\u00f3w. Mog\u0105 r\u00f3wnie\u017c ograniczy\u0107 dost\u0119p do przestrzeni publicznych lub wprowadzi\u0107 godziny policyjne.<\/p>\n\n<h2 class=\"wp-block-heading\">Wp\u0142yw ogranicze\u0144 przestrzeni publicznej na protesty<\/h2>\n\n<p>Ograniczenia przestrzeni publicznej mog\u0105 mie\u0107 znaczny wp\u0142yw na zdolno\u015b\u0107 obywateli do protestowania. Wynika to z faktu, \u017ce przestrze\u0144 publiczna jest niezb\u0119dna dla protestuj\u0105cych do gromadzenia si\u0119, organizowania i wyra\u017cania swoich pogl\u0105d\u00f3w.<\/p>\n\n<p>W miastach, w kt\u00f3rych przestrze\u0144 publiczna jest ograniczona lub silnie ograniczona, protestuj\u0105cym mo\u017ce by\u0107 trudno znale\u017a\u0107 miejsce na spotkania i demonstracje. Mo\u017ce to u\u0142atwi\u0107 w\u0142adzom rozpraszanie lub t\u0142umienie protest\u00f3w.<\/p>\n\n<h2 class=\"wp-block-heading\">Sukces rewolucji arabskiej wiosny w Kairze<\/h2>\n\n<p>Sukces rewolucji arabskiej wiosny w Kairze w Egipcie mo\u017cna cz\u0119\u015bciowo przypisa\u0107 stosunkowo niewielkim rozmiarom i du\u017cej g\u0119sto\u015bci zaludnienia miasta. U\u0142atwi\u0142o to protestuj\u0105cym gromadzenie si\u0119 w du\u017cych grupach i szybkie i \u0142atwe dotarcie do miejsc docelowych.<\/p>\n\n<p>Obecno\u015b\u0107 placu Tahrir, du\u017cego centralnego placu, r\u00f3wnie\u017c odegra\u0142a kluczow\u0105 rol\u0119 w sukcesie protest\u00f3w. Plac ten stanowi\u0142 punkt centralny dla protestuj\u0105cych i umo\u017cliwia\u0142 im gromadzenie si\u0119 w du\u017cych grupach bez rozpraszania przez si\u0142y bezpiecze\u0144stwa.<\/p>\n\n<h2 class=\"wp-block-heading\">Topografia miejska jako czynnik wp\u0142ywaj\u0105cy na skuteczno\u015b\u0107 protest\u00f3w<\/h2>\n\n<p>Topografia miasta mo\u017ce r\u00f3wnie\u017c wp\u0142ywa\u0107 na skuteczno\u015b\u0107 protest\u00f3w. Na przyk\u0142ad w miastach o stromych wzg\u00f3rzach lub w\u0105skich uliczkach protestuj\u0105cym mo\u017ce by\u0107 trudniej si\u0119 przemieszcza\u0107 i zbiera\u0107 w du\u017cych grupach.<\/p>\n\n<p>Natomiast w miastach o p\u0142askim terenie i szerokich ulicach protestuj\u0105cym mo\u017ce by\u0107 \u0142atwiej si\u0119 zbiera\u0107 i maszerowa\u0107. Mo\u017ce to zwi\u0119kszy\u0107 widoczno\u015b\u0107 i skuteczno\u015b\u0107 ich demonstracji.<\/p>\n\n<h2 class=\"wp-block-heading\">Miasta odporne na protesty dzi\u0119ki urbanistyce<\/h2>\n\n<p>Niekt\u00f3re miasta podj\u0119\u0142y kroki, aby uczyni\u0107 si\u0119 bardziej odpornymi na protesty dzi\u0119ki urbanistyce. Na przyk\u0142ad zainstalowa\u0142y bariery lub ogrodzenia wok\u00f3\u0142 budynk\u00f3w rz\u0105dowych i innych wra\u017cliwych obszar\u00f3w. Ograniczy\u0142y r\u00f3wnie\u017c dost\u0119p do przestrzeni publicznych lub wprowadzi\u0142y godziny policyjne.<\/p>\n\n<p>Jednak \u015brodki te mog\u0105 by\u0107 kontrowersyjne i nie zawsze skutecznie zapobiegaj\u0105 protestom. W niekt\u00f3rych przypadkach mog\u0105 wr\u0119cz utrudnia\u0107 protestuj\u0105cym korzystanie z prawa do pokojowych zgromadze\u0144.<\/p>\n\n<h2 class=\"wp-block-heading\">Przekszta\u0142canie tradycyjnych punkt\u00f3w zgromadze\u0144 w celu uniemo\u017cliwienia gromadzenia si\u0119 du\u017cych t\u0142um\u00f3w<\/h2>\n\n<p>W ostatnich latach wiele miast przekszta\u0142ci\u0142o tradycyjne punkty zgromadze\u0144, aby utrudni\u0107 gromadzenie si\u0119 du\u017cych t\u0142um\u00f3w. Na przyk\u0142ad zainstalowano wok\u00f3\u0142 tych obszar\u00f3w bariery lub ogrodzenia lub ograniczono dost\u0119p do nich.<\/p>\n\n<p>Utrudni\u0142o to protestuj\u0105cym organizowanie si\u0119 i demonstrowanie w tych obszarach. Jednak nie powstrzyma\u0142o to protest\u00f3w. Protestuj\u0105cy po prostu znale\u017ali inne sposoby na gromadzenie si\u0119 i wyra\u017canie swoich pogl\u0105d\u00f3w.<\/p>\n\n<h2 class=\"wp-block-heading\">Znaczenie widoczno\u015bci w ruchach protestacyjnych<\/h2>\n\n<p>Widoczno\u015b\u0107 ma zasadnicze znaczenie dla ruch\u00f3w protestacyjnych. Wynika to z faktu, \u017ce pozwala protestuj\u0105cym by\u0107 widzianym i s\u0142yszanym przez opini\u0119 publiczn\u0105 oraz decydent\u00f3w.<\/p>\n\n<p>Protestuj\u0105cy mog\u0105 wykorzystywa\u0107 r\u00f3\u017cne taktyki, aby zwi\u0119kszy\u0107 swoj\u0105 widoczno\u015b\u0107, takie jak maszerowanie ulicami, organizowanie wiec\u00f3w w miejscach publicznych oraz wykorzystywanie medi\u00f3w spo\u0142eczno\u015bciowych do rozpowszechniania swojego przes\u0142ania.<\/p>\n\n<h2 class=\"wp-block-heading\">Powstawanie nowych symbolicznych miejsc protest\u00f3w<\/h2>\n\n<p>W ostatnich latach protestuj\u0105cy zacz\u0119li gromadzi\u0107 si\u0119 w nowych symbolicznych miejscach. Na przyk\u0142ad w Minneapolis w stanie Minnesota protestuj\u0105cy cz\u0119sto gromadzili si\u0119 w pobli\u017cu miejsca, w kt\u00f3rym zgin\u0105\u0142 George Floyd.<\/p>\n\n<p>Te nowe symboliczne miejsca stanowi\u0105 dla protestuj\u0105cych punkt centralny dla ich demonstracji i pomagaj\u0105 zwi\u0119kszy\u0107 ich widoczno\u015b\u0107.<\/p>\n\n<h2 class=\"wp-block-heading\">Ponowne o\u017cywienie roli przestrzeni publicznej w protestach<\/h2>\n\n<p>Po dekadach upadku przestrze\u0144 publiczna ponownie odgrywa kluczow\u0105 rol\u0119 w ruchach protestacyjnych. Wynika to z faktu, \u017ce przestrze\u0144 publiczna zapewnia obywatelom miejsce do gromadzenia si\u0119, organizowania i wyra\u017cania swoich pogl\u0105d\u00f3w.<\/p>\n\n<p>Pandemia i p\u00f3\u017aniejsze blokady jedynie wzmocni\u0142y znaczenie przestrzeni publicznej. Ludzie s\u0105 bardziej ni\u017c kiedykolwiek \u015bwiadomi potrzeby istnienia miejsc, w kt\u00f3rych mog\u0105 si\u0119 spotyka\u0107 i \u0142\u0105czy\u0107 ze sob\u0105.<\/p>\n\n<p>W zwi\u0105zku z tym przestrze\u0144 publiczna b\u0119dzie prawdopodobnie nadal odgrywa\u0107 kluczow\u0105 rol\u0119 w ruchach protestacyjnych przez wiele lat.<\/p>","protected":false},"excerpt":{"rendered":"<p>Urbanistyka: Kluczowy czynnik w ruchach protestacyjnych Wp\u0142yw urbanistyki Uk\u0142ad i projekt miast mo\u017ce mie\u0107 znacz\u0105cy wp\u0142yw na zdolno\u015b\u0107 obywateli do protestowania i wyra\u017cania swoich pogl\u0105d\u00f3w. Wynika to z faktu, \u017ce&hellip;<\/p>\n","protected":false},"author":1,"featured_media":0,"comment_status":"closed","ping_status":"closed","sticky":false,"template":"","format":"standard","meta":{"footnotes":""},"categories":[921],"tags":[1368,7412,18765,18764,495],"class_list":["post-13943","post","type-post","status-publish","format-standard","hentry","category-social-issues","tag-activism","tag-city-planning","tag-public-space","tag-protest-movements","tag-urban-design"],"_links":{"self":[{"href":"https:\/\/www.lifescienceart.com\/pl\/wp-json\/wp\/v2\/posts\/13943","targetHints":{"allow":["GET"]}}],"collection":[{"href":"https:\/\/www.lifescienceart.com\/pl\/wp-json\/wp\/v2\/posts"}],"about":[{"href":"https:\/\/www.lifescienceart.com\/pl\/wp-json\/wp\/v2\/types\/post"}],"author":[{"embeddable":true,"href":"https:\/\/www.lifescienceart.com\/pl\/wp-json\/wp\/v2\/users\/1"}],"replies":[{"embeddable":true,"href":"https:\/\/www.lifescienceart.com\/pl\/wp-json\/wp\/v2\/comments?post=13943"}],"version-history":[{"count":1,"href":"https:\/\/www.lifescienceart.com\/pl\/wp-json\/wp\/v2\/posts\/13943\/revisions"}],"predecessor-version":[{"id":13944,"href":"https:\/\/www.lifescienceart.com\/pl\/wp-json\/wp\/v2\/posts\/13943\/revisions\/13944"}],"wp:attachment":[{"href":"https:\/\/www.lifescienceart.com\/pl\/wp-json\/wp\/v2\/media?parent=13943"}],"wp:term":[{"taxonomy":"category","embeddable":true,"href":"https:\/\/www.lifescienceart.com\/pl\/wp-json\/wp\/v2\/categories?post=13943"},{"taxonomy":"post_tag","embeddable":true,"href":"https:\/\/www.lifescienceart.com\/pl\/wp-json\/wp\/v2\/tags?post=13943"}],"curies":[{"name":"wp","href":"https:\/\/api.w.org\/{rel}","templated":true}]}}